{"id":632634,"date":"2023-11-17T15:35:01","date_gmt":"2023-11-17T14:35:01","guid":{"rendered":"https:\/\/www.hashtag.al\/?p=632634"},"modified":"2023-11-17T15:35:34","modified_gmt":"2023-11-17T14:35:34","slug":"berisha-pas-mbledhjes-ne-kryesi-deputetet-e-opozites-jane-te-vendosur-ne-kete-beteja-pa-kthim-gjer-ne-fitoren-e-tyre","status":"publish","type":"post","link":"https:\/\/www.hashtag.al\/index.php\/2023\/11\/17\/berisha-pas-mbledhjes-ne-kryesi-deputetet-e-opozites-jane-te-vendosur-ne-kete-beteja-pa-kthim-gjer-ne-fitoren-e-tyre\/","title":{"rendered":"Berisha pas mbledhjes n\u00eb Kryesi: Deputet\u00ebt e opozit\u00ebs jan\u00eb t\u00eb vendosur n\u00eb k\u00ebt\u00eb betej\u00eb pa kthim deri n\u00eb fitoren e tyre","gt_translate_keys":[{"key":"rendered","format":"text"}]},"content":{"rendered":"<p><span style=\"color: #000000;\"><a href=\"https:\/\/www.hashtag.al\/wp-content\/uploads\/2023\/11\/berisha-1.jpeg\"><img loading=\"lazy\" decoding=\"async\" class=\"aligncenter size-full wp-image-632011\" src=\"https:\/\/www.hashtag.al\/wp-content\/uploads\/2023\/11\/berisha-1.jpeg\" alt=\"\" width=\"1600\" height=\"1066\" srcset=\"https:\/\/www.hashtag.al\/wp-content\/uploads\/2023\/11\/berisha-1.jpeg 1600w, https:\/\/www.hashtag.al\/wp-content\/uploads\/2023\/11\/berisha-1-300x200.jpeg 300w, https:\/\/www.hashtag.al\/wp-content\/uploads\/2023\/11\/berisha-1-1024x682.jpeg 1024w, https:\/\/www.hashtag.al\/wp-content\/uploads\/2023\/11\/berisha-1-768x512.jpeg 768w, https:\/\/www.hashtag.al\/wp-content\/uploads\/2023\/11\/berisha-1-1536x1023.jpeg 1536w\" sizes=\"auto, (max-width: 1600px) 100vw, 1600px\" \/><\/a><\/span><\/p>\n<p><span style=\"color: #000000;\">Ish-kryeministri Sali Berisha pas p\u00ebrfundimit t\u00eb takimit t\u00eb grupit t\u00eb deputet\u00ebve, deklaroi se aksioni i opozit\u00ebs vazhdon pa kthim deri n\u00eb fitore.<\/span><\/p>\n<p><span style=\"color: #000000;\">Berisha tha se Ligjet, rezolutat, amendamentet e opozit\u00ebs, duhet t\u00eb p\u00ebrcillen n\u00eb p\u00ebrputhje me procedur\u00ebn parlamentare.<\/span><\/p>\n<p><span style=\"color: #000000;\"><em>\u201cVazhdimi i betej\u00ebs pa kthim t\u00eb deputet\u00ebve t\u00eb opozit\u00ebs. Parlamenti \u00ebsht\u00eb shnd\u00ebrruar n\u00eb nj\u00eb aneks t\u00eb Surrelit, ka humbur \u00e7do funksion si tempull i demokracis\u00eb s\u00eb Shqip\u00ebris\u00eb, ndaj dhe deputet\u00ebt e opozit\u00ebs, n\u00eb em\u00ebr t\u00eb popullit opozitar, qytetar\u00ebve q\u00eb besojn\u00eb tek vlerat e demokracis\u00eb, q\u00eb konsiderojn\u00eb pluralizmin motorrin kryesor t\u00eb saj, q\u00eb besojn\u00eb se ministrat, pushtetar\u00ebt dhe cilido duhet t\u00eb hetohen nga Komisionet Parlamentare me transparenc\u00eb, duhet t\u00eb pasqyrohen e gjith\u00eb veprimtaria ligjore, apo antiligjore, kushtetuese apo antikushtetuese e tyre.<\/em><\/span><\/p>\n<p><span style=\"color: #000000;\"><em>Nj\u00eb nen me r\u00ebnd\u00ebsi kapitale n\u00eb Kushtetut\u00eb duhet t\u00eb respektohet. Ligjet, rezolutat, amendamentet e opozit\u00ebs, duhet t\u00eb p\u00ebrcillen n\u00eb p\u00ebrputhje me procedur\u00ebn parlamentare. Sikund\u00ebr kurr\u00eb ndonj\u00ebher\u00eb qeveria nuk mund t\u00eb mendoj\u00eb t\u00eb caktoj\u00eb p\u00ebrfaq\u00ebsuesit e opozit\u00ebs n\u00eb Komisionet Parlamentare.<\/em><\/span><\/p>\n<p><span style=\"color: #000000;\"><em>K\u00ebto jan\u00eb k\u00ebrkesat m\u00eb themelore p\u00ebr t\u00eb cilat deputet\u00ebt e opozit\u00ebs jan\u00eb t\u00eb vendosur n\u00eb k\u00ebt\u00eb beteja pa kthim gjer n\u00eb fitoren e tyre\u201d,<\/em> tha Berisha.<\/span><\/p>\n","protected":false,"gt_translate_keys":[{"key":"rendered","format":"html"}]},"excerpt":{"rendered":"<p>Ish-kryeministri Sali Berisha pas p\u00ebrfundimit t\u00eb takimit t\u00eb grupit t\u00eb deputet\u00ebve, deklaroi se aksioni i opozit\u00ebs vazhdon pa kthim deri n\u00eb fitore. Berisha tha se Ligjet, rezolutat, amendamentet e opozit\u00ebs, duhet t\u00eb p\u00ebrcillen n\u00eb p\u00ebrputhje me procedur\u00ebn parlamentare. \u201cVazhdimi i betej\u00ebs pa kthim t\u00eb deputet\u00ebve t\u00eb opozit\u00ebs. Parlamenti \u00ebsht\u00eb shnd\u00ebrruar n\u00eb nj\u00eb aneks t\u00eb Surrelit, [&hellip;]<\/p>\n","protected":false,"gt_translate_keys":[{"key":"rendered","format":"html"}]},"author":30,"featured_media":632011,"comment_status":"closed","ping_status":"closed","sticky":false,"template":"","format":"standard","meta":{"footnotes":""},"categories":[65],"tags":[],"class_list":["post-632634","post","type-post","status-publish","format-standard","has-post-thumbnail","hentry","category-lajme"],"gt_translate_keys":[{"key":"link","format":"url"}],"_links":{"self":[{"href":"https:\/\/www.hashtag.al\/index.php\/wp-json\/wp\/v2\/posts\/632634","targetHints":{"allow":["GET"]}}],"collection":[{"href":"https:\/\/www.hashtag.al\/index.php\/wp-json\/wp\/v2\/posts"}],"about":[{"href":"https:\/\/www.hashtag.al\/index.php\/wp-json\/wp\/v2\/types\/post"}],"author":[{"embeddable":true,"href":"https:\/\/www.hashtag.al\/index.php\/wp-json\/wp\/v2\/users\/30"}],"replies":[{"embeddable":true,"href":"https:\/\/www.hashtag.al\/index.php\/wp-json\/wp\/v2\/comments?post=632634"}],"version-history":[{"count":0,"href":"https:\/\/www.hashtag.al\/index.php\/wp-json\/wp\/v2\/posts\/632634\/revisions"}],"wp:featuredmedia":[{"embeddable":true,"href":"https:\/\/www.hashtag.al\/index.php\/wp-json\/wp\/v2\/media\/632011"}],"wp:attachment":[{"href":"https:\/\/www.hashtag.al\/index.php\/wp-json\/wp\/v2\/media?parent=632634"}],"wp:term":[{"taxonomy":"category","embeddable":true,"href":"https:\/\/www.hashtag.al\/index.php\/wp-json\/wp\/v2\/categories?post=632634"},{"taxonomy":"post_tag","embeddable":true,"href":"https:\/\/www.hashtag.al\/index.php\/wp-json\/wp\/v2\/tags?post=632634"}],"curies":[{"name":"wp","href":"https:\/\/api.w.org\/{rel}","templated":true}]}}