{"id":632626,"date":"2023-11-17T17:39:09","date_gmt":"2023-11-17T16:39:09","guid":{"rendered":"https:\/\/www.hashtag.al\/?p=632626"},"modified":"2023-11-17T17:39:09","modified_gmt":"2023-11-17T16:39:09","slug":"artistja-ruse-qe-protestoi-kunder-luftes-ne-ukraine-denohet-me-7-vjet-burg","status":"publish","type":"post","link":"https:\/\/www.hashtag.al\/index.php\/2023\/11\/17\/artistja-ruse-qe-protestoi-kunder-luftes-ne-ukraine-denohet-me-7-vjet-burg\/","title":{"rendered":"Artistja ruse q\u00eb protestoi kund\u00ebr luft\u00ebs n\u00eb Ukrain\u00eb d\u00ebnohet me 7 vjet burg","gt_translate_keys":[{"key":"rendered","format":"text"}]},"content":{"rendered":"<p><span style=\"color: #000000;\"><a href=\"https:\/\/www.hashtag.al\/wp-content\/uploads\/2023\/11\/Screenshot-2023-11-17-150648.png\"><img loading=\"lazy\" decoding=\"async\" class=\"aligncenter size-full wp-image-632628\" src=\"https:\/\/www.hashtag.al\/wp-content\/uploads\/2023\/11\/Screenshot-2023-11-17-150648.png\" alt=\"\" width=\"1217\" height=\"712\" srcset=\"https:\/\/www.hashtag.al\/wp-content\/uploads\/2023\/11\/Screenshot-2023-11-17-150648.png 1217w, https:\/\/www.hashtag.al\/wp-content\/uploads\/2023\/11\/Screenshot-2023-11-17-150648-300x176.png 300w, https:\/\/www.hashtag.al\/wp-content\/uploads\/2023\/11\/Screenshot-2023-11-17-150648-1024x599.png 1024w, https:\/\/www.hashtag.al\/wp-content\/uploads\/2023\/11\/Screenshot-2023-11-17-150648-768x449.png 768w, https:\/\/www.hashtag.al\/wp-content\/uploads\/2023\/11\/Screenshot-2023-11-17-150648-250x145.png 250w\" sizes=\"auto, (max-width: 1217px) 100vw, 1217px\" \/><\/a><\/span><\/p>\n<p><span style=\"color: #000000;\">Nj\u00eb gjykat\u00eb ruse d\u00ebnoi t\u00eb enjten me shtat\u00eb vjet burg nj\u00eb artiste dhe muzikante pasi kishte z\u00ebvend\u00ebsuar etiketa \u00e7mimesh t\u00eb dyqaneve me etiketa t\u00eb reja ku ishin t\u00eb shkruara mesazhe kund\u00ebr luft\u00ebs n\u00eb Ukrain\u00eb. Ky \u00ebsht\u00eb nj\u00eb nga rastet e fundit t\u00eb goditjes ndaj fjal\u00ebs s\u00eb lir\u00eb n\u00eb Rusi<\/span><\/p>\n<p><span style=\"color: #000000;\">Sasha Skochilenko u arrestua n\u00eb vendlindjen e saj n\u00eb Sh\u00ebn Peterburg n\u00eb prill t\u00eb vitit 2022 dhe u akuzua p\u00ebr p\u00ebrhapjen e informacionit t\u00eb rrem\u00eb p\u00ebr ushtrin\u00eb.<\/span><\/p>\n<p><span style=\"color: #000000;\"><em>\u201cUshtria ruse bombardoi nj\u00eb shkoll\u00eb arti n\u00eb Mariupol. Rreth 400 njer\u00ebz ishin strehuar aty p\u00ebr t\u2019iu shp\u00ebtuar bombardimeve<\/em>\u201d shkruante n\u00eb nj\u00ebren nga etiketat. Nj\u00eb tjet\u00ebr mesazh ishte: \u201c<em>Rekrut\u00ebt rus\u00eb po d\u00ebrgohen n\u00eb Ukrain\u00eb. Jeta e f\u00ebmij\u00ebve tan\u00eb \u00ebsht\u00eb \u00e7mimi i k\u00ebsaj lufte.\u201d<\/em><\/span><\/p>\n<p><span style=\"color: #000000;\">Nj\u00eb kliente n\u00eb supermarket q\u00eb gjeti sloganet i raportoi ato tek autoritetet.<\/span><\/p>\n<p><span style=\"color: #000000;\">Arrestimi i zonj\u00ebs Skochilenko u b\u00eb rreth nj\u00eb muaj pasi autoritetet miratuan nj\u00eb ligj q\u00eb lejon ndjekjen penale kund\u00ebr \u00e7do shprehjeje publike p\u00ebr luft\u00ebn, q\u00eb devijon nga linja zyrtare e Kremlinit.<\/span><\/p>\n<p><span style=\"color: #000000;\">Ligji \u00ebsht\u00eb p\u00ebrdorur p\u00ebr t\u00eb goditur politikan\u00ebt e opozit\u00ebs, aktivist\u00ebt e t\u00eb drejtave t\u00eb njeriut dhe qytetar\u00ebt e thjesht\u00eb, q\u00eb ishin kritik\u00eb ndaj Kremlinit, ku shum\u00eb prej tyre jan\u00eb d\u00ebnuar me burgime t\u00eb gjata.<\/span><\/p>\n<p><span style=\"color: #000000;\">Zonja Skochilenko, 33 vje\u00e7, nuk e ka mohuar shpr\u00ebndarjen e mesazheve, por hodhi posht\u00eb akuzat p\u00ebr p\u00ebrhapjen e informacionit me vet\u00ebdije t\u00eb rrem\u00eb.<\/span><\/p>\n<p><span style=\"color: #000000;\"><em>\u201cAjo nuk kishte q\u00ebllim t\u00eb ofendonte ushtrin\u00eb, por donte t\u00eb ndalonte luftimet<\/em>\u201d, tha avokatja e saj Yana Nepovinnova p\u00ebr agjencin\u00eb e lajmeve \u2018Associated Press\u2019 jav\u00ebn e kaluar.<\/span><\/p>\n<p><span style=\"color: #000000;\"><em>\u201cAjo \u00ebsht\u00eb nj\u00eb person shum\u00eb paqedash\u00ebs. P\u00ebr t\u00eb, n\u00eb p\u00ebrgjith\u00ebsi, fjala \u2018luft\u00eb\u2019 \u00ebsht\u00eb gj\u00ebja m\u00eb e tmerrshme q\u00eb mund t\u00eb imagjinohet, si\u00e7 \u00ebsht\u00eb vuajtja e njer\u00ebzve<\/em>\u201d, shtoi zonja Nepovinnova.<\/span><\/p>\n<p><span style=\"color: #000000;\">Faqja e pavarur ruse e lajmeve \u2018Mediazona\u2019 citoi t\u00eb enjten zonj\u00ebn Skochilenko t\u00eb ket\u00eb th\u00ebn\u00eb n\u00eb deklarat\u00ebn e saj p\u00ebrfundimtare n\u00eb gjykat\u00eb, se \u00e7\u00ebshtja kund\u00ebr saj ishte \u201ce \u00e7uditshme dhe qesharake\u201d, aq sa zyrtar\u00ebt n\u00eb objektin ku ajo po mbahet e ndaluar \u2018hapin syt\u00eb dhe pyesin: \u201c<em>V\u00ebrtet\u00eb p\u00ebr k\u00ebt\u00eb po burgosen njer\u00ebzit tani?\u2019\u201d<\/em><\/span><\/p>\n<p><span style=\"color: #000000;\">Ajo gjithashtu tha se nj\u00eb hetues q\u00eb punonte n\u00eb \u00e7\u00ebshtjen e saj madje dha dor\u00ebheqje, duke i th\u00ebn\u00eb nj\u00eb prej avokat\u00ebve t\u00eb saj se ai \u201c<em>nuk u bashkua me Komisionin Hetues p\u00ebr t\u00eb punuar n\u00eb \u00e7\u00ebshtje si (ajo) kund\u00ebr Sasha Skochilenkos\u201d.<\/em><\/span><\/p>\n<p><span style=\"color: #000000;\">Duke iu drejtuar gjyqtarit n\u00eb nj\u00eb sall\u00eb gjyqi t\u00eb mbushur plot me mb\u00ebshtet\u00ebs, zonja Skochilenko tha: <em>\u201cT\u00eb gjith\u00eb e shohin dhe e din\u00eb se nuk \u00ebsht\u00eb nj\u00eb terrorist q\u00eb po gjykoni. Ju nuk po gjykoni nj\u00eb ekstremist. Ju nuk po gjykoni as nj\u00eb aktivist politik. Ju po gjykoni nj\u00eb pacifist.\u201d<\/em><\/span><\/p>\n<p><span style=\"color: #000000;\">Mb\u00ebshtet\u00ebsit e saj duartrokit\u00ebn, raportoi \u2018Mediazona\u2019, duke shtuar se pasi u shpall vendimi dhe pasi u largua zonja Skochilenko, ata u mblodh\u00ebn n\u00eb nj\u00eb korridor, duke brohoritur emrin e saj.<\/span><\/p>\n<p><span style=\"color: #000000;\">Zonja Skochilenko \u00ebsht\u00eb mbajtur n\u00eb paraburgim p\u00ebr gati 19 muaj p\u00ebrpara gjyqit t\u00eb saj, q\u00eb do t\u00eb thot\u00eb se d\u00ebnimi i saj i p\u00ebrgjithsh\u00ebm do t\u00eb zvog\u00eblohet me m\u00eb shum\u00eb se dy vjet, pasi \u00e7do dit\u00eb e vuajtur n\u00eb nj\u00eb qend\u00ebr paraburgimi llogaritet si 1.5 dit\u00eb koh\u00eb t\u00eb vuajtur n\u00eb nj\u00eb burg t\u00eb rregullt.<\/span><\/p>\n<p><span style=\"color: #000000;\">Por ajo \u00ebsht\u00eb p\u00ebrballur me probleme gjat\u00eb koh\u00ebs q\u00eb ishte n\u00eb paraburgim p\u00ebr arsye sh\u00ebndet\u00ebsore, duke p\u00ebrfshir\u00eb nj\u00eb defekt n\u00eb zem\u00ebr nga lindja, \u00e7rregullim bipolar dhe nj\u00eb s\u00ebmundje q\u00eb e detyron t\u00eb jetoj\u00eb vet\u00ebm me diet\u00eb pa gluten, kan\u00eb th\u00ebn\u00eb avokat\u00ebt dhe partneri i saj.<\/span><\/p>\n<p><span style=\"color: #000000;\"><em>\u201cNd\u00ebrsa ajo mbahej n\u00eb Sh\u00ebn Peterburg, mjek\u00ebt nga jasht\u00eb burgut mund ta vizitonin, por \u00e7far\u00eb do t\u00eb ndodh\u00eb n\u00ebse zonja Skochilenko transferohet n\u00eb nj\u00eb burg m\u00eb t\u00eb larg\u00ebt, mbetet nj\u00eb \u00e7\u00ebshtje e pasqaruar<\/em>\u201d, tha partnerja e saj, Sofya Subbotina.<\/span><\/p>\n<p><span style=\"color: #000000;\"><em>\u201cKa nj\u00eb frik\u00eb t\u00eb madhe se Sasha do t\u00eb mbet\u00ebt pa ndihm\u00eb mjek\u00ebsore\u201d<\/em> shtoi ajo.<\/span><\/p>\n<p><span style=\"color: #000000;\">Grupi m\u00eb i shquar i t\u00eb drejtave t\u00eb njeriut n\u00eb Rusi dhe fituesi i \u00c7mimit Nobel p\u00ebr Paqen p\u00ebr vitin 2022, Memorial, e ka shpallur zonj\u00ebn Skochilenko si t\u00eb burgosur politik.<\/span><\/p>\n<p><span style=\"color: #000000;\">Sipas OVD-Info, nj\u00eb grup tjet\u00ebr i shquar i t\u00eb drejtave q\u00eb monitoron arrestimet politike dhe ofron ndihm\u00eb ligjore, 19,834 rus\u00eb jan\u00eb arrestuar q\u00eb nga 24 shkurti, kur filloi lufta, pasi kan\u00eb folur, ose demonstruar kund\u00ebr luft\u00ebs.<\/span><\/p>\n<p><span style=\"color: #000000;\">Gati 750 persona jan\u00eb p\u00ebrballur me akuza penale p\u00ebr q\u00ebndrimet e tyre kund\u00ebr luft\u00ebs dhe mbi 8,100 jan\u00eb p\u00ebrballur me akuza m\u00eb t\u00eb lehta p\u00ebr diskreditim t\u00eb ushtris\u00eb, t\u00eb d\u00ebnueshme me gjob\u00eb, ose me burgim t\u00eb shkurt\u00ebr.<\/span><\/p>\n<p><span style=\"color: #000000;\">Afatet e gjata jan\u00eb dh\u00ebn\u00eb p\u00ebr individ\u00eb m\u00eb t\u00eb njohur. Figura e shquar e opozit\u00ebs Ilya Yashin u d\u00ebnua me 8 vjet e gjysm\u00eb burg p\u00ebr akuza t\u00eb ngjashme, ashtu si edhe aktivisti studentor i Mosk\u00ebs Dmitry Ivanov. Kolegu i zotit Yashin n\u00eb k\u00ebshillin bashkiak t\u00eb Mosk\u00ebs, Alexei Gorinov, u d\u00ebnua me shtat\u00eb vjet.<\/span><\/p>\n<p><span style=\"color: #000000;\">D\u00ebnime t\u00eb ngjashme u dhan\u00eb rus\u00ebve t\u00eb d\u00ebnuar n\u00eb munges\u00eb, si autorja e librit me receta gatimi Veronika Belotserkovskaya, ose gazetari televiziv dhe ish-deputeti Alexander Nevzorov dhe disa t\u00eb tjer\u00eb.<\/span><\/p>\n<p><span style=\"color: #000000;\">Gjithashtu t\u00eb enjten, politikani i opozit\u00ebs Vladimir Milov u d\u00ebnua n\u00eb munges\u00eb p\u00ebr p\u00ebrhapjen e informacionit t\u00eb rrem\u00eb rreth ushtris\u00eb dhe u d\u00ebnua me tet\u00eb vjet. Zoti Milov, i cili dikur ishte z\u00ebvend\u00ebsminist\u00ebr i Energjis\u00eb i Rusis\u00eb dhe tani \u00ebsht\u00eb aleat i udh\u00ebheq\u00ebsit t\u00eb burgosur t\u00eb opozit\u00ebs Alexei Navalny, \u00ebsht\u00eb larguar nga Rusia.<\/span><\/p>\n<p><span style=\"color: #000000;\">Prokuroria n\u00eb rastin e zonj\u00ebs Skochilenko kishte k\u00ebrkuar tet\u00eb vjet burg. N\u00eb nj\u00eb intervist\u00eb me gazet\u00ebn Bumaga n\u00eb Sh\u00ebn Peterburg, pensionistja q\u00eb e raportoi at\u00eb tek autoritetet ishte dukur e befasuar nga kjo, duke th\u00ebn\u00eb<em>: \u201cU d\u00ebnua p\u00ebr disa copa letre, sigurisht q\u00eb duhej t\u00eb ishte m\u00eb pak\u201d.\/<span style=\"color: #0000ff;\"><a style=\"color: #0000ff;\" href=\"https:\/\/www.zeriamerikes.com\/a\/7358119.html\"> VOA<\/a><\/span><\/em><\/span><\/p>\n","protected":false,"gt_translate_keys":[{"key":"rendered","format":"html"}]},"excerpt":{"rendered":"<p>Nj\u00eb gjykat\u00eb ruse d\u00ebnoi t\u00eb enjten me shtat\u00eb vjet burg nj\u00eb artiste dhe muzikante pasi kishte z\u00ebvend\u00ebsuar etiketa \u00e7mimesh t\u00eb dyqaneve me etiketa t\u00eb reja ku ishin t\u00eb shkruara mesazhe kund\u00ebr luft\u00ebs n\u00eb Ukrain\u00eb. Ky \u00ebsht\u00eb nj\u00eb nga rastet e fundit t\u00eb goditjes ndaj fjal\u00ebs s\u00eb lir\u00eb n\u00eb Rusi Sasha Skochilenko u arrestua n\u00eb vendlindjen [&hellip;]<\/p>\n","protected":false,"gt_translate_keys":[{"key":"rendered","format":"html"}]},"author":30,"featured_media":632628,"comment_status":"closed","ping_status":"closed","sticky":false,"template":"","format":"standard","meta":{"footnotes":""},"categories":[6],"tags":[],"class_list":["post-632626","post","type-post","status-publish","format-standard","has-post-thumbnail","hentry","category-nderkombetare"],"gt_translate_keys":[{"key":"link","format":"url"}],"_links":{"self":[{"href":"https:\/\/www.hashtag.al\/index.php\/wp-json\/wp\/v2\/posts\/632626","targetHints":{"allow":["GET"]}}],"collection":[{"href":"https:\/\/www.hashtag.al\/index.php\/wp-json\/wp\/v2\/posts"}],"about":[{"href":"https:\/\/www.hashtag.al\/index.php\/wp-json\/wp\/v2\/types\/post"}],"author":[{"embeddable":true,"href":"https:\/\/www.hashtag.al\/index.php\/wp-json\/wp\/v2\/users\/30"}],"replies":[{"embeddable":true,"href":"https:\/\/www.hashtag.al\/index.php\/wp-json\/wp\/v2\/comments?post=632626"}],"version-history":[{"count":0,"href":"https:\/\/www.hashtag.al\/index.php\/wp-json\/wp\/v2\/posts\/632626\/revisions"}],"wp:featuredmedia":[{"embeddable":true,"href":"https:\/\/www.hashtag.al\/index.php\/wp-json\/wp\/v2\/media\/632628"}],"wp:attachment":[{"href":"https:\/\/www.hashtag.al\/index.php\/wp-json\/wp\/v2\/media?parent=632626"}],"wp:term":[{"taxonomy":"category","embeddable":true,"href":"https:\/\/www.hashtag.al\/index.php\/wp-json\/wp\/v2\/categories?post=632626"},{"taxonomy":"post_tag","embeddable":true,"href":"https:\/\/www.hashtag.al\/index.php\/wp-json\/wp\/v2\/tags?post=632626"}],"curies":[{"name":"wp","href":"https:\/\/api.w.org\/{rel}","templated":true}]}}