{"id":632610,"date":"2023-11-17T14:25:58","date_gmt":"2023-11-17T13:25:58","guid":{"rendered":"https:\/\/www.hashtag.al\/?p=632610"},"modified":"2023-11-17T14:25:58","modified_gmt":"2023-11-17T13:25:58","slug":"ke-propozon-heqjen-e-vizave-per-shtetasit-e-kosoves-qe-kane-pasaporta-te-serbise","status":"publish","type":"post","link":"https:\/\/www.hashtag.al\/index.php\/2023\/11\/17\/ke-propozon-heqjen-e-vizave-per-shtetasit-e-kosoves-qe-kane-pasaporta-te-serbise\/","title":{"rendered":"KE propozon heqjen e vizave p\u00ebr shtetasit e Kosov\u00ebs q\u00eb kan\u00eb pasaporta t\u00eb Serbis\u00eb","gt_translate_keys":[{"key":"rendered","format":"text"}]},"content":{"rendered":"<p><span style=\"color: #000000;\"><a href=\"https:\/\/www.hashtag.al\/wp-content\/uploads\/2023\/11\/7787.jpg\"><img loading=\"lazy\" decoding=\"async\" class=\"aligncenter size-full wp-image-632611\" src=\"https:\/\/www.hashtag.al\/wp-content\/uploads\/2023\/11\/7787.jpg\" alt=\"\" width=\"877\" height=\"544\" srcset=\"https:\/\/www.hashtag.al\/wp-content\/uploads\/2023\/11\/7787.jpg 877w, https:\/\/www.hashtag.al\/wp-content\/uploads\/2023\/11\/7787-300x186.jpg 300w, https:\/\/www.hashtag.al\/wp-content\/uploads\/2023\/11\/7787-768x476.jpg 768w\" sizes=\"auto, (max-width: 877px) 100vw, 877px\" \/><\/a><\/span><\/p>\n<p><span style=\"color: #000000;\">Komisioni Evropian, duke pasur parasysh heqjen e vizave p\u00ebr shtetasit e Kosov\u00ebs, ka propozuar q\u00eb vizat t\u00eb hiqen edhe p\u00ebr bart\u00ebsit e pasaportave t\u00eb Republik\u00ebs s\u00eb Serbis\u00eb, t\u00eb cil\u00ebt banojn\u00eb n\u00eb territorin e Kosov\u00ebs.<\/span><\/p>\n<p><span style=\"color: #000000;\">P\u00ebr t\u2019u p\u00ebrfshir\u00eb edhe bart\u00ebsit e pasaportave q\u00eb i l\u00ebshon nj\u00eb zyre e ve\u00e7ant\u00eb n\u00eb Beograd (zyra koordinuese) Komisioni ka propozuar ndryshimin e vendimit p\u00ebr liberalizimin e vizave p\u00ebr Serbin\u00eb.<\/span><\/p>\n<p><span style=\"color: #000000;\">Serb\u00ebt nga Kosova kan\u00eb t\u00eb drejt\u00ebn e pasaport\u00ebs s\u00eb Serbis\u00eb, e cila ka marr\u00eb liberalizimin e vizave n\u00eb vitin 2009. Mir\u00ebpo, me k\u00ebrkes\u00eb t\u00eb BE-s\u00eb, \u00ebsht\u00eb dashur t\u00eb formoj\u00eb nj\u00eb Administrat\u00eb Koordinuese p\u00ebr l\u00ebshimin e pasaportave p\u00ebr ata q\u00eb kan\u00eb adres\u00eb n\u00eb Kosov\u00eb. N\u00eb prill t\u00eb k\u00ebtij viti, KE-ja kishte theksuar se liberalizimi i vizave i miratuar p\u00ebr Kosov\u00ebn vlen vet\u00ebm p\u00ebr poseduesit e pasaportave t\u00eb Kosov\u00ebs dhe jo p\u00ebr ata qytetar\u00eb q\u00eb kan\u00eb pasaporta t\u00eb Administrat\u00ebs Koordinuese, e cila punon n\u00eb kuad\u00ebr t\u00eb Ministris\u00eb s\u00eb Pun\u00ebve t\u00eb Brendshme t\u00eb Serbis\u00eb.<\/span><\/p>\n<p><span style=\"color: #000000;\">N\u00eb at\u00eb koh\u00eb ishte vler\u00ebsuar se ekziston rreziku nga migrimi masiv, si dhe disa \u00e7\u00ebshtje t\u00eb siguris\u00eb.N\u00eb propozimin e vet Komisioni Evropian argumenton se tashm\u00eb nuk ekzistojn\u00eb arsyet p\u00ebr shkak t\u00eb s\u00eb cilave ishte vendosur q\u00eb bart\u00ebsit e pasaportave t\u00eb Republik\u00ebs s\u00eb Serbis\u00eb me vendbanim n\u00eb Kosov\u00eb t\u00eb mos ken\u00eb mund\u00ebsi t\u00eb udh\u00ebtojn\u00eb pa viza, p\u00ebr dallim nga shtetasit e Serbis\u00eb me vendbanim n\u00eb Serbi.<\/span><\/p>\n<p><span style=\"color: #000000;\">Nga 1 janar i viti 2024 qytetar\u00ebt e Kosov\u00ebs pritet t\u00eb udh\u00ebtojn\u00eb pa viza n\u00eb 27 vende t\u00eb BE-s\u00eb, t\u00eb cilat e p\u00ebrb\u00ebjn\u00eb t\u00eb ashtuquajtur\u00ebn zon\u00eb Shengen.<\/span><\/p>\n<p><span style=\"color: #000000;\">Pasi t\u00eb hyj\u00eb n\u00eb fuqi liberalizimi i vizave p\u00ebr bart\u00ebsit e pasaportave biometrike t\u00eb Republik\u00ebs s\u00eb Kosov\u00ebs, bart\u00ebsit e pasaportave t\u00eb Serbis\u00eb me vendbanim n\u00eb Kosov\u00eb, do t\u00eb mbeteshin t\u00eb vetmit pa mund\u00ebsin\u00eb e l\u00ebvizjes pa viza.Komisioni e ka dh\u00ebn\u00eb k\u00ebt\u00eb propozim nd\u00ebrsa tash vendimi duhet t\u00eb merret nga K\u00ebshilli n\u00eb bashk\u00ebpunim me Parlamentin Evropian. Komisioni Evropian n\u00eb propozimin e vet ka theksuar se situata aktuale rreth bart\u00ebsve t\u00eb pasaportave t\u00eb Serbis\u00eb q\u00eb l\u00ebshon zyra koordinuese n\u00eb Beograd, \u00ebsht\u00eb diskutuar edhe me autoritetet e Serbis\u00eb dhe ato t\u00eb Kosov\u00ebs.<\/span><\/p>\n<p><span style=\"color: #000000;\">\u201c<em>M\u00eb 16 n\u00ebntor Komisioni Evropian ka miratuar propozimin q\u00eb t\u00eb gjith\u00eb qytetar\u00ebt e Ballkanit Per\u00ebndimor t\u00eb mund t\u00eb l\u00ebvizin pa viza n\u00eb BE. Kjo propozohet edhe p\u00ebr bart\u00ebsit e pasaportave q\u00eb i l\u00ebshon Drejtoria koordinuese n\u00eb Beograd. Tash vendimi \u00ebsht\u00eb n\u00eb duar t\u00eb K\u00ebshillit dhe Parlamentit Evropian\u201d,<\/em> ka th\u00ebn\u00eb z\u00ebdh\u00ebn\u00ebsi i Komisionit Evropian p\u00ebr \u00e7\u00ebshtje t\u00eb brendshme dhe t\u00eb drejtat e njeriut Kristijan Viegand.<\/span><\/p>\n<p><span style=\"color: #000000;\">Vendimi p\u00ebr liberalizimin e vizave p\u00ebr Kosov\u00ebn do t\u00eb nis\u00eb t\u00eb zbatohet nga 1 janari i vitit q\u00eb vjen.<\/span><\/p>\n<p><span style=\"color: #000000;\">Nd\u00ebrsa, vendimi q\u00eb edhe bart\u00ebsit e pasaportave t\u00eb Serbis\u00eb me vendbanim n\u00eb Kosov\u00eb t\u00eb l\u00ebvizin pa viza, do t\u00eb hyj\u00eb n\u00eb fuqi 20 dit\u00eb pas botimit n\u00eb gazet\u00ebn zyrtare t\u00eb BE-s\u00eb.\/<span style=\"color: #0000ff;\"><a style=\"color: #0000ff;\" href=\"https:\/\/www.evropaelire.org\/a\/heqja-e-vizave-bartesit-e-pasaportave-te-serbise-kosove-\/32688906.html\">REL<\/a><\/span><\/span><\/p>\n","protected":false,"gt_translate_keys":[{"key":"rendered","format":"html"}]},"excerpt":{"rendered":"<p>Komisioni Evropian, duke pasur parasysh heqjen e vizave p\u00ebr shtetasit e Kosov\u00ebs, ka propozuar q\u00eb vizat t\u00eb hiqen edhe p\u00ebr bart\u00ebsit e pasaportave t\u00eb Republik\u00ebs s\u00eb Serbis\u00eb, t\u00eb cil\u00ebt banojn\u00eb n\u00eb territorin e Kosov\u00ebs. P\u00ebr t\u2019u p\u00ebrfshir\u00eb edhe bart\u00ebsit e pasaportave q\u00eb i l\u00ebshon nj\u00eb zyre e ve\u00e7ant\u00eb n\u00eb Beograd (zyra koordinuese) Komisioni ka propozuar [&hellip;]<\/p>\n","protected":false,"gt_translate_keys":[{"key":"rendered","format":"html"}]},"author":30,"featured_media":632611,"comment_status":"closed","ping_status":"closed","sticky":false,"template":"","format":"standard","meta":{"footnotes":""},"categories":[149],"tags":[],"class_list":["post-632610","post","type-post","status-publish","format-standard","has-post-thumbnail","hentry","category-kosoverajon"],"gt_translate_keys":[{"key":"link","format":"url"}],"_links":{"self":[{"href":"https:\/\/www.hashtag.al\/index.php\/wp-json\/wp\/v2\/posts\/632610","targetHints":{"allow":["GET"]}}],"collection":[{"href":"https:\/\/www.hashtag.al\/index.php\/wp-json\/wp\/v2\/posts"}],"about":[{"href":"https:\/\/www.hashtag.al\/index.php\/wp-json\/wp\/v2\/types\/post"}],"author":[{"embeddable":true,"href":"https:\/\/www.hashtag.al\/index.php\/wp-json\/wp\/v2\/users\/30"}],"replies":[{"embeddable":true,"href":"https:\/\/www.hashtag.al\/index.php\/wp-json\/wp\/v2\/comments?post=632610"}],"version-history":[{"count":0,"href":"https:\/\/www.hashtag.al\/index.php\/wp-json\/wp\/v2\/posts\/632610\/revisions"}],"wp:featuredmedia":[{"embeddable":true,"href":"https:\/\/www.hashtag.al\/index.php\/wp-json\/wp\/v2\/media\/632611"}],"wp:attachment":[{"href":"https:\/\/www.hashtag.al\/index.php\/wp-json\/wp\/v2\/media?parent=632610"}],"wp:term":[{"taxonomy":"category","embeddable":true,"href":"https:\/\/www.hashtag.al\/index.php\/wp-json\/wp\/v2\/categories?post=632610"},{"taxonomy":"post_tag","embeddable":true,"href":"https:\/\/www.hashtag.al\/index.php\/wp-json\/wp\/v2\/tags?post=632610"}],"curies":[{"name":"wp","href":"https:\/\/api.w.org\/{rel}","templated":true}]}}