{"id":632600,"date":"2023-11-17T13:51:32","date_gmt":"2023-11-17T12:51:32","guid":{"rendered":"https:\/\/www.hashtag.al\/?p=632600"},"modified":"2023-11-17T13:51:32","modified_gmt":"2023-11-17T12:51:32","slug":"mbahet-panairi-i-veres-te-open-balkan-kush-e-zevendesoi-kryeministrin-rama","status":"publish","type":"post","link":"https:\/\/www.hashtag.al\/index.php\/2023\/11\/17\/mbahet-panairi-i-veres-te-open-balkan-kush-e-zevendesoi-kryeministrin-rama\/","title":{"rendered":"Mbahet panairi i ver\u00ebs t\u00eb \u201cOpen Balkan\u201d, kush e \u2018z\u00ebvend\u00ebsoi\u2019 kryeministrin Rama","gt_translate_keys":[{"key":"rendered","format":"text"}]},"content":{"rendered":"<p><img loading=\"lazy\" decoding=\"async\" class=\"size-full wp-image-632601 aligncenter\" src=\"https:\/\/www.hashtag.al\/wp-content\/uploads\/2023\/11\/open-balkan.jpg\" alt=\"\" width=\"775\" height=\"436\" srcset=\"https:\/\/www.hashtag.al\/wp-content\/uploads\/2023\/11\/open-balkan.jpg 775w, https:\/\/www.hashtag.al\/wp-content\/uploads\/2023\/11\/open-balkan-300x169.jpg 300w, https:\/\/www.hashtag.al\/wp-content\/uploads\/2023\/11\/open-balkan-768x432.jpg 768w\" sizes=\"auto, (max-width: 775px) 100vw, 775px\" \/><\/p>\n<p><span style=\"font-weight: 400; color: #000000;\">Presidenti i Republik\u00ebs s\u00eb Serbis\u00eb, Aleksandar Vu\u00e7i\u00e7, duket se ka gjetur nj\u00eb partner t\u00eb ri p\u00ebr Ballkanin e Hapur, pas daljes nga nisma t\u00eb kryeministrit shqiptar Edi Rama.<\/span><\/p>\n<p><span style=\"font-weight: 400; color: #000000;\">N\u00eb panairin e dyt\u00eb te ver\u00ebs\u00a0 n\u00eb kuad\u00ebr t\u00eb \u201cOpen Balkan\u201d, mori pjese presidenti i Malit t\u00eb Zi, Jakov Milatovi\u00e7 dhe kryeministri i Maqedonis\u00eb s\u00eb Veriut, Dimitar Kova\u00e7evski.<\/span><\/p>\n<p><span style=\"font-weight: 400; color: #000000;\">Duket se kryeministri Rama \u00ebsht\u00eb z\u00ebvend\u00ebsuar nga presidenti i ri malazez.<\/span><\/p>\n<p><span style=\"font-weight: 400; color: #000000;\">Presidenti Vu\u00e7i\u00e7, n\u00eb nj\u00eb bised\u00eb me Milatovi\u00e7, para ceremonis\u00eb s\u00eb hapjes s\u00eb panairit, tha se n\u00eb panair jan\u00eb t\u00eb pranish\u00ebm rreth 40 ekspozues nga Mali i Zi, q\u00eb \u00ebsht\u00eb nj\u00eb num\u00ebr i madh p\u00ebr nj\u00eb vend t\u00eb p\u00ebrmasave t\u00eb tilla.<\/span><\/p>\n<p><span style=\"font-weight: 400; color: #000000;\"><em>\u201cJam krenar p\u00ebr ver\u00ebrat serbe, t\u00eb cilat po p\u00ebrparojn\u00eb m\u00eb shpejt. Ver\u00ebrat malazeze po p\u00ebrparojn\u00eb mir\u00eb gjithashtu\u201d<\/em>, tha presidenti Vu\u00e7i\u00e7, duke shtuar se kur vjen puna ndaj ver\u00ebrave, nuk mund t\u00eb mashtrosh ask\u00ebnd.<\/span><\/p>\n<p><span style=\"font-weight: 400; color: #000000;\"><em>\u201cMund t\u00eb mashtroni n\u00eb tregun e makinave, por jo n\u00eb tregun e ver\u00ebrave\u201d,<\/em> tha presidenti Vu\u00e7i\u00e7.<\/span><\/p>\n<p><span style=\"font-weight: 400; color: #000000;\">Milatovi\u00e7 ka th\u00ebn\u00eb se nuk pajtohet me presidentin e Serbis\u00eb p\u00ebr t\u00eb gjitha \u00e7\u00ebshtjet, por sigurisht q\u00eb pajtohen p\u00ebr ver\u00ebn.<\/span><\/p>\n<p><span style=\"font-weight: 400; color: #000000;\"><em>\u201cKam ardhur me ftes\u00eb t\u00eb Presidentit t\u00eb Serbis\u00eb. Vera na bashkon pa marr\u00eb parasysh disa dallime t\u00eb vogla. Un\u00eb e p\u00ebrg\u00ebzoj Vu\u00e7iqin p\u00ebr nj\u00eb ide t\u00eb madhe dhe nj\u00eb organizim t\u00eb mir\u00eb dhe n\u00ebse ndonj\u00eb integrim rajonal do t\u00eb quhet Oper ballkan apo Procesi i Berlinit\u00a0 \u00ebsht\u00eb m\u00eb pak i r\u00ebnd\u00ebsish\u00ebm, e r\u00ebnd\u00ebsishme \u00ebsht\u00eb bashk\u00ebpunimi dhe ky \u00ebsht\u00eb mesazhi m\u00eb i r\u00ebnd\u00ebsish\u00ebm\u201d,<\/em> theksoi Milatovi\u00e7.<\/span><\/p>\n<p><span style=\"font-weight: 400; color: #000000;\">Presidenti Vu\u00e7i\u00e7\u00a0 theksoi se n\u00eb Berlin nuk u p\u00eblqen ajo q\u00eb nuk mund ta menaxhojn\u00eb dhe se, p\u00ebrkund\u00ebr k\u00ebsaj, atij i p\u00eblqen shum\u00eb menaxhimi p\u00ebrmes \u201cOpen Ballkan\u201d.<\/span><\/p>\n<p><span style=\"font-weight: 400; color: #000000;\"><em>\u201cP\u00ebrmes iniciativ\u00ebs Open Balkan, ne kemi rezultate t\u00eb dukshme q\u00eb mund t\u00eb shihen p\u00ebrmes numrave. Shk\u00ebmbimi tregtar midis Maqedonis\u00eb s\u00eb Veriut, Shqip\u00ebris\u00eb dhe Serbis\u00eb \u00ebsht\u00eb rritur me 25 p\u00ebr qind. ka kaluar nj\u00eb miliard euro, q\u00eb \u00ebsht\u00eb shk\u00ebmbimi tregtar m\u00eb i madh n\u00eb 18 vitet e fundit midis dy vendeve\u201d-<\/em> tha presidenti Vu\u00e7iq.<\/span><\/p>\n<p><span style=\"font-weight: 400; color: #000000;\">Kryeministri i Shqip\u00ebris\u00eb Edi Rama, nj\u00eb nga bashkekrijuesit e \u201cOpen Balkan\u201d e konsideroi t\u00eb mbyllur k\u00ebt\u00eb iniciativ me rikthimin e Procesit t\u00eb Berlinit pak koh\u00eb m\u00eb par\u00eb. Edhe pse mungoi fizikisht Rama e pati nj\u00eb video-mesazh n\u00eb nisje t\u00eb panairit.<\/span><\/p>\n<p><span style=\"font-weight: 400; color: #000000;\">Pas nj\u00eb dite t\u00eb gjat\u00eb Presidenti Vu\u00e7i\u00e7 shijoi dark\u00ebn me Presidentin e Malit t\u00eb Zi, Jakov Milatovi\u00e7 dhe kryeministrin e Maqedonis\u00eb s\u00eb Veriut, Dimitar Kova\u010devski. N\u00eb rrjete sociale Presidenti Vu\u00e7i\u00e7 ka ndar\u00eb nj\u00eb pjes\u00eb t\u00eb atmosfer\u00ebs me mbishkrimin: \u201cRroft\u00eb miq\u00ebsia mes Malit t\u00eb Zi, Maqedonis\u00eb s\u00eb Veriut dhe Serbis\u00eb!\u201d.<\/span><\/p>\n<p><span style=\"color: #000000;\"><span style=\"font-weight: 400;\"><span style=\"color: #ff0000;\">VINI RE:<\/span> Ky material \u00ebsht\u00eb pron\u00ebsi intelektuale e <\/span><span style=\"color: #3366ff;\"><a style=\"color: #3366ff;\" href=\"https:\/\/euronews.al\/mbahet-panairi-i-veres-te-open-balkan-kush-e-zevendesoi-kryeministrin-rama\/\"><span style=\"font-weight: 400;\">Euro News<\/span><\/a><span style=\"font-weight: 400;\">.<\/span><\/span><\/span><\/p>\n","protected":false,"gt_translate_keys":[{"key":"rendered","format":"html"}]},"excerpt":{"rendered":"<p>Presidenti i Republik\u00ebs s\u00eb Serbis\u00eb, Aleksandar Vu\u00e7i\u00e7, duket se ka gjetur nj\u00eb partner t\u00eb ri p\u00ebr Ballkanin e Hapur, pas daljes nga nisma t\u00eb kryeministrit shqiptar Edi Rama. N\u00eb panairin e dyt\u00eb te ver\u00ebs\u00a0 n\u00eb kuad\u00ebr t\u00eb \u201cOpen Balkan\u201d, mori pjese presidenti i Malit t\u00eb Zi, Jakov Milatovi\u00e7 dhe kryeministri i Maqedonis\u00eb s\u00eb Veriut, Dimitar [&hellip;]<\/p>\n","protected":false,"gt_translate_keys":[{"key":"rendered","format":"html"}]},"author":4,"featured_media":632601,"comment_status":"closed","ping_status":"closed","sticky":false,"template":"","format":"standard","meta":{"footnotes":""},"categories":[149],"tags":[],"class_list":["post-632600","post","type-post","status-publish","format-standard","has-post-thumbnail","hentry","category-kosoverajon"],"gt_translate_keys":[{"key":"link","format":"url"}],"_links":{"self":[{"href":"https:\/\/www.hashtag.al\/index.php\/wp-json\/wp\/v2\/posts\/632600","targetHints":{"allow":["GET"]}}],"collection":[{"href":"https:\/\/www.hashtag.al\/index.php\/wp-json\/wp\/v2\/posts"}],"about":[{"href":"https:\/\/www.hashtag.al\/index.php\/wp-json\/wp\/v2\/types\/post"}],"author":[{"embeddable":true,"href":"https:\/\/www.hashtag.al\/index.php\/wp-json\/wp\/v2\/users\/4"}],"replies":[{"embeddable":true,"href":"https:\/\/www.hashtag.al\/index.php\/wp-json\/wp\/v2\/comments?post=632600"}],"version-history":[{"count":0,"href":"https:\/\/www.hashtag.al\/index.php\/wp-json\/wp\/v2\/posts\/632600\/revisions"}],"wp:featuredmedia":[{"embeddable":true,"href":"https:\/\/www.hashtag.al\/index.php\/wp-json\/wp\/v2\/media\/632601"}],"wp:attachment":[{"href":"https:\/\/www.hashtag.al\/index.php\/wp-json\/wp\/v2\/media?parent=632600"}],"wp:term":[{"taxonomy":"category","embeddable":true,"href":"https:\/\/www.hashtag.al\/index.php\/wp-json\/wp\/v2\/categories?post=632600"},{"taxonomy":"post_tag","embeddable":true,"href":"https:\/\/www.hashtag.al\/index.php\/wp-json\/wp\/v2\/tags?post=632600"}],"curies":[{"name":"wp","href":"https:\/\/api.w.org\/{rel}","templated":true}]}}