{"id":632303,"date":"2023-11-16T11:45:28","date_gmt":"2023-11-16T10:45:28","guid":{"rendered":"https:\/\/www.hashtag.al\/?p=632303"},"modified":"2023-11-16T11:45:28","modified_gmt":"2023-11-16T10:45:28","slug":"pa-ngrohur-ende-mire-kolltukun-david-cameron-vizite-ne-ukraine","status":"publish","type":"post","link":"https:\/\/www.hashtag.al\/index.php\/2023\/11\/16\/pa-ngrohur-ende-mire-kolltukun-david-cameron-vizite-ne-ukraine\/","title":{"rendered":"Pa &#8220;ngrohur ende mir\u00eb kolltukun&#8221; David Cameron vizit\u00eb n\u00eb Ukrain\u00eb","gt_translate_keys":[{"key":"rendered","format":"text"}]},"content":{"rendered":"<p><img loading=\"lazy\" decoding=\"async\" class=\"size-full wp-image-632307 aligncenter\" src=\"https:\/\/www.hashtag.al\/wp-content\/uploads\/2023\/11\/131737988_image.png.webp\" alt=\"\" width=\"976\" height=\"549\" srcset=\"https:\/\/www.hashtag.al\/wp-content\/uploads\/2023\/11\/131737988_image.png.webp 976w, https:\/\/www.hashtag.al\/wp-content\/uploads\/2023\/11\/131737988_image.png-300x169.webp 300w, https:\/\/www.hashtag.al\/wp-content\/uploads\/2023\/11\/131737988_image.png-768x432.webp 768w\" sizes=\"auto, (max-width: 976px) 100vw, 976px\" \/><\/p>\n<p><span style=\"font-weight: 400; color: #000000;\">Sekretari i ri i Jasht\u00ebm David Cameron ka b\u00ebr\u00eb vizit\u00ebn e tij t\u00eb par\u00eb t\u00eb pun\u00ebs n\u00eb Ukrain\u00eb, duke takuar presidentin Volodymyr Zelensky n\u00eb Kiev.\u00a0 Lord Cameron p\u00ebrs\u00ebriti mb\u00ebshtetjen e Mbret\u00ebris\u00eb s\u00eb Bashkuar p\u00ebr Ukrain\u00ebn, duke premtuar mb\u00ebshtetje morale, diplomatike dhe &#8216;mbi t\u00eb gjitha ushtarake p\u00ebr Ukrain\u00ebn sado q\u00eb t\u00eb zgjas\u00eb&#8217;.\u00a0<\/span><\/p>\n<p><span style=\"font-weight: 400; color: #000000;\">Zelensky uroi Kameron p\u00ebr postin e tij t\u00eb ri dhe e fal\u00ebnderoi at\u00eb p\u00ebr mb\u00ebshtetjen e vazhdueshme t\u00eb MB.\u00a0 Lord Cameron u b\u00eb sekretar i jasht\u00ebm n\u00eb nj\u00eb riorganizim kabineti t\u00eb h\u00ebn\u00ebn.<\/span><\/p>\n<p><span style=\"color: #000000;\"><i><span style=\"font-weight: 400;\">&#8220;Kjo \u00ebsht\u00eb shum\u00eb e r\u00ebnd\u00ebsishme, ve\u00e7an\u00ebrisht tani, kur bota po i kushton v\u00ebmendje jo vet\u00ebm situat\u00ebs n\u00eb fush\u00ebn e betej\u00ebs n\u00eb Ukrain\u00eb dhe ndarja e fokusit me t\u00eb v\u00ebrtet\u00eb nuk ndihmon,&#8221; tha presidenti ukrainas, duke aluduar n\u00eb Lindjen e Mesme.\u00a0 &#8216;Ne jemi mir\u00ebnjoh\u00ebs p\u00ebr mb\u00ebshtetjen e pal\u00ebkundur t\u00eb Ukrain\u00ebs nga Mbret\u00ebria e Bashkuar. Jemi mir\u00ebnjoh\u00ebs p\u00ebr mikpritjen e ngroht\u00eb t\u00eb qytetar\u00ebve ukrainas n\u00eb Mbret\u00ebrin\u00eb e Bashkuar. Dhe ne jemi t\u00eb k\u00ebnaqur q\u00eb erdh\u00ebt n\u00eb Ukrain\u00eb,&#8221; <\/span><\/i><span style=\"font-weight: 400;\">tha ai.\u00a0<\/span><\/span><\/p>\n<p><span style=\"color: #000000;\"><span style=\"font-weight: 400;\">Zelensky postoi nj\u00eb klip t\u00eb shkurt\u00ebr t\u00eb takimit n\u00eb mediat sociale, gjat\u00eb s\u00eb cil\u00ebs Lord Cameron mund t\u00eb d\u00ebgjohet duke th\u00ebn\u00eb:<\/span><i><span style=\"font-weight: 400;\"> \u201cDoja q\u00eb kjo t\u00eb ishte vizita ime e par\u00eb\u201d.<\/span><\/i><\/span><\/p>\n<p><span style=\"color: #000000;\"><i><span style=\"font-weight: 400;\">\u201cAjo q\u00eb dua t\u00eb them duke qen\u00eb k\u00ebtu \u00ebsht\u00eb se ne do t\u00eb vazhdojm\u00eb t&#8217;ju japim mb\u00ebshtetjen morale, mb\u00ebshtetjen diplomatike dhe mb\u00ebshtetjen ekonomike dhe mbi t\u00eb gjitha mb\u00ebshtetjen ushtarake q\u00eb ju duhet jo vet\u00ebm k\u00ebt\u00eb vit dhe vitin e ardhsh\u00ebm por sado koh\u00eb t\u00eb duhet,\u201d<\/span><\/i><span style=\"font-weight: 400;\"> tha Lord Kameron.\u00a0\u00a0<\/span><\/span><\/p>\n<p><span style=\"color: #000000;\"><span style=\"font-weight: 400;\">Ish kryeministri i MB shtoi: <\/span><i><span style=\"font-weight: 400;\">\u201cKam patur disa mosmarr\u00ebveshje me Boris Xhonson, e njohim nj\u00ebri-tjetrin p\u00ebr 40 vjet, por mb\u00ebshtetja e tij p\u00ebr ju ishte gj\u00ebja m\u00eb e mir\u00eb q\u00eb ai dhe qeveria e tij b\u00ebn\u00eb.\u201d<\/span><\/i><span style=\"font-weight: 400;\">\u00a0\u00a0<\/span><\/span><\/p>\n<p><span style=\"font-weight: 400; color: #000000;\">Ministria e Jashtme e Ukrain\u00ebs tha se ata diskutuan\u00a0 rreth arm\u00ebve, prodhimin t\u00eb arm\u00ebve dhe sigurin\u00eb n\u00eb Detin e Zi.<\/span><\/p>\n<p><span style=\"color: #000000;\"><span style=\"font-weight: 400;\">N\u00eb nj\u00eb deklarat\u00eb pas takimit, Lord Cameron tha<\/span><i><span style=\"font-weight: 400;\">: \u201cNd\u00ebrsa dimri afrohet, ne vazhdojm\u00eb t\u00eb q\u00ebndrojm\u00eb me popullin ukrainas nd\u00ebrsa ata i rezistojn\u00eb pushtimit t\u00eb paligjsh\u00ebm t\u00eb Putinit. N\u00eb tre muajt e fundit, ata e kan\u00eb shtyr\u00eb Rusin\u00eb p\u00ebrs\u00ebri n\u00eb Detin e Zi dhe po hapin rrug\u00eb jetike tregtare detare p\u00ebr ekonomin\u00eb ukrainase dhe furnizimet globale ushqimore.\u201d\u00a0\u00a0<\/span><\/i><\/span><\/p>\n<p><span style=\"font-weight: 400; color: #000000;\">Mbret\u00ebria e Bashkuar i ka siguruar Ukrain\u00ebs miliarda paund ndihm\u00eb ushtarake q\u00eb kur Rusia nisi pushtimin e saj n\u00eb shkurt 2022.\u00a0 Donacionet e pajisjeve ushtarake kan\u00eb p\u00ebrfshir\u00eb nj\u00eb num\u00ebr tankesh Challenger 2 dhe raketash me rreze t\u00eb gjat\u00eb veprimi dhe dhjet\u00ebra mij\u00ebra rekrut\u00eb ukrainas jan\u00eb trajnuar nga ushtria britanike n\u00eb tok\u00ebn e Mbret\u00ebris\u00eb s\u00eb Bashkuar.<\/span><\/p>\n<p><span style=\"font-weight: 400; color: #000000;\">Vizita e Lord Cameron vjen pasi forcat ukrainase arrit\u00ebn t\u00eb vendosnin pozicione p\u00ebrgjat\u00eb lumit Dnipro n\u00eb jug t\u00eb Ukrain\u00ebs, nj\u00eb p\u00ebrparim potencialisht dometh\u00ebn\u00ebs.\u00a0<\/span><\/p>\n<p><span style=\"font-weight: 400; color: #000000;\">Zyrtar\u00ebt lokal\u00eb t\u00eb instaluar nga Rusia pranuan t\u00eb m\u00ebrkur\u00ebn se forcat ukrainase ishin t\u00eb pranishme n\u00eb fshatin Krynky, n\u00eb bregun e majt\u00eb (lindor) t\u00eb pushtuar nga Rusia.\u00a0\u00a0<\/span><\/p>\n<p><span style=\"font-weight: 400; color: #000000;\">Lumi ka ndar\u00eb forcat ukrainase dhe ruse q\u00eb kur trupat e Mosk\u00ebs u t\u00ebrhoq\u00ebn nga Khersoni nj\u00eb vit m\u00eb par\u00eb.\u00a0 Lajmi ka inkurajuar ukrainasit, kund\u00ebr-ofensiva kat\u00ebrmuajshe e t\u00eb cil\u00ebve nuk ka arritur t\u00eb rifitoj\u00eb territor t\u00eb r\u00ebnd\u00ebsish\u00ebm t\u00eb pushtuar nga Rusia.<\/span><\/p>\n<p><span style=\"color: #000000;\"><b>Kthimi i Cameron\u00a0<\/b><\/span><\/p>\n<p><span style=\"font-weight: 400; color: #000000;\">Posti i ri i Lord Cameron sh\u00ebnon kthimin e tij n\u00eb tryez\u00ebn e kabinetit p\u00ebr her\u00eb t\u00eb par\u00eb n\u00eb m\u00eb shum\u00eb se shtat\u00eb vjet.\u00a0 Ai ka z\u00ebvend\u00ebsuar James Cleverly, i cili u zhvendos p\u00ebr t\u00eb qen\u00eb sekretar i brendsh\u00ebm p\u00ebr t\u00eb marr\u00eb p\u00ebrsip\u00ebr nga Suella Braverman n\u00eb nj\u00eb rregullim dramatik t\u00eb kabinetit t\u00eb Rishi Sunak t\u00eb h\u00ebn\u00ebn.\u00a0<\/span><\/p>\n<p><span style=\"font-weight: 400; color: #000000;\">Lord Cameron ishte kryeminist\u00ebr nga viti 2010 deri n\u00eb vitin 2016, duke dh\u00ebn\u00eb dor\u00ebheqjen pasi Mbret\u00ebria e Bashkuar votoi p\u00ebr t&#8217;u larguar nga BE. Ai kishte mb\u00ebshtetur \u2018Kampin e Mbetur\u2019.<\/span><\/p>\n<p><span style=\"font-weight: 400; color: #000000;\">N\u00eb at\u00eb koh\u00eb, Lord Cameron \u00ebsht\u00eb z\u00ebn\u00eb me nd\u00ebrmarrje t\u00eb ndryshme biznesi, pun\u00eb bamir\u00ebsie, angazhime m\u00ebsimore dhe fol\u00ebse.\u00a0 Ka pasur disa polemika rreth kthimit t\u00eb Lord Cameron n\u00eb stolin e par\u00eb, pasi ai nuk \u00ebsht\u00eb m\u00eb nj\u00eb deputet i zgjedhur dhe do t\u00eb ulet si nj\u00eb bashk\u00ebmoshatar dhe jo n\u00eb dhom\u00ebn e Common.<\/span><\/p>\n<p><span style=\"font-weight: 400; color: #000000;\">Partit\u00eb opozitare dhe kryetarja Sir Lindsay Hoyle kan\u00eb ngritur shqet\u00ebsimin se si deputet\u00ebt do t\u00eb jen\u00eb n\u00eb gjendje t\u00eb k\u00ebrkojn\u00eb llogari nga Lord Cameron, duke pasur parasysh se ai nuk do t\u00eb jet\u00eb n\u00eb dhom\u00ebn e Commons p\u00ebr t\u00eb marr\u00eb pyetje gjat\u00eb sesioneve t\u00eb rregullta t\u00eb shqyrtimit t\u00eb departamenteve.\u00a0\u00a0<\/span><\/p>\n<p><span style=\"font-weight: 400; color: #000000;\">N\u00eb vend t\u00eb k\u00ebsaj, k\u00ebto pyetje do t\u00eb shtrohen nga ministrat posht\u00eb tij n\u00eb Zyr\u00ebn e Jashtme, duke p\u00ebrfshir\u00eb Andrew Mitchell dhe Anne-Marie Trevelyan. Nuk \u00ebsht\u00eb e pazakont\u00eb q\u00eb deputet\u00ebt t\u00eb p\u00ebrgjigjen p\u00ebr departamentin, edhe pse kjo ndodh normalisht n\u00ebse Sekretari i Jasht\u00ebm \u00ebsht\u00eb n\u00eb vizita diplomatike anemban\u00eb bot\u00ebs.<\/span><\/p>\n<p><span style=\"color: #000000;\"><span style=\"font-weight: 400;\"><span style=\"color: #ff0000;\">VINI RE:<\/span> Ky material \u00ebsht\u00eb pron\u00ebsi intelektuale e <\/span><span style=\"color: #3366ff;\"><a style=\"color: #3366ff;\" href=\"https:\/\/www.bbc.com\/news\/uk-67436126\"><span style=\"font-weight: 400;\">BBC<\/span><\/a><\/span><\/span><\/p>\n<p>&nbsp;<\/p>\n","protected":false,"gt_translate_keys":[{"key":"rendered","format":"html"}]},"excerpt":{"rendered":"<p>Sekretari i ri i Jasht\u00ebm David Cameron ka b\u00ebr\u00eb vizit\u00ebn e tij t\u00eb par\u00eb t\u00eb pun\u00ebs n\u00eb Ukrain\u00eb, duke takuar presidentin Volodymyr Zelensky n\u00eb Kiev.\u00a0 Lord Cameron p\u00ebrs\u00ebriti mb\u00ebshtetjen e Mbret\u00ebris\u00eb s\u00eb Bashkuar p\u00ebr Ukrain\u00ebn, duke premtuar mb\u00ebshtetje morale, diplomatike dhe &#8216;mbi t\u00eb gjitha ushtarake p\u00ebr Ukrain\u00ebn sado q\u00eb t\u00eb zgjas\u00eb&#8217;.\u00a0 Zelensky uroi Kameron p\u00ebr [&hellip;]<\/p>\n","protected":false,"gt_translate_keys":[{"key":"rendered","format":"html"}]},"author":4,"featured_media":632307,"comment_status":"closed","ping_status":"closed","sticky":false,"template":"","format":"standard","meta":{"footnotes":""},"categories":[6],"tags":[],"class_list":["post-632303","post","type-post","status-publish","format-standard","has-post-thumbnail","hentry","category-nderkombetare"],"gt_translate_keys":[{"key":"link","format":"url"}],"_links":{"self":[{"href":"https:\/\/www.hashtag.al\/index.php\/wp-json\/wp\/v2\/posts\/632303","targetHints":{"allow":["GET"]}}],"collection":[{"href":"https:\/\/www.hashtag.al\/index.php\/wp-json\/wp\/v2\/posts"}],"about":[{"href":"https:\/\/www.hashtag.al\/index.php\/wp-json\/wp\/v2\/types\/post"}],"author":[{"embeddable":true,"href":"https:\/\/www.hashtag.al\/index.php\/wp-json\/wp\/v2\/users\/4"}],"replies":[{"embeddable":true,"href":"https:\/\/www.hashtag.al\/index.php\/wp-json\/wp\/v2\/comments?post=632303"}],"version-history":[{"count":0,"href":"https:\/\/www.hashtag.al\/index.php\/wp-json\/wp\/v2\/posts\/632303\/revisions"}],"wp:featuredmedia":[{"embeddable":true,"href":"https:\/\/www.hashtag.al\/index.php\/wp-json\/wp\/v2\/media\/632307"}],"wp:attachment":[{"href":"https:\/\/www.hashtag.al\/index.php\/wp-json\/wp\/v2\/media?parent=632303"}],"wp:term":[{"taxonomy":"category","embeddable":true,"href":"https:\/\/www.hashtag.al\/index.php\/wp-json\/wp\/v2\/categories?post=632303"},{"taxonomy":"post_tag","embeddable":true,"href":"https:\/\/www.hashtag.al\/index.php\/wp-json\/wp\/v2\/tags?post=632303"}],"curies":[{"name":"wp","href":"https:\/\/api.w.org\/{rel}","templated":true}]}}