{"id":631949,"date":"2023-11-14T21:55:36","date_gmt":"2023-11-14T20:55:36","guid":{"rendered":"https:\/\/www.hashtag.al\/?p=631949"},"modified":"2023-11-14T21:55:36","modified_gmt":"2023-11-14T20:55:36","slug":"rama-marreveshja-me-italine-do-shkoje-ne-parlament-nuk-eshte-favor-personal-por-qasje-strategjike","status":"publish","type":"post","link":"https:\/\/www.hashtag.al\/index.php\/2023\/11\/14\/rama-marreveshja-me-italine-do-shkoje-ne-parlament-nuk-eshte-favor-personal-por-qasje-strategjike\/","title":{"rendered":"Rama: Marr\u00ebveshja me Italin\u00eb do shkoj\u00eb n\u00eb Parlament, nuk \u00ebsht\u00eb favor personal por qasje strategjike","gt_translate_keys":[{"key":"rendered","format":"text"}]},"content":{"rendered":"<p><span style=\"color: #000000;\"><a style=\"color: #000000;\" href=\"https:\/\/www.hashtag.al\/wp-content\/uploads\/2023\/11\/rama-repolitix.png\"><img loading=\"lazy\" decoding=\"async\" class=\"aligncenter size-full wp-image-631950\" src=\"https:\/\/www.hashtag.al\/wp-content\/uploads\/2023\/11\/rama-repolitix.png\" alt=\"\" width=\"974\" height=\"495\" srcset=\"https:\/\/www.hashtag.al\/wp-content\/uploads\/2023\/11\/rama-repolitix.png 974w, https:\/\/www.hashtag.al\/wp-content\/uploads\/2023\/11\/rama-repolitix-300x152.png 300w, https:\/\/www.hashtag.al\/wp-content\/uploads\/2023\/11\/rama-repolitix-768x390.png 768w, https:\/\/www.hashtag.al\/wp-content\/uploads\/2023\/11\/rama-repolitix-568x290.png 568w\" sizes=\"auto, (max-width: 974px) 100vw, 974px\" \/><\/a><\/span><\/p>\n<p><span style=\"color: #000000;\">Kryeministri Edi Rama n\u00eb nj\u00eb intervist\u00eb p\u00ebr emisionin \u201cRepolitix\u201d deklaroi se marr\u00ebveshja me Italin\u00eb p\u00ebr emigrant\u00ebt do shkoj\u00eb n\u00eb Parlament.<\/span><\/p>\n<p><span style=\"color: #000000;\">Kryeministri Rama tha se kjo marr\u00ebveshje nuk \u00ebsht\u00eb favor personal, por qasje strategjike ndaj nj\u00eb partneri strategjik si Italia. <\/span><\/p>\n<p><span style=\"color: #000000;\">\u201c<em>Do ta \u00e7ojm\u00eb marr\u00ebveshjen n\u00eb parlament. Pala italiane donte t\u00eb nisnim me k\u00ebt\u00eb marr\u00ebveshje nd\u00ebrqeveritare. Ne ua kemi b\u00ebr\u00eb t\u00eb qart\u00eb se do ta b\u00ebjm\u00eb k\u00ebt\u00eb marr\u00ebveshje dhe do ia drejtojm\u00eb parlamentit. Zhurmat jan\u00eb pjes\u00eb e jet\u00ebs. Nuk jan\u00eb zhurmat q\u00eb drejtojn\u00eb vendimmarrjen e nj\u00eb qeverie. Nuk \u00ebsht\u00eb favor personal, por qasje strategjike ndaj nj\u00eb partneri strategjik. Italia e vetmja q\u00eb mund ta ket\u00eb nj\u00eb favor t\u00eb till\u00eb n\u00eb Shqip\u00ebri. \u00cbsht\u00eb edhe gjeografia shum\u00eb e r\u00ebnd\u00ebsishme, jemi fqinj me Italin\u00eb, na ndan nj\u00eb det, por mund t\u00eb ishim rajon i Italis\u00eb n\u00eb kuptimin gjeografik. Nj\u00eb marr\u00ebdh\u00ebnie e till\u00eb dhe nj\u00eb marr\u00ebveshje e till\u00eb me vende q\u00eb jan\u00eb shum\u00eb larg nesh, nuk b\u00ebn sens<\/em>\u201d- tha Rama.<\/span><\/p>\n<p>&nbsp;<\/p>\n","protected":false,"gt_translate_keys":[{"key":"rendered","format":"html"}]},"excerpt":{"rendered":"<p>Kryeministri Edi Rama n\u00eb nj\u00eb intervist\u00eb p\u00ebr emisionin \u201cRepolitix\u201d deklaroi se marr\u00ebveshja me Italin\u00eb p\u00ebr emigrant\u00ebt do shkoj\u00eb n\u00eb Parlament. Kryeministri Rama tha se kjo marr\u00ebveshje nuk \u00ebsht\u00eb favor personal, por qasje strategjike ndaj nj\u00eb partneri strategjik si Italia. \u201cDo ta \u00e7ojm\u00eb marr\u00ebveshjen n\u00eb parlament. Pala italiane donte t\u00eb nisnim me k\u00ebt\u00eb marr\u00ebveshje nd\u00ebrqeveritare. Ne [&hellip;]<\/p>\n","protected":false,"gt_translate_keys":[{"key":"rendered","format":"html"}]},"author":32,"featured_media":631950,"comment_status":"closed","ping_status":"closed","sticky":false,"template":"","format":"standard","meta":{"footnotes":""},"categories":[65,13],"tags":[],"class_list":["post-631949","post","type-post","status-publish","format-standard","has-post-thumbnail","hentry","category-lajme","category-te-fundit"],"gt_translate_keys":[{"key":"link","format":"url"}],"_links":{"self":[{"href":"https:\/\/www.hashtag.al\/index.php\/wp-json\/wp\/v2\/posts\/631949","targetHints":{"allow":["GET"]}}],"collection":[{"href":"https:\/\/www.hashtag.al\/index.php\/wp-json\/wp\/v2\/posts"}],"about":[{"href":"https:\/\/www.hashtag.al\/index.php\/wp-json\/wp\/v2\/types\/post"}],"author":[{"embeddable":true,"href":"https:\/\/www.hashtag.al\/index.php\/wp-json\/wp\/v2\/users\/32"}],"replies":[{"embeddable":true,"href":"https:\/\/www.hashtag.al\/index.php\/wp-json\/wp\/v2\/comments?post=631949"}],"version-history":[{"count":0,"href":"https:\/\/www.hashtag.al\/index.php\/wp-json\/wp\/v2\/posts\/631949\/revisions"}],"wp:featuredmedia":[{"embeddable":true,"href":"https:\/\/www.hashtag.al\/index.php\/wp-json\/wp\/v2\/media\/631950"}],"wp:attachment":[{"href":"https:\/\/www.hashtag.al\/index.php\/wp-json\/wp\/v2\/media?parent=631949"}],"wp:term":[{"taxonomy":"category","embeddable":true,"href":"https:\/\/www.hashtag.al\/index.php\/wp-json\/wp\/v2\/categories?post=631949"},{"taxonomy":"post_tag","embeddable":true,"href":"https:\/\/www.hashtag.al\/index.php\/wp-json\/wp\/v2\/tags?post=631949"}],"curies":[{"name":"wp","href":"https:\/\/api.w.org\/{rel}","templated":true}]}}