{"id":631801,"date":"2023-11-14T14:06:30","date_gmt":"2023-11-14T13:06:30","guid":{"rendered":"https:\/\/www.hashtag.al\/?p=631801"},"modified":"2023-11-14T14:06:30","modified_gmt":"2023-11-14T13:06:30","slug":"bardhi-ironizon-bashen-nuk-eshte-ne-misionin-tim-te-kerkoj-te-humburit","status":"publish","type":"post","link":"https:\/\/www.hashtag.al\/index.php\/2023\/11\/14\/bardhi-ironizon-bashen-nuk-eshte-ne-misionin-tim-te-kerkoj-te-humburit\/","title":{"rendered":"Bardhi ironizon Bash\u00ebn: Nuk \u00ebsht\u00eb n\u00eb misionin tim t\u00eb k\u00ebrkoj t\u00eb humburit\u00a0","gt_translate_keys":[{"key":"rendered","format":"text"}]},"content":{"rendered":"<p><img loading=\"lazy\" decoding=\"async\" class=\"size-full wp-image-631802 aligncenter\" src=\"https:\/\/www.hashtag.al\/wp-content\/uploads\/2023\/11\/gazmend-bardhi7.jpg\" alt=\"\" width=\"949\" height=\"470\" srcset=\"https:\/\/www.hashtag.al\/wp-content\/uploads\/2023\/11\/gazmend-bardhi7.jpg 949w, https:\/\/www.hashtag.al\/wp-content\/uploads\/2023\/11\/gazmend-bardhi7-300x149.jpg 300w, https:\/\/www.hashtag.al\/wp-content\/uploads\/2023\/11\/gazmend-bardhi7-768x380.jpg 768w\" sizes=\"auto, (max-width: 949px) 100vw, 949px\" \/><\/p>\n<p><span style=\"font-weight: 400; color: #000000;\">Pas mbledhje s\u00eb grupit parlamentar t\u00eb Partis\u00eb Demokratike, Gazment Bardhi u pyet nga mediat rreth nj\u00eb deklarate t\u00eb Agron Duk\u00ebs sipas t\u00eb cilit q\u00eb opozita t\u00eb fitoj\u00eb zgjedhjet e vitit 2025, duhet t\u00eb b\u00ebj\u00eb koalicion t\u00eb gjer\u00eb opozitar.\u00a0<\/span><\/p>\n<p><span style=\"font-weight: 400; color: #000000;\">Bardhi tha se n\u00eb k\u00ebt\u00eb koalicion \u00ebsht\u00eb i mir\u00ebpritur \u00e7do kush q\u00eb e ndjen veten kund\u00ebrshtar t\u00eb Edi Ram\u00ebs, por n\u00eb lidhje me Lulzim Bash\u00ebn, kreu aktual i Partis\u00eb Demokratike, tha Basha \u00ebsht\u00eb zhdukur nga angazhimi politik.<\/span><\/p>\n<p><span style=\"color: #000000;\"><i><span style=\"font-weight: 400;\">\u201cBesoj q\u00ebndrimi im \u00ebsht\u00eb publik. Kushdo q\u00eb ndjehet n\u00eb opozit\u00eb me qeverin\u00eb e Edi Ram\u00ebs t\u2019i bashkohet frontit opozitar. K\u00ebt\u00eb pyetje b\u00ebjani zt.Basha. N\u00ebse \u00ebsht\u00eb fshehur k\u00ebrkojeni. Pyesni zt.Basha n\u00ebse \u00ebsht\u00eb n\u00eb opozit\u00eb. Un\u00eb nuk e shikoj fare si\u00e7 nuk e shikoni ju. E kam par\u00eb vet\u00ebm nj\u00eb her\u00eb t\u00eb vraponte kur duheshin votat n\u00eb seanc\u00eb t\u00eb ligjit t\u00eb \u00e7imentimit t\u00eb kapjes nga Edi Rama t\u00eb Gjykat\u00ebs Kushtetuese dhe besoj nga ajo dit\u00eb ka humbur nga v\u00ebshtrimi. Nuk e kam k\u00ebrkuar sepse nuk \u00ebsht\u00eb misioni im t\u00eb k\u00ebrkoj t\u00eb humburit\u201d.<\/span><\/i><\/span><\/p>\n<p><span style=\"font-weight: 400; color: #000000;\">Duke folur rreth situat\u00ebs aktuale, Bardhi theksoi se opozita nuk d\u00ebshiron nj\u00eb Parlament jo funksional.\u00a0<\/span><\/p>\n<p><span style=\"color: #000000;\"><i><span style=\"font-weight: 400;\">\u201cKur t\u00eb jet\u00eb momenti p\u00ebr t\u00eb kaluar n\u00eb at\u00eb faz\u00eb t\u00eb jeni t\u00eb sigurt q\u00eb nuk do tua mbajm\u00eb t\u00eb fsheht\u00eb. Jemi gati p\u00ebr t\u00eb shkuar n\u00eb \u00e7do akt p\u00ebrfshir\u00eb edhe aktet q\u00eb ju p\u00ebrmendi dhe dit\u00eb pas dite do t\u00eb m\u00ebsoni p\u00ebrshkall\u00ebzimin e akteve. Duam q\u00eb Parlamenti t\u00eb mos jet\u00eb n\u00eb anormalitet. Duam q\u00eb Parlamenti t\u00eb funksionoj\u00eb sipas rregullave t\u00eb Kushtetut\u00ebs jo si nj\u00eb favor ndaj opozit\u00ebs por si nj\u00eb e drejt\u00eb ndaj deputet\u00ebve t\u00eb opozit\u00ebs. ne duam t\u00eb hetojm\u00eb kontratat n\u00eb sektorin e sh\u00ebndet\u00ebsis\u00eb q\u00eb fondet t\u00eb shkojn\u00eb p\u00ebr qytetar\u00ebt dhe jo n\u00eb xhepat t\u00eb bashk\u00ebpun\u00ebtor\u00ebve t\u00eb Edi Ram\u00ebs. Ne duam t\u00eb hetojm\u00eb t\u00eb dh\u00ebnat e TIMS. K\u00ebto jan\u00eb t\u00eb drejta kushtetuese t\u00eb opozit\u00ebs dhe ne jemi t\u00eb vendosur p\u00ebr t\u2019i mbrojtur\u201d,<\/span><\/i><span style=\"font-weight: 400;\"> theksoi ai.<\/span><\/span><\/p>\n","protected":false,"gt_translate_keys":[{"key":"rendered","format":"html"}]},"excerpt":{"rendered":"<p>Pas mbledhje s\u00eb grupit parlamentar t\u00eb Partis\u00eb Demokratike, Gazment Bardhi u pyet nga mediat rreth nj\u00eb deklarate t\u00eb Agron Duk\u00ebs sipas t\u00eb cilit q\u00eb opozita t\u00eb fitoj\u00eb zgjedhjet e vitit 2025, duhet t\u00eb b\u00ebj\u00eb koalicion t\u00eb gjer\u00eb opozitar.\u00a0 Bardhi tha se n\u00eb k\u00ebt\u00eb koalicion \u00ebsht\u00eb i mir\u00ebpritur \u00e7do kush q\u00eb e ndjen veten kund\u00ebrshtar t\u00eb [&hellip;]<\/p>\n","protected":false,"gt_translate_keys":[{"key":"rendered","format":"html"}]},"author":4,"featured_media":631802,"comment_status":"closed","ping_status":"closed","sticky":false,"template":"","format":"standard","meta":{"footnotes":""},"categories":[65],"tags":[],"class_list":["post-631801","post","type-post","status-publish","format-standard","has-post-thumbnail","hentry","category-lajme"],"gt_translate_keys":[{"key":"link","format":"url"}],"_links":{"self":[{"href":"https:\/\/www.hashtag.al\/index.php\/wp-json\/wp\/v2\/posts\/631801","targetHints":{"allow":["GET"]}}],"collection":[{"href":"https:\/\/www.hashtag.al\/index.php\/wp-json\/wp\/v2\/posts"}],"about":[{"href":"https:\/\/www.hashtag.al\/index.php\/wp-json\/wp\/v2\/types\/post"}],"author":[{"embeddable":true,"href":"https:\/\/www.hashtag.al\/index.php\/wp-json\/wp\/v2\/users\/4"}],"replies":[{"embeddable":true,"href":"https:\/\/www.hashtag.al\/index.php\/wp-json\/wp\/v2\/comments?post=631801"}],"version-history":[{"count":0,"href":"https:\/\/www.hashtag.al\/index.php\/wp-json\/wp\/v2\/posts\/631801\/revisions"}],"wp:featuredmedia":[{"embeddable":true,"href":"https:\/\/www.hashtag.al\/index.php\/wp-json\/wp\/v2\/media\/631802"}],"wp:attachment":[{"href":"https:\/\/www.hashtag.al\/index.php\/wp-json\/wp\/v2\/media?parent=631801"}],"wp:term":[{"taxonomy":"category","embeddable":true,"href":"https:\/\/www.hashtag.al\/index.php\/wp-json\/wp\/v2\/categories?post=631801"},{"taxonomy":"post_tag","embeddable":true,"href":"https:\/\/www.hashtag.al\/index.php\/wp-json\/wp\/v2\/tags?post=631801"}],"curies":[{"name":"wp","href":"https:\/\/api.w.org\/{rel}","templated":true}]}}