{"id":631793,"date":"2023-11-14T13:59:23","date_gmt":"2023-11-14T12:59:23","guid":{"rendered":"https:\/\/www.hashtag.al\/?p=631793"},"modified":"2023-11-14T13:59:23","modified_gmt":"2023-11-14T12:59:23","slug":"berisha-denoncuesi-mori-7-milione-leke-per-arrestimin-e-belerit","status":"publish","type":"post","link":"https:\/\/www.hashtag.al\/index.php\/2023\/11\/14\/berisha-denoncuesi-mori-7-milione-leke-per-arrestimin-e-belerit\/","title":{"rendered":"Berisha: Denoncuesi mori 7 milion\u00eb lek\u00eb p\u00ebr arrestimin e Belerit","gt_translate_keys":[{"key":"rendered","format":"text"}]},"content":{"rendered":"<p><img loading=\"lazy\" decoding=\"async\" class=\"size-full wp-image-631796 aligncenter\" src=\"https:\/\/www.hashtag.al\/wp-content\/uploads\/2023\/11\/Berisha-6-768x512-1.jpg\" alt=\"\" width=\"768\" height=\"512\" srcset=\"https:\/\/www.hashtag.al\/wp-content\/uploads\/2023\/11\/Berisha-6-768x512-1.jpg 768w, https:\/\/www.hashtag.al\/wp-content\/uploads\/2023\/11\/Berisha-6-768x512-1-300x200.jpg 300w\" sizes=\"auto, (max-width: 768px) 100vw, 768px\" \/><\/p>\n<p><span style=\"font-weight: 400; color: #000000;\">Ish-kryeministri Sali Berisha ka komentuar s\u00ebrish arrestimin e kryebashkiakut t\u00eb zgjedhur t\u00eb Himar\u00ebs, Fredi Beleri, ku theksoi se denoncuesi i rrem\u00eb \u00ebsht\u00eb paguar me 7 milion\u00eb lek\u00eb.<\/span><\/p>\n<p><span style=\"font-weight: 400; color: #000000;\">N\u00eb nj\u00eb dalje p\u00ebr mediat, Berisha tha se nuk mund t\u00eb merret si prov\u00eb di\u00e7ka e marr\u00eb me provokim.<\/span><\/p>\n<p><span style=\"color: #000000;\"><i><span style=\"font-weight: 400;\">\u201cAi ishte arrestim fund e krye politik\u00eb. \u00cbsht\u00eb n\u00eb turpin e institucioneve q\u00eb pranuan p\u00ebr prov\u00eb at\u00eb q\u00eb kodi i i procedur\u00ebs penale e ndalon p\u00ebr prov\u00eb. Nuk mund t\u00eb merret p\u00ebr prov\u00eb di\u00e7ka e b\u00ebr\u00eb me provokim. Ai u shp\u00ebrble me 7 milion\u00eb lek\u00eb nga nj\u00eb fond q\u00eb nuk duhet t\u2019i merrte kurr\u00eb. Ai fond ka destinacion tjet\u00ebr. Skandal ishte dhe marrja me forc\u00eb e nj\u00eb n\u00ebne me 3 f\u00ebmij\u00eb.\u201d<\/span><\/i><span style=\"font-weight: 400;\">, tha ai.<\/span><\/span><\/p>\n<p><span style=\"font-weight: 400; color: #000000;\">Po ashtu ai tha se opozita \u00ebsht\u00eb e bashkuar.<\/span><\/p>\n<p><span style=\"color: #000000;\"><i><span style=\"font-weight: 400;\">\u201cOpozita \u00ebsht\u00eb t\u00ebr\u00ebsisht e bashkuar. M\u00eb vjen keq\u2026fakti q\u00eb jan\u00eb futur n\u00eb klandestinitet, \u00ebsht\u00eb efekti m\u00eb i fuqish\u00ebm i protest\u00ebs opozitare. Shnd\u00ebrrohen komisionet n\u00eb digjital\u00eb, tregon se Rama parlamentin e konsideron me zero.<\/span><\/i><span style=\"font-weight: 400;\">\u201d, pohoi Berisha.<\/span><\/span><\/p>\n<p><span style=\"font-weight: 400; color: #000000;\">Ish-kryeministri Sali Berisha ka komentuar s\u00ebrish arrestimin e kryebashkiakut t\u00eb zgjedhur t\u00eb Himar\u00ebs, Fredi Beleri, ku theksoi se denoncuesi i rrem\u00eb \u00ebsht\u00eb paguar me 7 milion\u00eb lek\u00eb.<\/span><\/p>\n<p><span style=\"font-weight: 400; color: #000000;\">N\u00eb nj\u00eb dalje p\u00ebr mediat, Berisha tha se nuk mund t\u00eb merret si prov\u00eb di\u00e7ka e marr\u00eb me provokim.<\/span><\/p>\n<p><span style=\"color: #000000;\"><i><span style=\"font-weight: 400;\">\u201cAi ishte arrestim fund e krye politik\u00eb. \u00cbsht\u00eb n\u00eb turpin e institucioneve q\u00eb pranuan p\u00ebr prov\u00eb at\u00eb q\u00eb kodi i i procedur\u00ebs penale e ndalon p\u00ebr prov\u00eb. Nuk mund t\u00eb merret p\u00ebr prov\u00eb di\u00e7ka e b\u00ebr\u00eb me provokim. Ai u shp\u00ebrble me 7 milion\u00eb lek\u00eb nga nj\u00eb fond q\u00eb nuk duhet t\u2019i merrte kurr\u00eb. Ai fond ka destinacion tjet\u00ebr. Skandal ishte dhe marrja me forc\u00eb e nj\u00eb n\u00ebne me 3 f\u00ebmij\u00eb.\u201d<\/span><\/i><span style=\"font-weight: 400;\">, tha ai.<\/span><\/span><\/p>\n<p><span style=\"font-weight: 400; color: #000000;\">Po ashtu ai tha se opozita \u00ebsht\u00eb e bashkuar.<\/span><\/p>\n<p><span style=\"color: #000000;\"><i><span style=\"font-weight: 400;\">\u201cOpozita \u00ebsht\u00eb t\u00ebr\u00ebsisht e bashkuar. M\u00eb vjen keq\u2026fakti q\u00eb jan\u00eb futur n\u00eb klandestinitet, \u00ebsht\u00eb efekti m\u00eb i fuqish\u00ebm i protest\u00ebs opozitare. Shnd\u00ebrrohen komisionet n\u00eb digjital\u00eb, tregon se Rama parlamentin e konsideron me zero.<\/span><\/i><span style=\"font-weight: 400;\">\u201d, pohoi Berisha.<\/span><\/span><\/p>\n","protected":false,"gt_translate_keys":[{"key":"rendered","format":"html"}]},"excerpt":{"rendered":"<p>Ish-kryeministri Sali Berisha ka komentuar s\u00ebrish arrestimin e kryebashkiakut t\u00eb zgjedhur t\u00eb Himar\u00ebs, Fredi Beleri, ku theksoi se denoncuesi i rrem\u00eb \u00ebsht\u00eb paguar me 7 milion\u00eb lek\u00eb. N\u00eb nj\u00eb dalje p\u00ebr mediat, Berisha tha se nuk mund t\u00eb merret si prov\u00eb di\u00e7ka e marr\u00eb me provokim. \u201cAi ishte arrestim fund e krye politik\u00eb. \u00cbsht\u00eb n\u00eb [&hellip;]<\/p>\n","protected":false,"gt_translate_keys":[{"key":"rendered","format":"html"}]},"author":4,"featured_media":631796,"comment_status":"closed","ping_status":"closed","sticky":false,"template":"","format":"standard","meta":{"footnotes":""},"categories":[65],"tags":[],"class_list":["post-631793","post","type-post","status-publish","format-standard","has-post-thumbnail","hentry","category-lajme"],"gt_translate_keys":[{"key":"link","format":"url"}],"_links":{"self":[{"href":"https:\/\/www.hashtag.al\/index.php\/wp-json\/wp\/v2\/posts\/631793","targetHints":{"allow":["GET"]}}],"collection":[{"href":"https:\/\/www.hashtag.al\/index.php\/wp-json\/wp\/v2\/posts"}],"about":[{"href":"https:\/\/www.hashtag.al\/index.php\/wp-json\/wp\/v2\/types\/post"}],"author":[{"embeddable":true,"href":"https:\/\/www.hashtag.al\/index.php\/wp-json\/wp\/v2\/users\/4"}],"replies":[{"embeddable":true,"href":"https:\/\/www.hashtag.al\/index.php\/wp-json\/wp\/v2\/comments?post=631793"}],"version-history":[{"count":0,"href":"https:\/\/www.hashtag.al\/index.php\/wp-json\/wp\/v2\/posts\/631793\/revisions"}],"wp:featuredmedia":[{"embeddable":true,"href":"https:\/\/www.hashtag.al\/index.php\/wp-json\/wp\/v2\/media\/631796"}],"wp:attachment":[{"href":"https:\/\/www.hashtag.al\/index.php\/wp-json\/wp\/v2\/media?parent=631793"}],"wp:term":[{"taxonomy":"category","embeddable":true,"href":"https:\/\/www.hashtag.al\/index.php\/wp-json\/wp\/v2\/categories?post=631793"},{"taxonomy":"post_tag","embeddable":true,"href":"https:\/\/www.hashtag.al\/index.php\/wp-json\/wp\/v2\/tags?post=631793"}],"curies":[{"name":"wp","href":"https:\/\/api.w.org\/{rel}","templated":true}]}}