{"id":631673,"date":"2023-11-13T22:46:47","date_gmt":"2023-11-13T21:46:47","guid":{"rendered":"https:\/\/www.hashtag.al\/?p=631673"},"modified":"2023-11-13T22:46:47","modified_gmt":"2023-11-13T21:46:47","slug":"borrell-propozim-per-te-ardhmen-e-gazes-pas-luftes","status":"publish","type":"post","link":"https:\/\/www.hashtag.al\/index.php\/2023\/11\/13\/borrell-propozim-per-te-ardhmen-e-gazes-pas-luftes\/","title":{"rendered":"Borrell, propozim p\u00ebr t\u00eb ardhmen e Gaz\u00ebs pas luft\u00ebs","gt_translate_keys":[{"key":"rendered","format":"text"}]},"content":{"rendered":"<p><img loading=\"lazy\" decoding=\"async\" class=\"alignnone size-full wp-image-631675\" src=\"https:\/\/www.hashtag.al\/wp-content\/uploads\/2023\/11\/Screenshot-2023-11-13-222357.png\" alt=\"\" width=\"821\" height=\"497\" srcset=\"https:\/\/www.hashtag.al\/wp-content\/uploads\/2023\/11\/Screenshot-2023-11-13-222357.png 821w, https:\/\/www.hashtag.al\/wp-content\/uploads\/2023\/11\/Screenshot-2023-11-13-222357-300x182.png 300w, https:\/\/www.hashtag.al\/wp-content\/uploads\/2023\/11\/Screenshot-2023-11-13-222357-768x465.png 768w\" sizes=\"auto, (max-width: 821px) 100vw, 821px\" \/><\/p>\n<p style=\"text-align: left;\"><span style=\"color: #000000;\">Shefi i politik\u00ebs s\u00eb Jashtme t\u00eb Bashkimit Evropian, Josep Borrell, paraqiti nj\u00eb paket\u00eb t\u00eb re propozimesh se si duhet t\u00eb drejtohet Gaza pas mbarimit t\u00eb luft\u00ebs mes Izraelit dhe Hamasit.<\/span><\/p>\n<p style=\"text-align: left;\"><span style=\"color: #000000;\">Zoti Borrell, i cili gjat\u00eb k\u00ebsaj jave pritet t\u00eb shkoj\u00eb n\u00eb Izrael, territoret palestineze dhe vendet fqinje, tha se \u00ebsht\u00eb jetike t\u00eb mendohet mbi at\u00eb q\u00eb do t\u00eb ndodh\u00eb pas luft\u00ebs, edhe pse luftimet sa vijn\u00eb e ashp\u00ebrsohen.<\/span><\/p>\n<p style=\"text-align: left;\"><span style=\"color: #000000;\">Ai tha se komuniteti nd\u00ebrkomb\u00ebtar kishte d\u00ebshtuar<em>\u00a0\u201cpolitikisht dhe moralisht\u201d<\/em>\u00a0p\u00ebr gjetjen e nj\u00eb zgjidhjeje afatgjat\u00eb p\u00ebr konliktin mes izraelit\u00ebve dhe palestinez\u00ebve dhe se tani \u00ebsht\u00eb koha t\u00eb dyfishohen p\u00ebrpjekjet p\u00ebr nj\u00eb zgjidhje me dy shtete, shkruan<span style=\"color: #0000ff;\"> <a style=\"color: #0000ff;\" href=\"https:\/\/www.zeriamerikes.com\/a\/7353298.html\">VOA.<\/a><\/span><\/span><\/p>\n<p style=\"text-align: left;\"><span style=\"color: #000000;\">Duke folur p\u00ebr gazetar\u00ebt pas takimit t\u00eb ministrave t\u00eb Jasht\u00ebm t\u00eb Bashkimit Evropian n\u00eb Bruksel, ai paraqiti propozimin e tij ku detajohet se \u00e7far\u00eb \u00ebsht\u00eb e pranueshme dhe \u00e7far\u00eb jo.<\/span><\/p>\n<p style=\"text-align: left;\"><span style=\"color: #000000;\">Ai \u00ebsht\u00eb kund\u00ebr \u00e7do zhvendosjeje t\u00eb detyruar t\u00eb palestinez\u00ebve nga Gaza, nj\u00eb ripushtimi t\u00eb p\u00ebrhersh\u00ebm nga ushtria izraelite, tkurrjes s\u00eb territorit t\u00eb Gaz\u00ebs apo rikthimit t\u00eb territorit n\u00ebn kontrollin e Hamasit.<\/span><\/p>\n<p style=\"text-align: left;\"><span style=\"color: #000000;\">Sipas tij, atje duhet t\u00eb vendoset\u00a0<em>\u201cautoriteti palestinez\u201d<\/em>, q\u00eb sipas tij, mund t\u00eb jet\u00eb nj\u00eb variant i p\u00ebrforcuar i Autoritetit Palestinez q\u00eb aktualisht drejton Bregun Per\u00ebndimor legjitimiteti i t\u00eb cilit\u00a0<em>\u201ct\u00eb p\u00ebrcaktohet dhe vendoset nga K\u00ebshilli i Sigurimit t\u00eb Kombeve t\u00eb Bashkuara\u201d.<\/em><\/span><\/p>\n<p style=\"text-align: left;\"><span style=\"color: #000000;\">Ai tha se vendet arabe duhet t\u00eb thellojn\u00eb angazhimin n\u00eb mb\u00ebshtetjen e Autoritetit Palestinez dhe Bashkimi Europian duhet t\u00eb jet\u00eb m\u00eb i angazhuar n\u00eb rajon, ve\u00e7an\u00ebrisht n\u00eb nd\u00ebrtimin e shtetit palestnez.<\/span><\/p>\n<p style=\"text-align: left;\"><span style=\"color: #000000;\"><em>\u201cKemi munguar atje p\u00ebr nj\u00eb koh\u00eb t\u00eb gjat\u00eb. Ia kemi deleguar zgjidhjen e k\u00ebtij problemi Shteteve t\u00eb Bashkuara. Por Evropa duhet t\u00eb jet\u00eb me p\u00ebrfshir\u00eb\u201d,\u00a0<\/em>thot\u00eb zoti Borrell.<\/span><\/p>\n","protected":false,"gt_translate_keys":[{"key":"rendered","format":"html"}]},"excerpt":{"rendered":"<p>Shefi i politik\u00ebs s\u00eb Jashtme t\u00eb Bashkimit Evropian, Josep Borrell, paraqiti nj\u00eb paket\u00eb t\u00eb re propozimesh se si duhet t\u00eb drejtohet Gaza pas mbarimit t\u00eb luft\u00ebs mes Izraelit dhe Hamasit. Zoti Borrell, i cili gjat\u00eb k\u00ebsaj jave pritet t\u00eb shkoj\u00eb n\u00eb Izrael, territoret palestineze dhe vendet fqinje, tha se \u00ebsht\u00eb jetike t\u00eb mendohet mbi at\u00eb [&hellip;]<\/p>\n","protected":false,"gt_translate_keys":[{"key":"rendered","format":"html"}]},"author":4,"featured_media":631675,"comment_status":"closed","ping_status":"closed","sticky":false,"template":"","format":"standard","meta":{"footnotes":""},"categories":[6],"tags":[],"class_list":["post-631673","post","type-post","status-publish","format-standard","has-post-thumbnail","hentry","category-nderkombetare"],"gt_translate_keys":[{"key":"link","format":"url"}],"_links":{"self":[{"href":"https:\/\/www.hashtag.al\/index.php\/wp-json\/wp\/v2\/posts\/631673","targetHints":{"allow":["GET"]}}],"collection":[{"href":"https:\/\/www.hashtag.al\/index.php\/wp-json\/wp\/v2\/posts"}],"about":[{"href":"https:\/\/www.hashtag.al\/index.php\/wp-json\/wp\/v2\/types\/post"}],"author":[{"embeddable":true,"href":"https:\/\/www.hashtag.al\/index.php\/wp-json\/wp\/v2\/users\/4"}],"replies":[{"embeddable":true,"href":"https:\/\/www.hashtag.al\/index.php\/wp-json\/wp\/v2\/comments?post=631673"}],"version-history":[{"count":0,"href":"https:\/\/www.hashtag.al\/index.php\/wp-json\/wp\/v2\/posts\/631673\/revisions"}],"wp:featuredmedia":[{"embeddable":true,"href":"https:\/\/www.hashtag.al\/index.php\/wp-json\/wp\/v2\/media\/631675"}],"wp:attachment":[{"href":"https:\/\/www.hashtag.al\/index.php\/wp-json\/wp\/v2\/media?parent=631673"}],"wp:term":[{"taxonomy":"category","embeddable":true,"href":"https:\/\/www.hashtag.al\/index.php\/wp-json\/wp\/v2\/categories?post=631673"},{"taxonomy":"post_tag","embeddable":true,"href":"https:\/\/www.hashtag.al\/index.php\/wp-json\/wp\/v2\/tags?post=631673"}],"curies":[{"name":"wp","href":"https:\/\/api.w.org\/{rel}","templated":true}]}}