{"id":631453,"date":"2023-11-13T10:13:34","date_gmt":"2023-11-13T09:13:34","guid":{"rendered":"https:\/\/www.hashtag.al\/?p=631453"},"modified":"2023-11-14T09:22:06","modified_gmt":"2023-11-14T08:22:06","slug":"akuzoi-policine-per-favorizimin-e-protestuesve-pro-palestineze-shkarkohet-sekretarja-e-brendshme-britanike-suella-braverman","status":"publish","type":"post","link":"https:\/\/www.hashtag.al\/index.php\/2023\/11\/13\/akuzoi-policine-per-favorizimin-e-protestuesve-pro-palestineze-shkarkohet-sekretarja-e-brendshme-britanike-suella-braverman\/","title":{"rendered":"Kryeministri britanik Sunak shkarkon Ministren e Brendshme Braverman","gt_translate_keys":[{"key":"rendered","format":"text"}]},"content":{"rendered":"<p><img loading=\"lazy\" decoding=\"async\" class=\"size-full wp-image-631454 aligncenter\" src=\"https:\/\/www.hashtag.al\/wp-content\/uploads\/2023\/11\/download-13.webp\" alt=\"\" width=\"1440\" height=\"960\" srcset=\"https:\/\/www.hashtag.al\/wp-content\/uploads\/2023\/11\/download-13.webp 1440w, https:\/\/www.hashtag.al\/wp-content\/uploads\/2023\/11\/download-13-300x200.webp 300w, https:\/\/www.hashtag.al\/wp-content\/uploads\/2023\/11\/download-13-1024x683.webp 1024w, https:\/\/www.hashtag.al\/wp-content\/uploads\/2023\/11\/download-13-768x512.webp 768w\" sizes=\"auto, (max-width: 1440px) 100vw, 1440px\" \/><\/p>\n<p><span style=\"font-weight: 400; color: #000000;\">Rishi Sunak shkarkoi sekretaren e tij t\u00eb brendshme, Suella Braverman, t\u00eb h\u00ebn\u00ebn pas nj\u00eb grindjeje t\u00eb ashp\u00ebr lidhur me policin\u00eb e nj\u00eb marshimi pro-palestinez n\u00eb rrug\u00ebt e Londr\u00ebs.\u00a0 Braverman botoi nj\u00eb artikull shp\u00ebrthyes n\u00eb Times jav\u00ebn e kaluar duke akuzuar policin\u00eb p\u00ebr trajtimin e protestuesve pro-palestinez\u00eb m\u00eb n\u00eb favor se nacionalist\u00ebt dhe ekstremin e djatht\u00eb. Artikulli nuk u n\u00ebnshkrua nga ekipi i Sunak n\u00eb Nr.10 Downing Street.\u00a0 <\/span><\/p>\n<p><span style=\"color: #000000;\"><span style=\"font-weight: 400;\"><em>&#8220;<span style=\"color: #000000;\">Rishi Sunak i ka k\u00ebrkuar Suella Braverman t\u00eb largohet nga qeveria dhe ajo ka pranuar,&#8221;<\/span><\/em><span style=\"color: #000000;\"> tha nj\u00eb zyrtar i zyrtar i Sunak,<\/span><\/span><span style=\"font-weight: 400;\">\u00a0shkruan <\/span><a style=\"color: #000000;\" href=\"https:\/\/www.politico.eu\/article\/rishi-sunak-fires-suella-braverman-row-police-over-pro-palestine-protest-israel-conflict\/\"><span style=\"font-weight: 400;\">Politico<\/span><\/a><span style=\"font-weight: 400;\">.<\/span><\/span><\/p>\n<p><span style=\"font-weight: 400; color: #000000;\">Shkarkimi dramatik i Braverman vjen pas protestave n\u00eb Lond\u00ebr t\u00eb shtun\u00ebn.\u00a0 Kund\u00ebr-protestuesit e ekstremit t\u00eb djatht\u00eb q\u00eb zotoheshin t\u00eb mbronin p\u00ebrmendoret e luft\u00ebs nga demo pro-palestineze u p\u00ebrlesh\u00ebn me policin\u00eb, nd\u00ebrsa disa nga ata q\u00eb u shk\u00ebput\u00ebn nga demonstrata kryesore u soll\u00ebn gjithashtu &#8220;n\u00eb nj\u00eb m\u00ebnyr\u00eb frik\u00ebsuese,&#8221; sipas nj\u00eb deklarate nga Policia Metropolitane.<\/span><\/p>\n<p><span style=\"font-weight: 400; color: #000000;\">\u00a0Met tha t\u00eb diel\u00ebn mbr\u00ebma se 145 vet\u00eb ishin arrestuar n\u00eb lidhje me demo deri tani , me kund\u00ebr-protestuesit e &#8220;shumic\u00ebs d\u00ebrrmuese&#8221;.<\/span><\/p>\n<p><span style=\"font-weight: 400; color: #000000;\">Pas demonstrat\u00ebs, Policia Metropolitane tha n\u00eb nj\u00eb deklarat\u00eb se &#8220;nj\u00eb jav\u00eb debat intensiv rreth protest\u00ebs dhe policis\u00eb&#8221; kishte ndihmuar n\u00eb &#8220;rritjen e tensioneve t\u00eb komunitetit&#8221; par\u00eb si nj\u00eb referenc\u00eb e maskuar ndaj kritikave t\u00eb Braverman ndaj forcave policore.<\/span><\/p>\n<p><span style=\"font-weight: 400; color: #000000;\">Policia britanike \u00ebsht\u00eb operacionalisht e pavarur nga qeveria dhe Partia Laburiste e opozit\u00ebs e kishte akuzuar Braverman, shkurtimi i t\u00eb cil\u00ebs p\u00ebrfshinte ligjin dhe rendin\u00a0 p\u00ebr &#8220;posht\u00ebrim&#8221; t\u00eb zyr\u00ebs s\u00eb saj duke u dukur se vinte n\u00eb dyshim gjykimin e oficer\u00ebve t\u00eb lart\u00eb.<\/span><\/p>\n","protected":false,"gt_translate_keys":[{"key":"rendered","format":"html"}]},"excerpt":{"rendered":"<p>Rishi Sunak shkarkoi sekretaren e tij t\u00eb brendshme, Suella Braverman, t\u00eb h\u00ebn\u00ebn pas nj\u00eb grindjeje t\u00eb ashp\u00ebr lidhur me policin\u00eb e nj\u00eb marshimi pro-palestinez n\u00eb rrug\u00ebt e Londr\u00ebs.\u00a0 Braverman botoi nj\u00eb artikull shp\u00ebrthyes n\u00eb Times jav\u00ebn e kaluar duke akuzuar policin\u00eb p\u00ebr trajtimin e protestuesve pro-palestinez\u00eb m\u00eb n\u00eb favor se nacionalist\u00ebt dhe ekstremin e djatht\u00eb. [&hellip;]<\/p>\n","protected":false,"gt_translate_keys":[{"key":"rendered","format":"html"}]},"author":4,"featured_media":631454,"comment_status":"closed","ping_status":"closed","sticky":false,"template":"","format":"standard","meta":{"footnotes":""},"categories":[53],"tags":[],"class_list":["post-631453","post","type-post","status-publish","format-standard","has-post-thumbnail","hentry","category-fast-foodi"],"gt_translate_keys":[{"key":"link","format":"url"}],"_links":{"self":[{"href":"https:\/\/www.hashtag.al\/index.php\/wp-json\/wp\/v2\/posts\/631453","targetHints":{"allow":["GET"]}}],"collection":[{"href":"https:\/\/www.hashtag.al\/index.php\/wp-json\/wp\/v2\/posts"}],"about":[{"href":"https:\/\/www.hashtag.al\/index.php\/wp-json\/wp\/v2\/types\/post"}],"author":[{"embeddable":true,"href":"https:\/\/www.hashtag.al\/index.php\/wp-json\/wp\/v2\/users\/4"}],"replies":[{"embeddable":true,"href":"https:\/\/www.hashtag.al\/index.php\/wp-json\/wp\/v2\/comments?post=631453"}],"version-history":[{"count":0,"href":"https:\/\/www.hashtag.al\/index.php\/wp-json\/wp\/v2\/posts\/631453\/revisions"}],"wp:featuredmedia":[{"embeddable":true,"href":"https:\/\/www.hashtag.al\/index.php\/wp-json\/wp\/v2\/media\/631454"}],"wp:attachment":[{"href":"https:\/\/www.hashtag.al\/index.php\/wp-json\/wp\/v2\/media?parent=631453"}],"wp:term":[{"taxonomy":"category","embeddable":true,"href":"https:\/\/www.hashtag.al\/index.php\/wp-json\/wp\/v2\/categories?post=631453"},{"taxonomy":"post_tag","embeddable":true,"href":"https:\/\/www.hashtag.al\/index.php\/wp-json\/wp\/v2\/tags?post=631453"}],"curies":[{"name":"wp","href":"https:\/\/api.w.org\/{rel}","templated":true}]}}