{"id":631407,"date":"2023-11-13T07:58:28","date_gmt":"2023-11-13T06:58:28","guid":{"rendered":"https:\/\/www.hashtag.al\/?p=631407"},"modified":"2023-11-12T22:32:08","modified_gmt":"2023-11-12T21:32:08","slug":"islanda-pergatitet-per-shperthim-vullkanik","status":"publish","type":"post","link":"https:\/\/www.hashtag.al\/index.php\/2023\/11\/13\/islanda-pergatitet-per-shperthim-vullkanik\/","title":{"rendered":"Islanda p\u00ebrgatitet p\u00ebr shp\u00ebrthim vullkanik","gt_translate_keys":[{"key":"rendered","format":"text"}]},"content":{"rendered":"<p><span style=\"color: #000000;\"><img loading=\"lazy\" decoding=\"async\" class=\"aligncenter size-full wp-image-631408\" src=\"https:\/\/www.hashtag.al\/wp-content\/uploads\/2023\/11\/islande.PNG3_.png\" alt=\"\" width=\"1017\" height=\"716\" srcset=\"https:\/\/www.hashtag.al\/wp-content\/uploads\/2023\/11\/islande.PNG3_.png 1017w, https:\/\/www.hashtag.al\/wp-content\/uploads\/2023\/11\/islande.PNG3_-300x211.png 300w, https:\/\/www.hashtag.al\/wp-content\/uploads\/2023\/11\/islande.PNG3_-768x541.png 768w, https:\/\/www.hashtag.al\/wp-content\/uploads\/2023\/11\/islande.PNG3_-570x400.png 570w, https:\/\/www.hashtag.al\/wp-content\/uploads\/2023\/11\/islande.PNG3_-360x252.png 360w\" sizes=\"auto, (max-width: 1017px) 100vw, 1017px\" \/><\/span><\/p>\n<p><span style=\"color: #000000;\">Autoritetet islandeze than\u00eb t\u00eb shtun\u00ebn se po p\u00ebrgatiteshin p\u00ebr nj\u00eb shp\u00ebrthim vullkanik n\u00eb jugper\u00ebndim t\u00eb ishullit n\u00eb dit\u00ebt n\u00eb vijim, pas nj\u00eb serie t\u00ebrmetesh dhe d\u00ebshmi t\u00eb magm\u00ebs q\u00eb p\u00ebrhapet me shpejt\u00ebsi n\u00ebn tok\u00eb.<\/span><\/p>\n<p><span style=\"color: #000000;\">Zyra Meteorologjike Islandeze tha se ekzistonte nj\u00eb rrezik &#8220;i konsideruesh\u00ebm&#8221; i nj\u00eb shp\u00ebrthimi n\u00eb ose jasht\u00eb gadishullit Reykjanes p\u00ebr shkak t\u00eb madh\u00ebsis\u00eb s\u00eb dep\u00ebrtimit t\u00eb magm\u00ebs n\u00ebntok\u00ebsore dhe shpejt\u00ebsis\u00eb me t\u00eb cil\u00ebn l\u00ebvizte.<\/span><\/p>\n<p><span style=\"color: #000000;\"><em>\u201cProbabiliteti i nj\u00eb shp\u00ebrthimi \u00ebsht\u00eb rritur dhe nj\u00eb i till\u00eb mund t\u00eb filloj\u00eb n\u00eb \u00e7do koh\u00eb n\u00eb dit\u00ebt e ardhshme\u201d<\/em>, thuhet n\u00eb nj\u00eb deklarat\u00eb.<\/span><\/p>\n<p><span style=\"color: #000000;\">Agjencia e Mbrojtjes Civile e Island\u00ebs urdh\u00ebroi gjat\u00eb nat\u00ebs nj\u00eb evakuim t\u00eb plot\u00eb t\u00eb Grindavik, nj\u00eb qytet peshkimi me rreth 3,000 banor\u00eb.<\/span><\/p>\n<p><span style=\"color: #000000;\">Rajoni i Reykjanes ka par\u00eb disa shp\u00ebrthime n\u00eb zona t\u00eb papopulluara vitet e fundit. Nj\u00eb tunel me magm\u00eb, ose shk\u00ebmb i shkrir\u00eb, q\u00eb shtrihet n\u00eb verilindje p\u00ebrgjat\u00eb Grindavik dhe rreth 10 km m\u00eb tej n\u00eb brend\u00ebsi t\u00eb tok\u00ebs, u vler\u00ebsua von\u00eb t\u00eb shtun\u00ebn n\u00eb nj\u00eb thell\u00ebsi prej m\u00eb pak se 800 metra, krahasuar me 1,500 m m\u00eb par\u00eb gjat\u00eb dit\u00ebs, tha zyra.<\/span><\/p>\n<p><span style=\"color: #000000;\"><img loading=\"lazy\" decoding=\"async\" class=\"aligncenter size-full wp-image-631409\" src=\"https:\/\/www.hashtag.al\/wp-content\/uploads\/2023\/11\/islande.PNG2_.png\" alt=\"\" width=\"947\" height=\"696\" srcset=\"https:\/\/www.hashtag.al\/wp-content\/uploads\/2023\/11\/islande.PNG2_.png 947w, https:\/\/www.hashtag.al\/wp-content\/uploads\/2023\/11\/islande.PNG2_-300x220.png 300w, https:\/\/www.hashtag.al\/wp-content\/uploads\/2023\/11\/islande.PNG2_-768x564.png 768w\" sizes=\"auto, (max-width: 947px) 100vw, 947px\" \/><\/span><\/p>\n<p><span style=\"color: #000000;\">T\u00eb enjten, rritja e aktivitetit sizmik shkaktoi mbylljen e banj\u00ebs gjeotermale Blue Laguna, nj\u00eb nga atraksionet kryesore turistike t\u00eb Island\u00ebs.<\/span><\/p>\n<p><span style=\"color: #000000;\">Reykjanes \u00ebsht\u00eb nj\u00eb pik\u00eb e nxeht\u00eb vullkanike dhe sizmike n\u00eb jugper\u00ebndim t\u00eb kryeqytetit Reykjavik. N\u00eb mars t\u00eb vitit 2021, shat\u00ebrvan\u00ebt e llav\u00ebs shp\u00ebrthyen n\u00eb m\u00ebnyr\u00eb spektakolare nga nj\u00eb \u00e7arje n\u00eb tok\u00eb me nj\u00eb gjat\u00ebsi prej 500-750 metrash n\u00eb sistemin vullkanik Fagradalsfjall t\u00eb rajonit.<\/span><\/p>\n<p><span style=\"color: #000000;\">Aktiviteti vullkanik n\u00eb zon\u00eb vazhdoi p\u00ebr gjasht\u00eb muaj at\u00eb vit, duke b\u00ebr\u00eb q\u00eb mij\u00ebra islandez\u00eb dhe turist\u00eb t\u00eb vizitonin sken\u00ebn. N\u00eb gusht 2022, nj\u00eb shp\u00ebrthim trejavor ndodhi n\u00eb t\u00eb nj\u00ebjt\u00ebn zon\u00eb, i ndjekur nga nj\u00eb tjet\u00ebr n\u00eb korrik t\u00eb k\u00ebtij viti.<\/span><\/p>\n<p><span style=\"color: #000000;\">Sistemi Fagradalsfjall, i cili \u00ebsht\u00eb rreth 6 km i gjer\u00eb dhe 19 km i gjat\u00eb, kishte mbetur joaktiv p\u00ebr m\u00eb shum\u00eb se 6000 vjet p\u00ebrpara shp\u00ebrthimeve t\u00eb fundit.<\/span><\/p>\n<p><span style=\"color: #000000;\"><img loading=\"lazy\" decoding=\"async\" class=\"aligncenter size-full wp-image-631410\" src=\"https:\/\/www.hashtag.al\/wp-content\/uploads\/2023\/11\/islande4-1.png\" alt=\"\" width=\"1257\" height=\"693\" srcset=\"https:\/\/www.hashtag.al\/wp-content\/uploads\/2023\/11\/islande4-1.png 1257w, https:\/\/www.hashtag.al\/wp-content\/uploads\/2023\/11\/islande4-1-300x165.png 300w, https:\/\/www.hashtag.al\/wp-content\/uploads\/2023\/11\/islande4-1-1024x565.png 1024w, https:\/\/www.hashtag.al\/wp-content\/uploads\/2023\/11\/islande4-1-768x423.png 768w\" sizes=\"auto, (max-width: 1257px) 100vw, 1257px\" \/><\/span><\/p>\n","protected":false,"gt_translate_keys":[{"key":"rendered","format":"html"}]},"excerpt":{"rendered":"<p>Autoritetet islandeze than\u00eb t\u00eb shtun\u00ebn se po p\u00ebrgatiteshin p\u00ebr nj\u00eb shp\u00ebrthim vullkanik n\u00eb jugper\u00ebndim t\u00eb ishullit n\u00eb dit\u00ebt n\u00eb vijim, pas nj\u00eb serie t\u00ebrmetesh dhe d\u00ebshmi t\u00eb magm\u00ebs q\u00eb p\u00ebrhapet me shpejt\u00ebsi n\u00ebn tok\u00eb. Zyra Meteorologjike Islandeze tha se ekzistonte nj\u00eb rrezik &#8220;i konsideruesh\u00ebm&#8221; i nj\u00eb shp\u00ebrthimi n\u00eb ose jasht\u00eb gadishullit Reykjanes p\u00ebr shkak t\u00eb [&hellip;]<\/p>\n","protected":false,"gt_translate_keys":[{"key":"rendered","format":"html"}]},"author":51,"featured_media":631408,"comment_status":"closed","ping_status":"closed","sticky":false,"template":"","format":"standard","meta":{"footnotes":""},"categories":[53],"tags":[],"class_list":["post-631407","post","type-post","status-publish","format-standard","has-post-thumbnail","hentry","category-fast-foodi"],"gt_translate_keys":[{"key":"link","format":"url"}],"_links":{"self":[{"href":"https:\/\/www.hashtag.al\/index.php\/wp-json\/wp\/v2\/posts\/631407","targetHints":{"allow":["GET"]}}],"collection":[{"href":"https:\/\/www.hashtag.al\/index.php\/wp-json\/wp\/v2\/posts"}],"about":[{"href":"https:\/\/www.hashtag.al\/index.php\/wp-json\/wp\/v2\/types\/post"}],"author":[{"embeddable":true,"href":"https:\/\/www.hashtag.al\/index.php\/wp-json\/wp\/v2\/users\/51"}],"replies":[{"embeddable":true,"href":"https:\/\/www.hashtag.al\/index.php\/wp-json\/wp\/v2\/comments?post=631407"}],"version-history":[{"count":0,"href":"https:\/\/www.hashtag.al\/index.php\/wp-json\/wp\/v2\/posts\/631407\/revisions"}],"wp:featuredmedia":[{"embeddable":true,"href":"https:\/\/www.hashtag.al\/index.php\/wp-json\/wp\/v2\/media\/631408"}],"wp:attachment":[{"href":"https:\/\/www.hashtag.al\/index.php\/wp-json\/wp\/v2\/media?parent=631407"}],"wp:term":[{"taxonomy":"category","embeddable":true,"href":"https:\/\/www.hashtag.al\/index.php\/wp-json\/wp\/v2\/categories?post=631407"},{"taxonomy":"post_tag","embeddable":true,"href":"https:\/\/www.hashtag.al\/index.php\/wp-json\/wp\/v2\/tags?post=631407"}],"curies":[{"name":"wp","href":"https:\/\/api.w.org\/{rel}","templated":true}]}}