{"id":630894,"date":"2023-11-10T12:41:59","date_gmt":"2023-11-10T11:41:59","guid":{"rendered":"https:\/\/www.hashtag.al\/?p=630894"},"modified":"2023-11-10T12:41:59","modified_gmt":"2023-11-10T11:41:59","slug":"sherri-mes-collakut-dhe-sules-berisha-nuk-jam-per-skena-por-protesta-nuk-provokohet","status":"publish","type":"post","link":"https:\/\/www.hashtag.al\/index.php\/2023\/11\/10\/sherri-mes-collakut-dhe-sules-berisha-nuk-jam-per-skena-por-protesta-nuk-provokohet\/","title":{"rendered":"Sherri mes \u00c7ollakut dhe Sul\u00ebs, Berisha: Nuk jam p\u00ebr skena, por protesta nuk provokohet","gt_translate_keys":[{"key":"rendered","format":"text"}]},"content":{"rendered":"<p><img loading=\"lazy\" decoding=\"async\" class=\"size-full wp-image-630895 aligncenter\" src=\"https:\/\/www.hashtag.al\/wp-content\/uploads\/2023\/11\/saliu-768x512-1.jpg\" alt=\"\" width=\"768\" height=\"512\" srcset=\"https:\/\/www.hashtag.al\/wp-content\/uploads\/2023\/11\/saliu-768x512-1.jpg 768w, https:\/\/www.hashtag.al\/wp-content\/uploads\/2023\/11\/saliu-768x512-1-300x200.jpg 300w\" sizes=\"auto, (max-width: 768px) 100vw, 768px\" \/><\/p>\n<p><span style=\"font-weight: 400; color: #000000;\">Ish-kryeministri Sali Berisha ka komentuar sherrin e sotsh\u00ebm n\u00eb Kuvend mes Kreshnik \u00c7ollakut dhe deputetit Dashnor Sula n\u00eb Kryesin\u00eb e Kuvendit, ku gati konflikti verbal degradoi deri n\u00eb p\u00ebrplasje fizike.<\/span><\/p>\n<p><span style=\"font-weight: 400; color: #000000;\">N\u00eb nj\u00eb konferenc\u00eb p\u00ebr mediat, Berisha tha se protesta nuk provokohet, nd\u00ebrsa shtoi se nuk \u00ebsht\u00eb p\u00ebr k\u00ebto skena.<\/span><\/p>\n<p><span style=\"color: #000000;\"><em><span style=\"font-weight: 400;\">\u201cT\u00eb quash opozit\u00eb Taulant Ball\u00ebn, mos b\u00ebj gabim. Gazetari britanik tha mbr\u00ebm\u00eb se Lulzim Bash\u00ebs ia mbylli dosjen e \u00ebmb\u00eblsirave ruse nj\u00eb zyrtar i FBI q\u00eb \u00ebsht\u00eb n\u00eb v\u00ebshtir\u00ebsi t\u00eb m\u00ebdha tani. Ia mbylli McGonigal. M\u00eb thoni nj\u00eb rast t\u00eb vet\u00ebm q\u00eb kur ka dal\u00eb skandali McGonigal, q\u00eb Basha t\u00eb ket\u00eb shqiptuar emrin e tij. Kurr\u00eb. S\u2019ka ngelur njeri n\u00eb politik\u00eb q\u00eb nuk ka shprehur di\u00e7ka, p\u00ebrve\u00e7 Lulzim pengut. Nuk kisha asnj\u00eb dyshim. E fal\u00ebnderoj me mir\u00ebnjohje gazetarin.\u00a0<\/span><\/em><\/span><\/p>\n<p><span style=\"color: #000000;\"><em><span style=\"font-weight: 400;\">Ai iu tha shqiptar\u00ebve t\u00eb v\u00ebrtet\u00ebn. Dosjen ruse ia mbylli MCgonigal p\u00ebr ta shitur te Rama. A i mori para Bash\u00ebs, McGonigal, k\u00ebt\u00eb se di. Si ka mund\u00ebsi q\u00eb ky njeri p\u00ebr t\u00eb cilin po hetonte, pas dy vitesh nuk fliste, nuk e shqip\u00ebronte emrin e tij. Sepse ishte peng. Mos b\u00ebj m\u00eb\u2026..tu thuash shqiptar\u00ebve se Lulzim pengu \u00ebsht\u00eb opozit\u00eb, b\u00ebn m\u00ebkat. Shqiptar\u00ebt nuk e besojn\u00eb por ai \u00ebsht\u00eb peng i Ram\u00ebs.\u00a0<\/span><\/em><\/span><\/p>\n<p><span style=\"color: #000000;\"><em><span style=\"font-weight: 400;\">Vijm\u00eb te rasti. Deputet\u00ebt e opozit\u00ebs jan\u00eb n\u00eb protest\u00eb. Asnj\u00eb deputet nuk ka t\u00eb drejt\u00eb q\u00eb t\u2019i provoj\u00eb ata. Ata jan\u00eb n\u00eb protest\u00eb para s\u00eb gjithash p\u00ebr t\u00eb drejtat kushtetuese t\u00eb deputetit, dinjitetin e tyre. Ata po mbrojn\u00eb t\u00eb drejtat e t\u00eb gjith\u00eb koleg\u00ebve.\u00a0<\/span><\/em><\/span><\/p>\n<p><span style=\"color: #000000;\"><em><span style=\"font-weight: 400;\">Nuk provokohet protesta, ka nj\u00eb ligj. Protesta p\u00ebr nj\u00eb kauz\u00eb absolute t\u00eb drejt\u00eb, ata jan\u00eb provokator\u00eb t\u00eb ult\u00eb. Nuk jam p\u00ebr skena, por kur njeriu \u00ebsht\u00eb n\u00eb protest\u00eb, mos ta provokoj\u00eb njeri.<\/span><\/em><\/span><\/p>\n<p><span style=\"font-weight: 400; color: #000000;\"><em>N\u00eb protest\u00ebn e radh\u00ebs u mor\u00ebn karriget tona dhe u grumbulluan n\u00eb parlament. Nuk duhet t\u00eb komentojm\u00eb n\u00eb m\u00ebnyr\u00eb t\u00eb atill\u00eb q\u00eb qytetar\u00ebt t\u00eb thon\u00eb se \u00e7\u2019po ndodh.\u201d<\/em>, tha Berisha.<\/span><\/p>\n","protected":false,"gt_translate_keys":[{"key":"rendered","format":"html"}]},"excerpt":{"rendered":"<p>Ish-kryeministri Sali Berisha ka komentuar sherrin e sotsh\u00ebm n\u00eb Kuvend mes Kreshnik \u00c7ollakut dhe deputetit Dashnor Sula n\u00eb Kryesin\u00eb e Kuvendit, ku gati konflikti verbal degradoi deri n\u00eb p\u00ebrplasje fizike. N\u00eb nj\u00eb konferenc\u00eb p\u00ebr mediat, Berisha tha se protesta nuk provokohet, nd\u00ebrsa shtoi se nuk \u00ebsht\u00eb p\u00ebr k\u00ebto skena. \u201cT\u00eb quash opozit\u00eb Taulant Ball\u00ebn, mos [&hellip;]<\/p>\n","protected":false,"gt_translate_keys":[{"key":"rendered","format":"html"}]},"author":4,"featured_media":630895,"comment_status":"closed","ping_status":"closed","sticky":false,"template":"","format":"standard","meta":{"footnotes":""},"categories":[65],"tags":[],"class_list":["post-630894","post","type-post","status-publish","format-standard","has-post-thumbnail","hentry","category-lajme"],"gt_translate_keys":[{"key":"link","format":"url"}],"_links":{"self":[{"href":"https:\/\/www.hashtag.al\/index.php\/wp-json\/wp\/v2\/posts\/630894","targetHints":{"allow":["GET"]}}],"collection":[{"href":"https:\/\/www.hashtag.al\/index.php\/wp-json\/wp\/v2\/posts"}],"about":[{"href":"https:\/\/www.hashtag.al\/index.php\/wp-json\/wp\/v2\/types\/post"}],"author":[{"embeddable":true,"href":"https:\/\/www.hashtag.al\/index.php\/wp-json\/wp\/v2\/users\/4"}],"replies":[{"embeddable":true,"href":"https:\/\/www.hashtag.al\/index.php\/wp-json\/wp\/v2\/comments?post=630894"}],"version-history":[{"count":0,"href":"https:\/\/www.hashtag.al\/index.php\/wp-json\/wp\/v2\/posts\/630894\/revisions"}],"wp:featuredmedia":[{"embeddable":true,"href":"https:\/\/www.hashtag.al\/index.php\/wp-json\/wp\/v2\/media\/630895"}],"wp:attachment":[{"href":"https:\/\/www.hashtag.al\/index.php\/wp-json\/wp\/v2\/media?parent=630894"}],"wp:term":[{"taxonomy":"category","embeddable":true,"href":"https:\/\/www.hashtag.al\/index.php\/wp-json\/wp\/v2\/categories?post=630894"},{"taxonomy":"post_tag","embeddable":true,"href":"https:\/\/www.hashtag.al\/index.php\/wp-json\/wp\/v2\/tags?post=630894"}],"curies":[{"name":"wp","href":"https:\/\/api.w.org\/{rel}","templated":true}]}}