{"id":630886,"date":"2023-11-10T11:47:45","date_gmt":"2023-11-10T10:47:45","guid":{"rendered":"https:\/\/www.hashtag.al\/?p=630886"},"modified":"2023-11-10T12:08:06","modified_gmt":"2023-11-10T11:08:06","slug":"debate-ne-komisionin-e-ceshtjeve-europiane-deputetet-e-opozites-nderpresin-mbledhjen-fotovideo","status":"publish","type":"post","link":"https:\/\/www.hashtag.al\/index.php\/2023\/11\/10\/debate-ne-komisionin-e-ceshtjeve-europiane-deputetet-e-opozites-nderpresin-mbledhjen-fotovideo\/","title":{"rendered":"&#8220;Legen, mos b\u00ebj si trim&#8221;, p\u00ebrplasje t\u00eb forta mes deputet\u00ebve demokrat\u00eb \u00c7ollaku dhe Sula, \u00e7far\u00eb ndodhi sot n\u00eb Kuvend (Foto+Video)","gt_translate_keys":[{"key":"rendered","format":"text"}]},"content":{"rendered":"<p>&nbsp;<\/p>\n<p><span style=\"font-weight: 400; color: #000000;\"><img loading=\"lazy\" decoding=\"async\" class=\"size-full wp-image-630875 aligncenter\" src=\"https:\/\/www.hashtag.al\/wp-content\/uploads\/2023\/11\/ipiccy_image-1.jpg\" alt=\"\" width=\"2000\" height=\"1000\" srcset=\"https:\/\/www.hashtag.al\/wp-content\/uploads\/2023\/11\/ipiccy_image-1.jpg 2000w, https:\/\/www.hashtag.al\/wp-content\/uploads\/2023\/11\/ipiccy_image-1-300x150.jpg 300w, https:\/\/www.hashtag.al\/wp-content\/uploads\/2023\/11\/ipiccy_image-1-1024x512.jpg 1024w, https:\/\/www.hashtag.al\/wp-content\/uploads\/2023\/11\/ipiccy_image-1-768x384.jpg 768w, https:\/\/www.hashtag.al\/wp-content\/uploads\/2023\/11\/ipiccy_image-1-1536x768.jpg 1536w\" sizes=\"auto, (max-width: 2000px) 100vw, 2000px\" \/>Pas zhvendosjes online t\u00eb mbledhjes n\u00eb Komisionin p\u00ebr \u00c7\u00ebshtjet Evropiane, ka pasur nj\u00eb p\u00ebrplasje t\u00eb ashp\u00ebr me fyerje mes deputet\u00ebve dempokrat\u00eb Dashnor Sula dhe Kreshnik \u00c7ollaku.\u00a0<\/span><\/p>\n<p><span style=\"font-weight: 400; color: #000000;\">Nga pamjet tregohet q\u00eb ka patur edhe konfrontim fizik mes tyre, ku u desh nd\u00ebrhyrja e disa t\u00eb pranishm\u00ebve dhe deputetit Lefter G\u00ebshtenja p\u00ebr t\u00eb ndalur p\u00ebrplasjen.\u00a0<\/span><\/p>\n<p><span style=\"color: #000000;\"><b><i>Pjes\u00eb nga debati:<\/i><\/b><\/span><\/p>\n<p><span style=\"color: #000000;\"><i><span style=\"font-weight: 400;\">\u00c7ollaku: T\u00eb foli njeri?<\/span><\/i><\/span><\/p>\n<p><span style=\"color: #000000;\"><i><span style=\"font-weight: 400;\">Dash Sula: O udh\u00ebheq\u00ebs i madh<\/span><\/i><\/span><\/p>\n<p><span style=\"color: #000000;\"><i><span style=\"font-weight: 400;\">\u00c7ollaku: Mos m\u00eb b\u00ebj si trim mua se e di un\u00eb \u00e7far\u00eb je<\/span><\/i><\/span><\/p>\n<p><span style=\"color: #000000;\"><i><span style=\"font-weight: 400;\">\u00c7ollaku: Servil, legen<\/span><\/i><\/span><\/p>\n<p><span style=\"color: #000000;\"><i><span style=\"font-weight: 400;\">Dash Sula: Ti je mashtrues, k\u00ebshtu ke qen\u00eb gjith\u00eb jet\u00ebn t\u00ebnd\u00eb<\/span><\/i><\/span><\/p>\n<p><span style=\"color: #000000;\"><i><span style=\"font-weight: 400;\">\u00c7ollaku: Je servil, b\u00ebn si opozitar<\/span><\/i><\/span><\/p>\n<p><span style=\"font-weight: 400; color: #000000;\">Nd\u00ebrkoh\u00eb tensione ka pasur edhe brenda mbledhjes duke b\u00ebr\u00eb q\u00eb seanca t\u00eb nd\u00ebrpritet.<\/span><\/p>\n<p><span style=\"font-weight: 400; color: #000000;\">Deputet\u00ebt e opozit\u00ebs shihen duke i r\u00ebrn\u00eb tavolinave dhe mikrofonave dhe duke krijuar zhurm\u00eb t\u00eb m\u00ebdha n\u00eb sall\u00eb.\u00a0<\/span><\/p>\n<p><span style=\"font-weight: 400; color: #000000;\">\u201cMbylle mbledhjen\u201d, d\u00ebgjohet teksa Ina Zhupa dhe Koreshi q\u00eb i drejtohen Etilda Gjonajt q\u00eb t\u00eb mbyll\u00eb mbledhjen.<\/span><\/p>\n<p><span style=\"font-weight: 400; color: #000000;\">Nd\u00ebrkoh\u00eb nuk kan\u00eb munguar p\u00ebrplasjet verbale mes deputet\u00ebve t\u00eb opozit\u00ebs dhe atyre t\u00eb maxhoranc\u00ebs, t\u00eb cil\u00ebt kan\u00eb ironizuar veprimet e demokrat\u00ebve.<\/span><\/p>\n<p><img loading=\"lazy\" decoding=\"async\" class=\"size-full wp-image-630852 aligncenter\" src=\"https:\/\/www.hashtag.al\/wp-content\/uploads\/2023\/11\/1699606545_sulacollaku.jpg\" alt=\"\" width=\"780\" height=\"440\" srcset=\"https:\/\/www.hashtag.al\/wp-content\/uploads\/2023\/11\/1699606545_sulacollaku.jpg 780w, https:\/\/www.hashtag.al\/wp-content\/uploads\/2023\/11\/1699606545_sulacollaku-300x169.jpg 300w, https:\/\/www.hashtag.al\/wp-content\/uploads\/2023\/11\/1699606545_sulacollaku-768x433.jpg 768w\" sizes=\"auto, (max-width: 780px) 100vw, 780px\" \/><\/p>\n<p><img loading=\"lazy\" decoding=\"async\" class=\"size-full wp-image-630865 aligncenter\" src=\"https:\/\/www.hashtag.al\/wp-content\/uploads\/2023\/11\/tensione-ne-komisionin-europian.jpg\" alt=\"\" width=\"1149\" height=\"585\" srcset=\"https:\/\/www.hashtag.al\/wp-content\/uploads\/2023\/11\/tensione-ne-komisionin-europian.jpg 1149w, https:\/\/www.hashtag.al\/wp-content\/uploads\/2023\/11\/tensione-ne-komisionin-europian-300x153.jpg 300w, https:\/\/www.hashtag.al\/wp-content\/uploads\/2023\/11\/tensione-ne-komisionin-europian-1024x521.jpg 1024w, https:\/\/www.hashtag.al\/wp-content\/uploads\/2023\/11\/tensione-ne-komisionin-europian-768x391.jpg 768w, https:\/\/www.hashtag.al\/wp-content\/uploads\/2023\/11\/tensione-ne-komisionin-europian-568x290.jpg 568w\" sizes=\"auto, (max-width: 1149px) 100vw, 1149px\" \/><\/p>\n<div style=\"width: 636px;\" class=\"wp-video\"><video class=\"wp-video-shortcode\" id=\"video-630886-1\" width=\"636\" height=\"360\" preload=\"metadata\" controls=\"controls\"><source type=\"video\/mp4\" src=\"https:\/\/www.hashtag.al\/wp-content\/uploads\/2023\/11\/videoplayback-2.mp4?_=1\" \/><a href=\"https:\/\/www.hashtag.al\/wp-content\/uploads\/2023\/11\/videoplayback-2.mp4\">https:\/\/www.hashtag.al\/wp-content\/uploads\/2023\/11\/videoplayback-2.mp4<\/a><\/video><\/div>\n<div style=\"width: 1170px;\" class=\"wp-video\"><video class=\"wp-video-shortcode\" id=\"video-630886-2\" width=\"1170\" height=\"658\" preload=\"metadata\" controls=\"controls\"><source type=\"video\/mp4\" src=\"https:\/\/www.hashtag.al\/wp-content\/uploads\/2023\/11\/Report-TV-Servil-langaraq-debat-i-ashper-mes-Kreshnik-Collakut-dhe-Dashnor-Sules.mp4?_=2\" \/><a href=\"https:\/\/www.hashtag.al\/wp-content\/uploads\/2023\/11\/Report-TV-Servil-langaraq-debat-i-ashper-mes-Kreshnik-Collakut-dhe-Dashnor-Sules.mp4\">https:\/\/www.hashtag.al\/wp-content\/uploads\/2023\/11\/Report-TV-Servil-langaraq-debat-i-ashper-mes-Kreshnik-Collakut-dhe-Dashnor-Sules.mp4<\/a><\/video><\/div>\n","protected":false,"gt_translate_keys":[{"key":"rendered","format":"html"}]},"excerpt":{"rendered":"<p>&nbsp; Pas zhvendosjes online t\u00eb mbledhjes n\u00eb Komisionin p\u00ebr \u00c7\u00ebshtjet Evropiane, ka pasur nj\u00eb p\u00ebrplasje t\u00eb ashp\u00ebr me fyerje mes deputet\u00ebve dempokrat\u00eb Dashnor Sula dhe Kreshnik \u00c7ollaku.\u00a0 Nga pamjet tregohet q\u00eb ka patur edhe konfrontim fizik mes tyre, ku u desh nd\u00ebrhyrja e disa t\u00eb pranishm\u00ebve dhe deputetit Lefter G\u00ebshtenja p\u00ebr t\u00eb ndalur p\u00ebrplasjen.\u00a0 Pjes\u00eb [&hellip;]<\/p>\n","protected":false,"gt_translate_keys":[{"key":"rendered","format":"html"}]},"author":4,"featured_media":630875,"comment_status":"closed","ping_status":"closed","sticky":false,"template":"","format":"standard","meta":{"footnotes":""},"categories":[22],"tags":[],"class_list":["post-630886","post","type-post","status-publish","format-standard","has-post-thumbnail","hentry","category-ballina"],"gt_translate_keys":[{"key":"link","format":"url"}],"_links":{"self":[{"href":"https:\/\/www.hashtag.al\/index.php\/wp-json\/wp\/v2\/posts\/630886","targetHints":{"allow":["GET"]}}],"collection":[{"href":"https:\/\/www.hashtag.al\/index.php\/wp-json\/wp\/v2\/posts"}],"about":[{"href":"https:\/\/www.hashtag.al\/index.php\/wp-json\/wp\/v2\/types\/post"}],"author":[{"embeddable":true,"href":"https:\/\/www.hashtag.al\/index.php\/wp-json\/wp\/v2\/users\/4"}],"replies":[{"embeddable":true,"href":"https:\/\/www.hashtag.al\/index.php\/wp-json\/wp\/v2\/comments?post=630886"}],"version-history":[{"count":0,"href":"https:\/\/www.hashtag.al\/index.php\/wp-json\/wp\/v2\/posts\/630886\/revisions"}],"wp:featuredmedia":[{"embeddable":true,"href":"https:\/\/www.hashtag.al\/index.php\/wp-json\/wp\/v2\/media\/630875"}],"wp:attachment":[{"href":"https:\/\/www.hashtag.al\/index.php\/wp-json\/wp\/v2\/media?parent=630886"}],"wp:term":[{"taxonomy":"category","embeddable":true,"href":"https:\/\/www.hashtag.al\/index.php\/wp-json\/wp\/v2\/categories?post=630886"},{"taxonomy":"post_tag","embeddable":true,"href":"https:\/\/www.hashtag.al\/index.php\/wp-json\/wp\/v2\/tags?post=630886"}],"curies":[{"name":"wp","href":"https:\/\/api.w.org\/{rel}","templated":true}]}}