{"id":630659,"date":"2023-11-09T16:13:21","date_gmt":"2023-11-09T15:13:21","guid":{"rendered":"https:\/\/www.hashtag.al\/?p=630659"},"modified":"2023-11-09T16:13:21","modified_gmt":"2023-11-09T15:13:21","slug":"pergenjeshtruan-kerkesen-per-perjashtimin-nga-pse-rama-pd-ja-italiane-e-cilesoi-te-konsoliduar-marreveshjen","status":"publish","type":"post","link":"https:\/\/www.hashtag.al\/index.php\/2023\/11\/09\/pergenjeshtruan-kerkesen-per-perjashtimin-nga-pse-rama-pd-ja-italiane-e-cilesoi-te-konsoliduar-marreveshjen\/","title":{"rendered":"P\u00ebrg\u00ebnjeshtruan k\u00ebrkes\u00ebn p\u00ebr p\u00ebrjashtimin nga PSE\/ Rama: PD-ja italiane e cil\u00ebsoi t\u00eb konsoliduar marr\u00ebveshjen","gt_translate_keys":[{"key":"rendered","format":"text"}]},"content":{"rendered":"<p><span style=\"color: #000000;\"><a href=\"https:\/\/www.hashtag.al\/wp-content\/uploads\/2023\/10\/1697534793_rama.jpg\"><img loading=\"lazy\" decoding=\"async\" class=\"aligncenter size-full wp-image-624391\" src=\"https:\/\/www.hashtag.al\/wp-content\/uploads\/2023\/10\/1697534793_rama.jpg\" alt=\"\" width=\"780\" height=\"440\" \/><\/a><\/span><\/p>\n<p><span style=\"color: #000000;\">Kryeministri Edi Rama reagon pas p\u00ebrg\u00ebnjeshtrimit t\u00eb lajmit nga Partia Demokratike italiane, duke theksuar se edhe kjo parti thekson se marr\u00ebveshja p\u00ebr emigrant\u00ebt \u00ebsht\u00eb e konsoliduar.<\/span><\/p>\n<p><span style=\"color: #000000;\">Rama rithekson edhe nj\u00ebher\u00eb se kjo q\u00eb po b\u00ebn Shqip\u00ebria p\u00ebr Italin\u00eb \u00ebsht\u00eb minimumi, pasi askush n\u00eb Europ\u00eb duket se ka nj\u00eb zgjidhje p\u00ebr problemin e emigrant\u00ebve.<\/span><\/p>\n<p><span style=\"color: #000000;\">Reagimi i Ram\u00ebs:<\/span><\/p>\n<p><span style=\"color: #000000;\"><em>N\u00eb gazeta u p\u00ebrhap lajmi se miqt\u00eb e PD-s\u00eb italiane donin t\u00eb m\u00eb p\u00ebrjashtonin nga Partia Socialiste Europiane dhe m\u00eb pas me nj\u00eb far\u00eb vones\u00eb ata vet\u00eb e mohuan, por duke n\u00ebnvizuar se marr\u00ebveshja q\u00eb Shqip\u00ebria ka b\u00ebr\u00eb me qeverin\u00eb italiane \u00ebsht\u00eb konsoliduar n\u00eb t\u00eb gjitha pik\u00ebpamjet. Pik\u00ebrisht t\u00eb nj\u00ebjt\u00ebn gj\u00eb thon\u00eb PD-t\u00eb e shumt\u00eb t\u00eb s\u00eb djatht\u00ebs shqiptare q\u00eb po luftojn\u00eb p\u00ebr t\u00eb drejt\u00ebn e t\u00eb nj\u00ebjtit em\u00ebr pas ndarjeve.<\/em><\/span><\/p>\n<p><span style=\"color: #000000;\"><em>Sigurisht q\u00eb do t\u00eb m\u00eb mungoj\u00eb aft\u00ebsia p\u00ebr t\u00eb par\u00eb k\u00ebndv\u00ebshtrimet e shumta t\u00eb t\u00eb gjitha k\u00ebtyre PD-ve, por n\u00eb respekt t\u00eb plot\u00eb t\u00eb PD-s\u00eb italiane do t\u00eb doja t\u00eb p\u00ebrs\u00ebrisja k\u00ebndv\u00ebshtrimin tim t\u00eb vet\u00ebm: P\u00ebrpjekja p\u00ebr t\u00eb ndihmuar Italin\u00eb n\u00eb k\u00ebt\u00eb situat\u00eb, ku askush n\u00eb Evrop\u00eb, duket se ka nj\u00eb zgjidhje q\u00eb mund t\u00eb ndahet nga t\u00eb gjith\u00eb, ndoshta nuk \u00ebsht\u00eb m\u00eb e mira, por sigurisht \u00ebsht\u00eb minimumi q\u00eb Shqip\u00ebria duhet dhe mund t\u00eb b\u00ebj\u00eb! N\u00ebse kjo nuk \u00ebsht\u00eb n\u00eb t\u00eb majt\u00eb n\u00eb Itali, s\u2019ka r\u00ebnd\u00ebsi, duket se nuk \u00ebsht\u00eb as n\u00eb t\u00eb djatht\u00eb n\u00eb Shqip\u00ebri. Ndoshta \u00ebsht\u00eb thjesht e drejt\u00eb.<\/em><\/span><\/p>\n<p><span style=\"color: #000000;\"><em>(M\u00eb vjen keq q\u00eb nuk mund t\u00eb takohem me miqt\u00eb e mi italian\u00eb n\u00eb Samitin e PSE n\u00eb Malaga, sepse jam n\u00eb Forumin e Paqes n\u00eb Paris, por shpresoj q\u00eb diskutimi p\u00ebr \u00e7\u00ebshtjen gjithnj\u00eb e m\u00eb t\u00eb mpreht\u00eb t\u00eb emigracionit do t\u00eb nxjerr\u00eb n\u00eb pah p\u00ebrgjigje e mir\u00eb, konkrete dhe e p\u00ebrbashk\u00ebt q\u00eb \u2018Evropa e pret prej shum\u00eb vitesh tani).<\/em><\/span><\/p>\n","protected":false,"gt_translate_keys":[{"key":"rendered","format":"html"}]},"excerpt":{"rendered":"<p>Kryeministri Edi Rama reagon pas p\u00ebrg\u00ebnjeshtrimit t\u00eb lajmit nga Partia Demokratike italiane, duke theksuar se edhe kjo parti thekson se marr\u00ebveshja p\u00ebr emigrant\u00ebt \u00ebsht\u00eb e konsoliduar. Rama rithekson edhe nj\u00ebher\u00eb se kjo q\u00eb po b\u00ebn Shqip\u00ebria p\u00ebr Italin\u00eb \u00ebsht\u00eb minimumi, pasi askush n\u00eb Europ\u00eb duket se ka nj\u00eb zgjidhje p\u00ebr problemin e emigrant\u00ebve. Reagimi i [&hellip;]<\/p>\n","protected":false,"gt_translate_keys":[{"key":"rendered","format":"html"}]},"author":30,"featured_media":624391,"comment_status":"closed","ping_status":"closed","sticky":false,"template":"","format":"standard","meta":{"footnotes":""},"categories":[65],"tags":[],"class_list":["post-630659","post","type-post","status-publish","format-standard","has-post-thumbnail","hentry","category-lajme"],"gt_translate_keys":[{"key":"link","format":"url"}],"_links":{"self":[{"href":"https:\/\/www.hashtag.al\/index.php\/wp-json\/wp\/v2\/posts\/630659","targetHints":{"allow":["GET"]}}],"collection":[{"href":"https:\/\/www.hashtag.al\/index.php\/wp-json\/wp\/v2\/posts"}],"about":[{"href":"https:\/\/www.hashtag.al\/index.php\/wp-json\/wp\/v2\/types\/post"}],"author":[{"embeddable":true,"href":"https:\/\/www.hashtag.al\/index.php\/wp-json\/wp\/v2\/users\/30"}],"replies":[{"embeddable":true,"href":"https:\/\/www.hashtag.al\/index.php\/wp-json\/wp\/v2\/comments?post=630659"}],"version-history":[{"count":0,"href":"https:\/\/www.hashtag.al\/index.php\/wp-json\/wp\/v2\/posts\/630659\/revisions"}],"wp:featuredmedia":[{"embeddable":true,"href":"https:\/\/www.hashtag.al\/index.php\/wp-json\/wp\/v2\/media\/624391"}],"wp:attachment":[{"href":"https:\/\/www.hashtag.al\/index.php\/wp-json\/wp\/v2\/media?parent=630659"}],"wp:term":[{"taxonomy":"category","embeddable":true,"href":"https:\/\/www.hashtag.al\/index.php\/wp-json\/wp\/v2\/categories?post=630659"},{"taxonomy":"post_tag","embeddable":true,"href":"https:\/\/www.hashtag.al\/index.php\/wp-json\/wp\/v2\/tags?post=630659"}],"curies":[{"name":"wp","href":"https:\/\/api.w.org\/{rel}","templated":true}]}}