{"id":630556,"date":"2023-11-09T10:43:20","date_gmt":"2023-11-09T09:43:20","guid":{"rendered":"https:\/\/www.hashtag.al\/?p=630556"},"modified":"2023-11-09T10:43:20","modified_gmt":"2023-11-09T09:43:20","slug":"berisha-pas-seances-vazhdon-kolapsi-i-plote-dhe-asgjesimi-i-pluralizmit-ne-parlament","status":"publish","type":"post","link":"https:\/\/www.hashtag.al\/index.php\/2023\/11\/09\/berisha-pas-seances-vazhdon-kolapsi-i-plote-dhe-asgjesimi-i-pluralizmit-ne-parlament\/","title":{"rendered":"Berisha pas seanc\u00ebs: Vazhdon kolapsi i plot\u00eb dhe asgj\u00ebsimi i pluralizmit n\u00eb Parlament","gt_translate_keys":[{"key":"rendered","format":"text"}]},"content":{"rendered":"<p><img loading=\"lazy\" decoding=\"async\" class=\"size-full wp-image-630557 aligncenter\" src=\"https:\/\/www.hashtag.al\/wp-content\/uploads\/2023\/11\/sali-berisha774.jpg\" alt=\"\" width=\"937\" height=\"478\" srcset=\"https:\/\/www.hashtag.al\/wp-content\/uploads\/2023\/11\/sali-berisha774.jpg 937w, https:\/\/www.hashtag.al\/wp-content\/uploads\/2023\/11\/sali-berisha774-300x153.jpg 300w, https:\/\/www.hashtag.al\/wp-content\/uploads\/2023\/11\/sali-berisha774-768x392.jpg 768w, https:\/\/www.hashtag.al\/wp-content\/uploads\/2023\/11\/sali-berisha774-568x290.jpg 568w\" sizes=\"auto, (max-width: 937px) 100vw, 937px\" \/><\/p>\n<p><span style=\"font-weight: 400;\">I<span style=\"color: #000000;\">sh-kryeministri Sali Berisha reagoi pas mbylljes s\u00eb seanc\u00ebs, duke theksuar se mazhoranca vazhdoi kolapsin dhe asgj\u00ebsimin e pluralizmit.<\/span><\/span><\/p>\n<p><span style=\"color: #000000;\"><i><span style=\"font-weight: 400;\">\u201cP\u00ebrs\u00ebri kan\u00eb tmerr nga t\u00eb drejtat kushtetuese t\u00eb opozit\u00ebs. P\u00ebrs\u00ebri mbrojn\u00eb pasurit\u00eb e vjedhura. P\u00ebrs\u00ebri mbrojn\u00eb Edi Ram\u00ebn. Vazhdon kolapsi i plot\u00eb dhe asgj\u00ebsimi i pluralizmit n\u00eb Parlament. Ne e konsiderojm\u00eb mb\u00ebshtetjen tuaj vendimtare p\u00ebr largimin e narko-diktatur\u00ebs nga Shqip\u00ebria. Kam besim t\u00eb plot\u00eb se kjo betej\u00eb do t\u00eb fitohet dhe se Edi Rama vendosi t\u00eb b\u00ebj\u00eb gjith\u00e7ka p\u00ebr t\u00eb shp\u00ebtuar l\u00ebkur\u00ebn e tij. Beteja jon\u00eb e ka b\u00ebr\u00eb at\u00eb njeriun e pa shpres\u00eb\u201d, <\/span><\/i><span style=\"font-weight: 400;\">theksoi ai.<\/span><\/span><\/p>\n","protected":false,"gt_translate_keys":[{"key":"rendered","format":"html"}]},"excerpt":{"rendered":"<p>Ish-kryeministri Sali Berisha reagoi pas mbylljes s\u00eb seanc\u00ebs, duke theksuar se mazhoranca vazhdoi kolapsin dhe asgj\u00ebsimin e pluralizmit. \u201cP\u00ebrs\u00ebri kan\u00eb tmerr nga t\u00eb drejtat kushtetuese t\u00eb opozit\u00ebs. P\u00ebrs\u00ebri mbrojn\u00eb pasurit\u00eb e vjedhura. P\u00ebrs\u00ebri mbrojn\u00eb Edi Ram\u00ebn. Vazhdon kolapsi i plot\u00eb dhe asgj\u00ebsimi i pluralizmit n\u00eb Parlament. Ne e konsiderojm\u00eb mb\u00ebshtetjen tuaj vendimtare p\u00ebr largimin e [&hellip;]<\/p>\n","protected":false,"gt_translate_keys":[{"key":"rendered","format":"html"}]},"author":4,"featured_media":630557,"comment_status":"closed","ping_status":"closed","sticky":false,"template":"","format":"standard","meta":{"footnotes":""},"categories":[65],"tags":[],"class_list":["post-630556","post","type-post","status-publish","format-standard","has-post-thumbnail","hentry","category-lajme"],"gt_translate_keys":[{"key":"link","format":"url"}],"_links":{"self":[{"href":"https:\/\/www.hashtag.al\/index.php\/wp-json\/wp\/v2\/posts\/630556","targetHints":{"allow":["GET"]}}],"collection":[{"href":"https:\/\/www.hashtag.al\/index.php\/wp-json\/wp\/v2\/posts"}],"about":[{"href":"https:\/\/www.hashtag.al\/index.php\/wp-json\/wp\/v2\/types\/post"}],"author":[{"embeddable":true,"href":"https:\/\/www.hashtag.al\/index.php\/wp-json\/wp\/v2\/users\/4"}],"replies":[{"embeddable":true,"href":"https:\/\/www.hashtag.al\/index.php\/wp-json\/wp\/v2\/comments?post=630556"}],"version-history":[{"count":0,"href":"https:\/\/www.hashtag.al\/index.php\/wp-json\/wp\/v2\/posts\/630556\/revisions"}],"wp:featuredmedia":[{"embeddable":true,"href":"https:\/\/www.hashtag.al\/index.php\/wp-json\/wp\/v2\/media\/630557"}],"wp:attachment":[{"href":"https:\/\/www.hashtag.al\/index.php\/wp-json\/wp\/v2\/media?parent=630556"}],"wp:term":[{"taxonomy":"category","embeddable":true,"href":"https:\/\/www.hashtag.al\/index.php\/wp-json\/wp\/v2\/categories?post=630556"},{"taxonomy":"post_tag","embeddable":true,"href":"https:\/\/www.hashtag.al\/index.php\/wp-json\/wp\/v2\/tags?post=630556"}],"curies":[{"name":"wp","href":"https:\/\/api.w.org\/{rel}","templated":true}]}}