{"id":630250,"date":"2023-11-08T12:05:16","date_gmt":"2023-11-08T11:05:16","guid":{"rendered":"https:\/\/www.hashtag.al\/?p=630250"},"modified":"2023-11-08T12:05:16","modified_gmt":"2023-11-08T11:05:16","slug":"dosja-partizani-avokati-i-berishes-seanca-u-shty-kerkuam-perjashtimin-e-gjyqtares-gjoka","status":"publish","type":"post","link":"https:\/\/www.hashtag.al\/index.php\/2023\/11\/08\/dosja-partizani-avokati-i-berishes-seanca-u-shty-kerkuam-perjashtimin-e-gjyqtares-gjoka\/","title":{"rendered":"Dosja \u2018Partizani\u2019\/ avokati i Berish\u00ebs: Seanca u shty, k\u00ebrkuam p\u00ebrjashtimin e gjyqtares Gjoka","gt_translate_keys":[{"key":"rendered","format":"text"}]},"content":{"rendered":"<p><img loading=\"lazy\" decoding=\"async\" class=\"size-full wp-image-630251 aligncenter\" src=\"https:\/\/www.hashtag.al\/wp-content\/uploads\/2023\/11\/gjokutaj-1-1-768x560-1.jpg\" alt=\"\" width=\"768\" height=\"560\" srcset=\"https:\/\/www.hashtag.al\/wp-content\/uploads\/2023\/11\/gjokutaj-1-1-768x560-1.jpg 768w, https:\/\/www.hashtag.al\/wp-content\/uploads\/2023\/11\/gjokutaj-1-1-768x560-1-300x219.jpg 300w\" sizes=\"auto, (max-width: 768px) 100vw, 768px\" \/><\/p>\n<p><span style=\"font-weight: 400; color: #000000;\">Avokati i Sali Berish\u00ebs, Genc Gjokutaj tha p\u00ebr mediat, duke theksuar se edhe dit\u00ebn e sotme kan\u00eb k\u00ebrkuar p\u00ebrjashtimin e gjyqtares Irena Gjoka.<\/span><\/p>\n<p><span style=\"font-weight: 400; color: #000000;\">Ai tha se seanca \u00ebsht\u00eb shtyr\u00eb p\u00ebr n\u00eb or\u00ebn 15:00, p\u00ebr t\u00eb shqyrtuar sakaq k\u00ebrkes\u00ebn e tyre.<\/span><\/p>\n<p><span style=\"color: #000000;\"><i><span style=\"font-weight: 400;\">\u201cB\u00ebm\u00eb nj\u00eb k\u00ebrkes\u00eb p\u00ebr p\u00ebrjashtimin e Irena Gjok\u00ebs, u nd\u00ebrpre seanca p\u00ebr t\u00eb shqyrtuar k\u00ebrkes\u00ebn. E kemi shtjelluar ne k\u00ebrkes\u00ebn se \u00e7far\u00eb k\u00ebrkojm\u00eb. Gjoka ka detyr\u00eb t\u00eb heq\u00eb dor\u00eb, por ajo nuk e b\u00ebri. Gjykata nuk ka zbardhur vendimin, ky \u00ebsht\u00eb argumenti pse ne k\u00ebrkojm\u00eb p\u00ebrjashtimin e Irena Gjok\u00ebs\u201d, <\/span><\/i><span style=\"font-weight: 400;\">u shpreh ai.<\/span><\/span><\/p>\n","protected":false,"gt_translate_keys":[{"key":"rendered","format":"html"}]},"excerpt":{"rendered":"<p>Avokati i Sali Berish\u00ebs, Genc Gjokutaj tha p\u00ebr mediat, duke theksuar se edhe dit\u00ebn e sotme kan\u00eb k\u00ebrkuar p\u00ebrjashtimin e gjyqtares Irena Gjoka. Ai tha se seanca \u00ebsht\u00eb shtyr\u00eb p\u00ebr n\u00eb or\u00ebn 15:00, p\u00ebr t\u00eb shqyrtuar sakaq k\u00ebrkes\u00ebn e tyre. \u201cB\u00ebm\u00eb nj\u00eb k\u00ebrkes\u00eb p\u00ebr p\u00ebrjashtimin e Irena Gjok\u00ebs, u nd\u00ebrpre seanca p\u00ebr t\u00eb shqyrtuar k\u00ebrkes\u00ebn. [&hellip;]<\/p>\n","protected":false,"gt_translate_keys":[{"key":"rendered","format":"html"}]},"author":4,"featured_media":630251,"comment_status":"closed","ping_status":"closed","sticky":false,"template":"","format":"standard","meta":{"footnotes":""},"categories":[65],"tags":[],"class_list":["post-630250","post","type-post","status-publish","format-standard","has-post-thumbnail","hentry","category-lajme"],"gt_translate_keys":[{"key":"link","format":"url"}],"_links":{"self":[{"href":"https:\/\/www.hashtag.al\/index.php\/wp-json\/wp\/v2\/posts\/630250","targetHints":{"allow":["GET"]}}],"collection":[{"href":"https:\/\/www.hashtag.al\/index.php\/wp-json\/wp\/v2\/posts"}],"about":[{"href":"https:\/\/www.hashtag.al\/index.php\/wp-json\/wp\/v2\/types\/post"}],"author":[{"embeddable":true,"href":"https:\/\/www.hashtag.al\/index.php\/wp-json\/wp\/v2\/users\/4"}],"replies":[{"embeddable":true,"href":"https:\/\/www.hashtag.al\/index.php\/wp-json\/wp\/v2\/comments?post=630250"}],"version-history":[{"count":0,"href":"https:\/\/www.hashtag.al\/index.php\/wp-json\/wp\/v2\/posts\/630250\/revisions"}],"wp:featuredmedia":[{"embeddable":true,"href":"https:\/\/www.hashtag.al\/index.php\/wp-json\/wp\/v2\/media\/630251"}],"wp:attachment":[{"href":"https:\/\/www.hashtag.al\/index.php\/wp-json\/wp\/v2\/media?parent=630250"}],"wp:term":[{"taxonomy":"category","embeddable":true,"href":"https:\/\/www.hashtag.al\/index.php\/wp-json\/wp\/v2\/categories?post=630250"},{"taxonomy":"post_tag","embeddable":true,"href":"https:\/\/www.hashtag.al\/index.php\/wp-json\/wp\/v2\/tags?post=630250"}],"curies":[{"name":"wp","href":"https:\/\/api.w.org\/{rel}","templated":true}]}}