{"id":629986,"date":"2023-11-07T15:36:17","date_gmt":"2023-11-07T14:36:17","guid":{"rendered":"https:\/\/www.hashtag.al\/?p=629986"},"modified":"2023-11-07T15:39:04","modified_gmt":"2023-11-07T14:39:04","slug":"zv-kryeministri-italian-salvini-italia-seshte-kampi-i-refugjateve-i-evropes-shqiperia-e-kuptoi-kete","status":"publish","type":"post","link":"https:\/\/www.hashtag.al\/index.php\/2023\/11\/07\/zv-kryeministri-italian-salvini-italia-seshte-kampi-i-refugjateve-i-evropes-shqiperia-e-kuptoi-kete\/","title":{"rendered":"Zv.kryeministri italian Salvini: Italia s&#8217;\u00ebsht\u00eb kampi i refugjat\u00ebve i Evrop\u00ebs","gt_translate_keys":[{"key":"rendered","format":"text"}]},"content":{"rendered":"<p><span style=\"color: #000000;\"><img loading=\"lazy\" decoding=\"async\" class=\"aligncenter size-full wp-image-629988\" src=\"https:\/\/www.hashtag.al\/wp-content\/uploads\/2023\/11\/ezgif.com-webp-to-jpg-2-2.jpg\" alt=\"\" width=\"1536\" height=\"864\" srcset=\"https:\/\/www.hashtag.al\/wp-content\/uploads\/2023\/11\/ezgif.com-webp-to-jpg-2-2.jpg 1536w, https:\/\/www.hashtag.al\/wp-content\/uploads\/2023\/11\/ezgif.com-webp-to-jpg-2-2-300x169.jpg 300w, https:\/\/www.hashtag.al\/wp-content\/uploads\/2023\/11\/ezgif.com-webp-to-jpg-2-2-1024x576.jpg 1024w, https:\/\/www.hashtag.al\/wp-content\/uploads\/2023\/11\/ezgif.com-webp-to-jpg-2-2-768x432.jpg 768w\" sizes=\"auto, (max-width: 1536px) 100vw, 1536px\" \/><\/span><\/p>\n<p><span style=\"color: #000000;\">Zv.kryeministri italian Matte Salvini, ka p\u00ebrsh\u00ebndetur marr\u00ebveshjen mes shefes s\u00eb tij Meloni e kryeministrit t\u00eb Shqip\u00ebris\u00eb Rama p\u00ebr nd\u00ebrtimin e dy kampeve n\u00eb territorin shqiptar q\u00eb do presin deri n\u00eb 39 mij\u00eb emigrant\u00eb n\u00eb vit. <\/span><\/p>\n<p><span style=\"color: #000000;\">Salvini, q\u00eb \u00ebsht\u00eb nj\u00ebkoh\u00ebsisht minist\u00ebr transportesh shkruan n\u00eb X se Italia nuk \u00ebsht\u00eb kamp i refugjat\u00ebve i Evrop\u00ebs duke fal\u00ebnderuar kryeministrin Rama q\u00eb e ka kuptuar k\u00ebt\u00eb gj\u00eb. Sipas tij, duhet q\u00eb k\u00ebt\u00eb gj\u00eb ta kuptoj\u00eb edhe Brukseli.<\/span><\/p>\n<p><span style=\"color: #000000;\"><em>\u201cQeveria po ec\u00ebn mir\u00eb, pasi ka n\u00ebnshkruar nj\u00eb marr\u00ebveshje p\u00ebr transferimin e emigrant\u00ebve t\u00eb paligjsh\u00ebm q\u00eb tentojn\u00eb t\u00eb hyjn\u00eb n\u00eb vendin ton\u00eb n\u00eb Shqip\u00ebri. \u00cbsht\u00eb nj\u00eb hap konkret dhe dometh\u00ebn\u00ebs.\u00a0<\/em><em>Italia nuk \u00ebsht\u00eb kampi i refugjat\u00ebve i Evrop\u00ebs: Tirana e ka kuptuar k\u00ebt\u00eb dhe meriton falenderime t\u00eb sinqerta, Brukseli ende jo.\u201d<\/em> &#8211; shkruan Salvini n\u00eb X.<\/span><\/p>\n<p><span style=\"color: #000000;\"><img loading=\"lazy\" decoding=\"async\" class=\"aligncenter size-full wp-image-629987\" src=\"https:\/\/www.hashtag.al\/wp-content\/uploads\/2023\/11\/salvini.png\" alt=\"\" width=\"773\" height=\"703\" srcset=\"https:\/\/www.hashtag.al\/wp-content\/uploads\/2023\/11\/salvini.png 773w, https:\/\/www.hashtag.al\/wp-content\/uploads\/2023\/11\/salvini-300x273.png 300w, https:\/\/www.hashtag.al\/wp-content\/uploads\/2023\/11\/salvini-768x698.png 768w\" sizes=\"auto, (max-width: 773px) 100vw, 773px\" \/><\/span><\/p>\n<p><span style=\"color: #000000;\">Marr\u00ebveshja u n\u00ebnshkrua dit\u00ebn e djeshme n\u00eb Rom\u00ebs mes kryeministres italiane Meloni e atij shqiptar Rama. <\/span><\/p>\n<p><span style=\"color: #000000;\">Ajo parashikon ngritjen n\u00eb Portin e Sh\u00ebngjinit e n\u00eb Lezh\u00eb t\u00eb dy kampeve q\u00eb do presin deri n\u00eb 39 mij\u00eb emigrant\u00eb n\u00eb vit. B\u00ebhet fjal\u00eb p\u00ebr emigrant\u00eb q\u00eb do kapen n\u00eb det pa mb\u00ebrritur n\u00eb tok\u00ebn italiane. <\/span><\/p>\n<p><span style=\"color: #000000;\">Ata do q\u00ebndrojn\u00eb n\u00eb Shqip\u00ebri deri n\u00eb shqyrtimin e k\u00ebrkes\u00ebs p\u00ebr azil e n\u00eb rast se nuk e p\u00ebrfitojn\u00eb, do riatdhesohen. Kampet do nd\u00ebrtohen nga Italia nd\u00ebrsa Shqip\u00ebria nuk do marr\u00eb asgj\u00eb si kompensim financiar duke ofruar sigurin\u00eb p\u00ebr kampet.<\/span><\/p>\n<p><span style=\"color: #000000;\">Sipas zv.ministrit italian p\u00ebr Shtetin Giovanbattista Fazzolari, numri prej rreth 36 mij\u00eb emigrant\u00ebsh n\u00eb vit \u00ebsht\u00eb eksperimental dhe si fillim \u00ebsht\u00eb i k\u00ebnaqsh\u00ebm.<\/span><\/p>\n","protected":false,"gt_translate_keys":[{"key":"rendered","format":"html"}]},"excerpt":{"rendered":"<p>Zv.kryeministri italian Matte Salvini, ka p\u00ebrsh\u00ebndetur marr\u00ebveshjen mes shefes s\u00eb tij Meloni e kryeministrit t\u00eb Shqip\u00ebris\u00eb Rama p\u00ebr nd\u00ebrtimin e dy kampeve n\u00eb territorin shqiptar q\u00eb do presin deri n\u00eb 39 mij\u00eb emigrant\u00eb n\u00eb vit. Salvini, q\u00eb \u00ebsht\u00eb nj\u00ebkoh\u00ebsisht minist\u00ebr transportesh shkruan n\u00eb X se Italia nuk \u00ebsht\u00eb kamp i refugjat\u00ebve i Evrop\u00ebs duke fal\u00ebnderuar [&hellip;]<\/p>\n","protected":false,"gt_translate_keys":[{"key":"rendered","format":"html"}]},"author":51,"featured_media":629988,"comment_status":"closed","ping_status":"closed","sticky":false,"template":"","format":"standard","meta":{"footnotes":""},"categories":[65],"tags":[],"class_list":["post-629986","post","type-post","status-publish","format-standard","has-post-thumbnail","hentry","category-lajme"],"gt_translate_keys":[{"key":"link","format":"url"}],"_links":{"self":[{"href":"https:\/\/www.hashtag.al\/index.php\/wp-json\/wp\/v2\/posts\/629986","targetHints":{"allow":["GET"]}}],"collection":[{"href":"https:\/\/www.hashtag.al\/index.php\/wp-json\/wp\/v2\/posts"}],"about":[{"href":"https:\/\/www.hashtag.al\/index.php\/wp-json\/wp\/v2\/types\/post"}],"author":[{"embeddable":true,"href":"https:\/\/www.hashtag.al\/index.php\/wp-json\/wp\/v2\/users\/51"}],"replies":[{"embeddable":true,"href":"https:\/\/www.hashtag.al\/index.php\/wp-json\/wp\/v2\/comments?post=629986"}],"version-history":[{"count":0,"href":"https:\/\/www.hashtag.al\/index.php\/wp-json\/wp\/v2\/posts\/629986\/revisions"}],"wp:featuredmedia":[{"embeddable":true,"href":"https:\/\/www.hashtag.al\/index.php\/wp-json\/wp\/v2\/media\/629988"}],"wp:attachment":[{"href":"https:\/\/www.hashtag.al\/index.php\/wp-json\/wp\/v2\/media?parent=629986"}],"wp:term":[{"taxonomy":"category","embeddable":true,"href":"https:\/\/www.hashtag.al\/index.php\/wp-json\/wp\/v2\/categories?post=629986"},{"taxonomy":"post_tag","embeddable":true,"href":"https:\/\/www.hashtag.al\/index.php\/wp-json\/wp\/v2\/tags?post=629986"}],"curies":[{"name":"wp","href":"https:\/\/api.w.org\/{rel}","templated":true}]}}