{"id":629921,"date":"2023-11-08T18:23:36","date_gmt":"2023-11-08T17:23:36","guid":{"rendered":"https:\/\/www.hashtag.al\/?p=629921"},"modified":"2023-11-08T18:23:36","modified_gmt":"2023-11-08T17:23:36","slug":"italia-dergon-nje-anije-spitalore-ne-brigjet-e-gazes-per-palestinezet-e-plagosur","status":"publish","type":"post","link":"https:\/\/www.hashtag.al\/index.php\/2023\/11\/08\/italia-dergon-nje-anije-spitalore-ne-brigjet-e-gazes-per-palestinezet-e-plagosur\/","title":{"rendered":"Italia d\u00ebrgon nj\u00eb anije spitalore n\u00eb brigjet e Gaz\u00ebs p\u00ebr palestinez\u00ebt e plagosur","gt_translate_keys":[{"key":"rendered","format":"text"}]},"content":{"rendered":"<p>&nbsp;<\/p>\n<p><span style=\"color: #000000;\"><a href=\"https:\/\/www.hashtag.al\/wp-content\/uploads\/2023\/11\/Screenshot-2023-11-08-180850.png\"><img loading=\"lazy\" decoding=\"async\" class=\"aligncenter size-full wp-image-630367\" src=\"https:\/\/www.hashtag.al\/wp-content\/uploads\/2023\/11\/Screenshot-2023-11-08-180850.png\" alt=\"\" width=\"766\" height=\"320\" srcset=\"https:\/\/www.hashtag.al\/wp-content\/uploads\/2023\/11\/Screenshot-2023-11-08-180850.png 766w, https:\/\/www.hashtag.al\/wp-content\/uploads\/2023\/11\/Screenshot-2023-11-08-180850-300x125.png 300w\" sizes=\"auto, (max-width: 766px) 100vw, 766px\" \/><\/a><\/span><\/p>\n<p><span style=\"color: #000000;\">Anija e marin\u00ebs italiane Vulcano, e pajisur me instrumente spitalore dhe dhoma operative, \u00ebsht\u00eb vendosur n\u00eb Lindjen e Mesme p\u00ebr t\u00eb pritur dhe trajtuar t\u00eb plagosurit nga Gaza, tha t\u00eb m\u00ebrkur\u00ebn ministri i mbrojtjes italiane.<\/span><\/p>\n<p><span style=\"color: #000000;\">Guido Crosetto tha se anija spitalore fillimisht do t\u00eb shkoj\u00eb n\u00eb ishullin e Qipros dhe m\u00eb pas sa m\u00eb af\u00ebr q\u00eb t\u00eb jet\u00eb e mundur n\u00eb zon\u00ebn e konfliktit izraelito-palestinez p\u00ebr t\u00eb ofruar mb\u00ebshtetje mjek\u00ebsore urgjente p\u00ebr popullat\u00ebn palestineze.<\/span><\/p>\n<p><span style=\"color: #000000;\">Anija u nis t\u00eb m\u00ebrkur\u00ebn nga porti italian i Civitavecchia me 170 staf n\u00eb bord, p\u00ebrfshir\u00eb 30 persona t\u00eb trajnuar p\u00ebr urgjencat mjek\u00ebsore, raporton <span style=\"color: #0000ff;\"><a style=\"color: #0000ff;\" href=\"https:\/\/www.aa.com.tr\/en\/europe\/italy-deploys-hospital-ship-off-gaza-coast-for-emergency-aid\/3047738\">AA.<\/a><\/span><\/span><\/p>\n<p><span style=\"color: #000000;\"><em>\u201cNe jemi t\u00eb par\u00ebt q\u00eb kryejm\u00eb nj\u00eb operacion humanitar n\u00eb at\u00eb zon\u00eb dhe shpresojm\u00eb q\u00eb edhe vendet e tjera t\u00eb ndjekin shembullin\u201d,<\/em> tha ministri italian.<\/span><\/p>\n<p><span style=\"color: #000000;\">Crosetto shtoi se qeveria po punon gjithashtu p\u00ebr sigurimin e nj\u00eb spitali fushor q\u00eb do t\u00eb d\u00ebrgohet <em>&#8220;drejtp\u00ebrdrejt n\u00eb Gaza n\u00eb marr\u00ebveshje me palestinez\u00ebt&#8221;.<\/em><\/span><\/p>\n<p><span style=\"color: #000000;\">N\u00eb fund t\u00eb muajit t\u00eb kaluar, Italia d\u00ebrgoi dy grupe ndihash humanitare n\u00eb Egjipt p\u00ebr t&#8217;i shp\u00ebrndar\u00eb p\u00ebrmes Gjysm\u00ebh\u00ebn\u00ebs s\u00eb Kuqe Egjiptiane popullat\u00ebs civile t\u00eb vuajtur n\u00eb Gaza.<\/span><\/p>\n<p><span style=\"color: #000000;\">Ministrat e Jasht\u00ebm nga vendet e G-7, ku p\u00ebrfshihet Italia, kan\u00eb b\u00ebr\u00eb thirrje p\u00ebr pauza humanitare n\u00eb konfliktin e Gaz\u00ebs, i cili filloi m\u00eb 7 tetor, p\u00ebr t\u00eb lejuar ndihm\u00ebn dhe p\u00ebr t\u00eb ndihmuar lirimin e pengjeve.<\/span><\/p>\n","protected":false,"gt_translate_keys":[{"key":"rendered","format":"html"}]},"excerpt":{"rendered":"<p>&nbsp; Anija e marin\u00ebs italiane Vulcano, e pajisur me instrumente spitalore dhe dhoma operative, \u00ebsht\u00eb vendosur n\u00eb Lindjen e Mesme p\u00ebr t\u00eb pritur dhe trajtuar t\u00eb plagosurit nga Gaza, tha t\u00eb m\u00ebrkur\u00ebn ministri i mbrojtjes italiane. Guido Crosetto tha se anija spitalore fillimisht do t\u00eb shkoj\u00eb n\u00eb ishullin e Qipros dhe m\u00eb pas sa m\u00eb [&hellip;]<\/p>\n","protected":false,"gt_translate_keys":[{"key":"rendered","format":"html"}]},"author":30,"featured_media":630367,"comment_status":"closed","ping_status":"closed","sticky":false,"template":"","format":"standard","meta":{"footnotes":""},"categories":[6],"tags":[],"class_list":["post-629921","post","type-post","status-publish","format-standard","has-post-thumbnail","hentry","category-nderkombetare"],"gt_translate_keys":[{"key":"link","format":"url"}],"_links":{"self":[{"href":"https:\/\/www.hashtag.al\/index.php\/wp-json\/wp\/v2\/posts\/629921","targetHints":{"allow":["GET"]}}],"collection":[{"href":"https:\/\/www.hashtag.al\/index.php\/wp-json\/wp\/v2\/posts"}],"about":[{"href":"https:\/\/www.hashtag.al\/index.php\/wp-json\/wp\/v2\/types\/post"}],"author":[{"embeddable":true,"href":"https:\/\/www.hashtag.al\/index.php\/wp-json\/wp\/v2\/users\/30"}],"replies":[{"embeddable":true,"href":"https:\/\/www.hashtag.al\/index.php\/wp-json\/wp\/v2\/comments?post=629921"}],"version-history":[{"count":0,"href":"https:\/\/www.hashtag.al\/index.php\/wp-json\/wp\/v2\/posts\/629921\/revisions"}],"wp:featuredmedia":[{"embeddable":true,"href":"https:\/\/www.hashtag.al\/index.php\/wp-json\/wp\/v2\/media\/630367"}],"wp:attachment":[{"href":"https:\/\/www.hashtag.al\/index.php\/wp-json\/wp\/v2\/media?parent=629921"}],"wp:term":[{"taxonomy":"category","embeddable":true,"href":"https:\/\/www.hashtag.al\/index.php\/wp-json\/wp\/v2\/categories?post=629921"},{"taxonomy":"post_tag","embeddable":true,"href":"https:\/\/www.hashtag.al\/index.php\/wp-json\/wp\/v2\/tags?post=629921"}],"curies":[{"name":"wp","href":"https:\/\/api.w.org\/{rel}","templated":true}]}}