{"id":629910,"date":"2023-11-07T12:14:46","date_gmt":"2023-11-07T11:14:46","guid":{"rendered":"https:\/\/www.hashtag.al\/?p=629910"},"modified":"2023-11-07T12:14:46","modified_gmt":"2023-11-07T11:14:46","slug":"largimi-i-agron-shehajt-nga-grupi-i-pd-berisha-e-respektoj-vendimin-e-tij","status":"publish","type":"post","link":"https:\/\/www.hashtag.al\/index.php\/2023\/11\/07\/largimi-i-agron-shehajt-nga-grupi-i-pd-berisha-e-respektoj-vendimin-e-tij\/","title":{"rendered":"Largimi i Agron Shehajt nga grupi i PD, Berisha: E respektoj vendimin e tij","gt_translate_keys":[{"key":"rendered","format":"text"}]},"content":{"rendered":"<p style=\"text-align: left;\"><span style=\"color: #000000;\"><img loading=\"lazy\" decoding=\"async\" class=\"size-full wp-image-629911 aligncenter\" src=\"https:\/\/www.hashtag.al\/wp-content\/uploads\/2023\/11\/agron-shehaj-sali-berisha-1-151.jpg\" alt=\"\" width=\"640\" height=\"416\" srcset=\"https:\/\/www.hashtag.al\/wp-content\/uploads\/2023\/11\/agron-shehaj-sali-berisha-1-151.jpg 640w, https:\/\/www.hashtag.al\/wp-content\/uploads\/2023\/11\/agron-shehaj-sali-berisha-1-151-300x195.jpg 300w\" sizes=\"auto, (max-width: 640px) 100vw, 640px\" \/><\/span><\/p>\n<p style=\"text-align: left;\"><span style=\"color: #000000;\">I pyetur nga selia e Kuvendit edhe p\u00ebr vendimin e deputetit Agron Shehaj p\u00ebr t\u2019u larguar nga grupi parlamentar i Partis\u00eb Demokratike, ish-kryeministri Sali Berisha theksoi se e respekton vendimin e tij. Do t\u00eb ket\u00eb zhvillime u shpreh Berisha, nd\u00ebrsa shpjegoi se n\u00eb m\u00ebnyr\u00eb miq\u00ebsore i ka pohuar deputetit Shehaj se kontributet e tij t\u00eb pamohueshme marrin pesh\u00eb me shum\u00eb se askund tjet\u00ebr.<\/span><\/p>\n<p style=\"text-align: left;\"><span style=\"color: #000000;\"><em>\u201cDeputeti Agron Shehu \u00ebsht\u00eb nj\u00eb deputet si \u00e7do deputet tjet\u00ebr ka gjykimin e tij dhe n\u00eb k\u00ebt\u00eb aspekt respektoj mendimin e \u00e7do deputeti. Un\u00eb kam folur, i kam th\u00ebn\u00eb q\u00eb respektoj vendimin e tij. I kam th\u00ebn\u00eb n\u00eb m\u00ebnyr\u00eb m\u00eb miq\u00ebsore q\u00eb ke kontribute t\u00eb pamohueshme dhe kontributet tua m\u00eb shum\u00eb se k\u00ebtu nuk marrin pesh\u00eb kund tjet\u00ebr. Njeriu q\u00eb nuk frik\u00ebson tjer\u00ebt, nuk frik\u00ebsohet vet\u00eb. Do ket\u00eb zhvillime\u201d<\/em>, tha Berisha.<\/span><\/p>\n","protected":false,"gt_translate_keys":[{"key":"rendered","format":"html"}]},"excerpt":{"rendered":"<p>I pyetur nga selia e Kuvendit edhe p\u00ebr vendimin e deputetit Agron Shehaj p\u00ebr t\u2019u larguar nga grupi parlamentar i Partis\u00eb Demokratike, ish-kryeministri Sali Berisha theksoi se e respekton vendimin e tij. Do t\u00eb ket\u00eb zhvillime u shpreh Berisha, nd\u00ebrsa shpjegoi se n\u00eb m\u00ebnyr\u00eb miq\u00ebsore i ka pohuar deputetit Shehaj se kontributet e tij t\u00eb [&hellip;]<\/p>\n","protected":false,"gt_translate_keys":[{"key":"rendered","format":"html"}]},"author":4,"featured_media":629911,"comment_status":"closed","ping_status":"closed","sticky":false,"template":"","format":"standard","meta":{"footnotes":""},"categories":[65],"tags":[],"class_list":["post-629910","post","type-post","status-publish","format-standard","has-post-thumbnail","hentry","category-lajme"],"gt_translate_keys":[{"key":"link","format":"url"}],"_links":{"self":[{"href":"https:\/\/www.hashtag.al\/index.php\/wp-json\/wp\/v2\/posts\/629910","targetHints":{"allow":["GET"]}}],"collection":[{"href":"https:\/\/www.hashtag.al\/index.php\/wp-json\/wp\/v2\/posts"}],"about":[{"href":"https:\/\/www.hashtag.al\/index.php\/wp-json\/wp\/v2\/types\/post"}],"author":[{"embeddable":true,"href":"https:\/\/www.hashtag.al\/index.php\/wp-json\/wp\/v2\/users\/4"}],"replies":[{"embeddable":true,"href":"https:\/\/www.hashtag.al\/index.php\/wp-json\/wp\/v2\/comments?post=629910"}],"version-history":[{"count":0,"href":"https:\/\/www.hashtag.al\/index.php\/wp-json\/wp\/v2\/posts\/629910\/revisions"}],"wp:featuredmedia":[{"embeddable":true,"href":"https:\/\/www.hashtag.al\/index.php\/wp-json\/wp\/v2\/media\/629911"}],"wp:attachment":[{"href":"https:\/\/www.hashtag.al\/index.php\/wp-json\/wp\/v2\/media?parent=629910"}],"wp:term":[{"taxonomy":"category","embeddable":true,"href":"https:\/\/www.hashtag.al\/index.php\/wp-json\/wp\/v2\/categories?post=629910"},{"taxonomy":"post_tag","embeddable":true,"href":"https:\/\/www.hashtag.al\/index.php\/wp-json\/wp\/v2\/tags?post=629910"}],"curies":[{"name":"wp","href":"https:\/\/api.w.org\/{rel}","templated":true}]}}