{"id":629750,"date":"2023-11-06T20:05:06","date_gmt":"2023-11-06T19:05:06","guid":{"rendered":"https:\/\/www.hashtag.al\/?p=629750"},"modified":"2023-11-06T20:15:25","modified_gmt":"2023-11-06T19:15:25","slug":"berisha-me-te-rinjte-e-frpd-se-ne-vitin-1990-nuk-besoja-se-do-permbysej-diktatura","status":"publish","type":"post","link":"https:\/\/www.hashtag.al\/index.php\/2023\/11\/06\/berisha-me-te-rinjte-e-frpd-se-ne-vitin-1990-nuk-besoja-se-do-permbysej-diktatura\/","title":{"rendered":"Berisha me t\u00eb rinjt\u00eb e FRPD-s\u00eb: N\u00eb vitin 1990 nuk besoja se do p\u00ebrmbysej diktatura","gt_translate_keys":[{"key":"rendered","format":"text"}]},"content":{"rendered":"<p><strong><img loading=\"lazy\" decoding=\"async\" class=\"size-full wp-image-629751 aligncenter\" src=\"https:\/\/www.hashtag.al\/wp-content\/uploads\/2023\/11\/berisha-3-749x375-1.jpg\" alt=\"\" width=\"749\" height=\"375\" srcset=\"https:\/\/www.hashtag.al\/wp-content\/uploads\/2023\/11\/berisha-3-749x375-1.jpg 749w, https:\/\/www.hashtag.al\/wp-content\/uploads\/2023\/11\/berisha-3-749x375-1-300x150.jpg 300w\" sizes=\"auto, (max-width: 749px) 100vw, 749px\" \/><\/strong><\/p>\n<p style=\"text-align: left;\"><span style=\"color: #000000;\">Ish kryeministri i shqip\u00ebris\u00eb Sali Berisha n\u00eb nj\u00eb takim me t\u00eb rinjt\u00eb e FRPD-s\u00eb u shpreh se n\u00eb vend t\u00eb dyfishimit t\u00eb rrogave t\u00eb ministrave duhen dyfishuar rrogat e mjek\u00ebve q\u00eb edhe student\u00ebt t\u00eb mos ikin.<\/span><\/p>\n<p style=\"text-align: left;\"><span style=\"color: #000000;\">P\u00ebrsa i p\u00ebrket PD ai u shpreh se kaloi nj\u00eb periudh\u00eb t\u00eb v\u00ebshtir\u00eb<\/span><\/p>\n<p style=\"text-align: left;\"><span style=\"color: #000000;\">Berisha u shpreh se nga qytetar\u00ebt n\u00eb rrogat m\u00eb t\u00eb larta n\u00eb rajon n\u00eb vitin 2013, sot kemi rroga 20% m\u00eb t\u00eb ul\u00ebta se Kosova.<\/span><\/p>\n<p style=\"text-align: left;\"><span style=\"color: #000000;\"><strong>Sali Berisha:<\/strong>\u00a0<em>N\u00ebse ti do q\u00eb k\u00ebta mjek, k\u00ebta student t\u00eb mos ikin rrit rrogat. Dyfisho rrogat e mjek\u00ebve. Mos dyfisho rrogat e minist\u00ebrve, dyfisho rrogat e mjek\u00ebve. N\u00eb vendet e lira b\u00ebhet kjo. Nga qytetar\u00ebt n\u00eb rrogat m\u00eb t\u00eb larta n\u00eb rajon n\u00eb vitin 2013, sot kemi rroga 20% m\u00eb t\u00eb ul\u00ebta se Kosova. N\u00ebse p\u00ebrpara Sali Berisha kritikohej se rruga e Kombit shkoi 1 miliard\u00eb dollar\u00eb dhe u shlye n\u00eb 4 vite nga pushuesit q\u00eb vijn\u00eb nga Kosova, kur flitet p\u00ebr 1 miliard\u00eb sot del djeg\u00ebsi i Tiran\u00ebs q\u00eb nuk ekziston. Kjo \u00ebsht\u00eb situata. N\u00eb dallim nga viti 90\u2032. Nuk besoja se do p\u00ebrmbysej diktatura. U gabova, ishin student\u00ebt. Sot ka nj\u00eb parti demokratike, e cila kaloi nj\u00eb proces shum\u00eb t\u00eb v\u00ebshtir\u00eb. Nj\u00eb parti e cila mori Shqip\u00ebrin\u00eb nga honet e historis\u00eb dhe e nxori an\u00ebtare t\u00eb NATO-s. Nd\u00ebrtoi rrug\u00eb m\u00eb shum\u00eb se gjith\u00eb rajoni t\u00eb marr\u00eb s\u00eb bashku, tani vjen dhe t\u00eb shkat\u00ebrrohet nga Edi Rama. N\u00eb nj\u00eb hakmarrje primitive, hakmarrje at\u00ebrore. Kjo parti p\u00ebrmbysi pushtetin e et\u00ebrve t\u00eb tij dhe shp\u00ebtoi shqiptar\u00ebt, Edi Rama edhe sot nuk d\u00ebnon varjen n\u00eb litar t\u00eb Havzi Nel\u00ebs nga i ati i tij. Nuk d\u00ebnon thirrjen e daj\u00ebs s\u00eb tij t\u00eb fusm tanket tek student\u00ebt. Nuk respekton asnj\u00eb ligj p\u00ebr familjar\u00ebt e tij.<\/em><\/span><\/p>\n","protected":false,"gt_translate_keys":[{"key":"rendered","format":"html"}]},"excerpt":{"rendered":"<p>Ish kryeministri i shqip\u00ebris\u00eb Sali Berisha n\u00eb nj\u00eb takim me t\u00eb rinjt\u00eb e FRPD-s\u00eb u shpreh se n\u00eb vend t\u00eb dyfishimit t\u00eb rrogave t\u00eb ministrave duhen dyfishuar rrogat e mjek\u00ebve q\u00eb edhe student\u00ebt t\u00eb mos ikin. P\u00ebrsa i p\u00ebrket PD ai u shpreh se kaloi nj\u00eb periudh\u00eb t\u00eb v\u00ebshtir\u00eb Berisha u shpreh se nga qytetar\u00ebt [&hellip;]<\/p>\n","protected":false,"gt_translate_keys":[{"key":"rendered","format":"html"}]},"author":4,"featured_media":629751,"comment_status":"closed","ping_status":"closed","sticky":false,"template":"","format":"standard","meta":{"footnotes":""},"categories":[65],"tags":[],"class_list":["post-629750","post","type-post","status-publish","format-standard","has-post-thumbnail","hentry","category-lajme"],"gt_translate_keys":[{"key":"link","format":"url"}],"_links":{"self":[{"href":"https:\/\/www.hashtag.al\/index.php\/wp-json\/wp\/v2\/posts\/629750","targetHints":{"allow":["GET"]}}],"collection":[{"href":"https:\/\/www.hashtag.al\/index.php\/wp-json\/wp\/v2\/posts"}],"about":[{"href":"https:\/\/www.hashtag.al\/index.php\/wp-json\/wp\/v2\/types\/post"}],"author":[{"embeddable":true,"href":"https:\/\/www.hashtag.al\/index.php\/wp-json\/wp\/v2\/users\/4"}],"replies":[{"embeddable":true,"href":"https:\/\/www.hashtag.al\/index.php\/wp-json\/wp\/v2\/comments?post=629750"}],"version-history":[{"count":0,"href":"https:\/\/www.hashtag.al\/index.php\/wp-json\/wp\/v2\/posts\/629750\/revisions"}],"wp:featuredmedia":[{"embeddable":true,"href":"https:\/\/www.hashtag.al\/index.php\/wp-json\/wp\/v2\/media\/629751"}],"wp:attachment":[{"href":"https:\/\/www.hashtag.al\/index.php\/wp-json\/wp\/v2\/media?parent=629750"}],"wp:term":[{"taxonomy":"category","embeddable":true,"href":"https:\/\/www.hashtag.al\/index.php\/wp-json\/wp\/v2\/categories?post=629750"},{"taxonomy":"post_tag","embeddable":true,"href":"https:\/\/www.hashtag.al\/index.php\/wp-json\/wp\/v2\/tags?post=629750"}],"curies":[{"name":"wp","href":"https:\/\/api.w.org\/{rel}","templated":true}]}}