{"id":629700,"date":"2023-11-07T07:20:04","date_gmt":"2023-11-07T06:20:04","guid":{"rendered":"https:\/\/www.hashtag.al\/?p=629700"},"modified":"2023-11-07T07:20:16","modified_gmt":"2023-11-07T06:20:16","slug":"anulohet-tenderi-3-9-milione-euro-per-ulzen-ministria-asnje-oferte-e-pershtatshme","status":"publish","type":"post","link":"https:\/\/www.hashtag.al\/index.php\/2023\/11\/07\/anulohet-tenderi-3-9-milione-euro-per-ulzen-ministria-asnje-oferte-e-pershtatshme\/","title":{"rendered":"Anulohet tenderi 3.9 milion\u00eb euro p\u00ebr Ulz\u00ebn, Ministria: Asnj\u00eb ofert\u00eb e p\u00ebrshtatshme","gt_translate_keys":[{"key":"rendered","format":"text"}]},"content":{"rendered":"<p><span style=\"color: #000000;\"><a href=\"https:\/\/www.hashtag.al\/wp-content\/uploads\/2023\/11\/u4.jpg\"><img loading=\"lazy\" decoding=\"async\" class=\"aligncenter size-full wp-image-629825\" src=\"https:\/\/www.hashtag.al\/wp-content\/uploads\/2023\/11\/u4.jpg\" alt=\"\" width=\"606\" height=\"375\" srcset=\"https:\/\/www.hashtag.al\/wp-content\/uploads\/2023\/11\/u4.jpg 606w, https:\/\/www.hashtag.al\/wp-content\/uploads\/2023\/11\/u4-300x186.jpg 300w\" sizes=\"auto, (max-width: 606px) 100vw, 606px\" \/><\/a><\/span><\/p>\n<p><span style=\"color: #000000;\">Nj\u00eb projekt me nj\u00eb fond t\u00eb p\u00ebraf\u00ebrt prej 3.9 milion\u00eb euro q\u00eb parashikon transformimin e parkut natyror t\u00eb liqenit t\u00eb Ulz\u00ebs dhe zon\u00ebs p\u00ebrreth tij ka hasur n\u00eb ng\u00ebr\u00e7.<\/span><\/p>\n<p><span style=\"color: #000000;\">Pas shpalljes s\u00eb procedur\u00ebs mes t\u00eb shtatorit nga Ministria e Turizmit dhe Mjedisit dhe mbylljes s\u00eb tenderit n\u00eb fund t\u00eb t\u00eb nj\u00ebjtit muaj, dy operator\u00eb u ankimuan n\u00eb KPP duke k\u00ebrkuar shfuqizimin e vendimit t\u00eb Komisionit t\u00eb Vler\u00ebsimit t\u00eb Ofertave q\u00eb kishte skualifikuar ofert\u00ebn e tyre.<\/span><\/p>\n<p><span style=\"color: #000000;\">B\u00ebhet fjal\u00eb p\u00ebr bashkimin e operator\u00ebve ekonomik\u00eb \u201cFusha\u201d SHPK &amp; \u201cUlza\u201d SHPK. Por Komisioni i Prokurimit Publik pasi ka analizuar pretendimet ka vendosur q\u00eb t\u00eb l\u00ebr\u00eb n\u00eb fuqi vendimin e marr\u00eb nga Komisioni i Vler\u00ebsimit t\u00eb Ofertave duke b\u00ebr\u00eb publik k\u00ebt\u00eb n\u00eb 2 n\u00ebntor 2023.<\/span><\/p>\n<p><span style=\"color: #000000;\">Teksa pas k\u00ebsaj pritshm\u00ebria \u00ebsht\u00eb p\u00ebr vijimin e hallkave t\u00eb tjera t\u00eb procedur\u00ebs duket se Ministria e Turizmit dhe Mjedisit ka vendosur t\u00eb anuloje tenderin ose t\u00eb pakt\u00ebn k\u00ebshtu rezulton n\u00eb sistemin e Agjencis\u00eb s\u00eb Prokurimit Publik procedura me objekt \u201cProjekti i Zbatimit p\u00ebr Parkun Natyror Liqeni i Ulz\u00ebs dhe Zona P\u00ebrreth tij\u201d. Sh\u00ebnimi q\u00eb shoq\u00ebron k\u00ebt\u00eb vendim t\u00eb ministris\u00eb \u00ebsht\u00eb \u201cnuk \u00ebsht\u00eb paraqitur asnj\u00eb ofert\u00eb e p\u00ebrshtatshme n\u00eb procedurat me nj\u00eb faz\u00eb\u201d. Kjo l\u00eb t\u00eb kuptohet se prokurimi do t\u00eb rihapet n\u00eb nj\u00eb faz\u00eb tjet\u00ebr.<\/span><\/p>\n<p>&nbsp;<\/p>\n<p><span style=\"color: #000000;\">Projekti p\u00ebr liqenin e Ulz\u00ebs<\/span><\/p>\n<p><span style=\"color: #000000;\">N\u00eb dokumentet e saj qeveria pranonte se zona e Ulz\u00ebs ka pasur investime private t\u00eb shumta q\u00eb tashm\u00eb duhet q\u00eb shteti t\u2019u p\u00ebrgjigjet me infrastruktur\u00eb dhe krijimin e element\u00ebve shtes\u00eb q\u00eb rrisin vler\u00ebn e rajonit.<\/span><\/p>\n<p><em><span style=\"color: #000000;\">\u201cN\u00eb k\u00ebt\u00eb kontekst n\u00eb analiz\u00ebn hap\u00ebsinore t\u00eb projektit t\u00eb zbatimit \u00ebsht\u00eb identifikuar nevoja p\u00ebr nd\u00ebrhyrje p\u00ebrmir\u00ebsuese n\u00eb pjes\u00ebn e bregut t\u00eb liqenit posht\u00eb qytez\u00ebs duke krijuar k\u00ebshtu nj\u00eb hap\u00ebsir\u00eb t\u00eb sistemuar dhe nj\u00eb sh\u00ebtitore t\u00eb p\u00ebrshtatshme me panoram\u00ebn turistike liqenore. Propozimi konsiston n\u00eb krijimin e nj\u00eb sh\u00ebtitoreje p\u00ebrgjat\u00eb t\u00eb gjith\u00eb buz\u00ebs s\u00eb liqenit t\u00eb kombinuar me mole p\u00ebr varkat apo p\u00ebr stacion p\u00ebr plazh.<\/span><\/em><\/p>\n<p><span style=\"color: #000000;\"><em>Kjo struktur\u00eb do t\u00eb funksionoj\u00eb si elementi m\u00eb dinamik turistik n\u00eb qendr\u00ebn e Parkut ku vizitor\u00ebt do t\u00eb ken\u00eb mund\u00ebsi t\u00eb shijojn\u00eb nga af\u00ebr liqenin por edhe t\u00eb jen\u00eb pran\u00eb sh\u00ebrbimeve turistike t\u00eb nevojshme\u201d<\/em> thuhej n\u00eb dokument.<\/span><\/p>\n<p><span style=\"color: #000000;\">I nj\u00ebjti n\u00ebnvizonte se pjesa e investimeve \u00ebsht\u00eb menduar t\u00eb vijoj\u00eb me qytetin e Ulz\u00ebs ku do t\u00eb zbatohet nd\u00ebrtimi i nj\u00eb strukture p\u00ebr pritjen e vizitor\u00ebve. Nga pik\u00ebpamja funksionale kjo struktur\u00eb do t\u00eb ket\u00eb mund\u00ebsi t\u00eb ofroj\u00eb informacion t\u00eb nevojsh\u00ebm p\u00ebr Parakun Natyror por edhe hap\u00ebsira t\u00eb nevojshme sh\u00ebrbimi.<\/span><\/p>\n<p><span style=\"color: #000000;\">N\u00eb liqenin e Ulz\u00ebs nga ana tjet\u00ebr \u00ebsht\u00eb menduar t\u00eb shfryt\u00ebzohet potenciali q\u00eb ofron ai lidhur me aktivitete t\u00eb ndryshme turistike p\u00ebrfshir\u00eb lundrimin me varka, sh\u00ebtitjet me kajak, noti, peshkimi.<\/span><\/p>\n<p><span style=\"color: #000000;\">P\u00ebrgjat\u00eb korridorit t\u00eb Shkopetit referuar dokumenteve jan\u00eb parashikuar pika q\u00ebndrimi panoramike dhe parkime, dy stacione varkash, dhe stacione kampingu dhe kamerash.<\/span><\/p>\n<p><span style=\"color: #000000;\">Projekti parashikon n\u00eb t\u00ebr\u00ebsi nd\u00ebrhyrje n\u00eb sh\u00ebtitore plot\u00ebsimin me stola druri, nd\u00ebrtimin e nj\u00ebsive akomoduese turistike me dru dhe miq\u00ebsore me mjedisin, tre kulla p\u00ebr v\u00ebzhgim mbi 19 metra t\u00eb larta. T\u00eb gjith\u00eb k\u00ebto t\u00eb pozicionuara n\u00eb zona t\u00eb ndryshme t\u00eb asaj q\u00eb sot \u00ebsht\u00eb Parku natyror i Liqenit t\u00eb Ulz\u00ebs.<\/span><\/p>\n<p><span style=\"color: #000000;\"><span style=\"color: #ff0000;\">VINI RE<\/span>: Ky material \u00ebsht\u00eb pron\u00ebsi intelektuale e <span style=\"color: #0000ff;\"><a style=\"color: #0000ff;\" href=\"https:\/\/www.monitor.al\/anulohet-tenderi-3-9-milione-euro-per-ulzen-ministria-asnje-oferte-e-pershtatshme\/\">Monitor<\/a><\/span><\/span><\/p>\n","protected":false,"gt_translate_keys":[{"key":"rendered","format":"html"}]},"excerpt":{"rendered":"<p>Nj\u00eb projekt me nj\u00eb fond t\u00eb p\u00ebraf\u00ebrt prej 3.9 milion\u00eb euro q\u00eb parashikon transformimin e parkut natyror t\u00eb liqenit t\u00eb Ulz\u00ebs dhe zon\u00ebs p\u00ebrreth tij ka hasur n\u00eb ng\u00ebr\u00e7. Pas shpalljes s\u00eb procedur\u00ebs mes t\u00eb shtatorit nga Ministria e Turizmit dhe Mjedisit dhe mbylljes s\u00eb tenderit n\u00eb fund t\u00eb t\u00eb nj\u00ebjtit muaj, dy operator\u00eb u [&hellip;]<\/p>\n","protected":false,"gt_translate_keys":[{"key":"rendered","format":"html"}]},"author":30,"featured_media":629825,"comment_status":"closed","ping_status":"closed","sticky":false,"template":"","format":"standard","meta":{"footnotes":""},"categories":[53],"tags":[],"class_list":["post-629700","post","type-post","status-publish","format-standard","has-post-thumbnail","hentry","category-fast-foodi"],"gt_translate_keys":[{"key":"link","format":"url"}],"_links":{"self":[{"href":"https:\/\/www.hashtag.al\/index.php\/wp-json\/wp\/v2\/posts\/629700","targetHints":{"allow":["GET"]}}],"collection":[{"href":"https:\/\/www.hashtag.al\/index.php\/wp-json\/wp\/v2\/posts"}],"about":[{"href":"https:\/\/www.hashtag.al\/index.php\/wp-json\/wp\/v2\/types\/post"}],"author":[{"embeddable":true,"href":"https:\/\/www.hashtag.al\/index.php\/wp-json\/wp\/v2\/users\/30"}],"replies":[{"embeddable":true,"href":"https:\/\/www.hashtag.al\/index.php\/wp-json\/wp\/v2\/comments?post=629700"}],"version-history":[{"count":0,"href":"https:\/\/www.hashtag.al\/index.php\/wp-json\/wp\/v2\/posts\/629700\/revisions"}],"wp:featuredmedia":[{"embeddable":true,"href":"https:\/\/www.hashtag.al\/index.php\/wp-json\/wp\/v2\/media\/629825"}],"wp:attachment":[{"href":"https:\/\/www.hashtag.al\/index.php\/wp-json\/wp\/v2\/media?parent=629700"}],"wp:term":[{"taxonomy":"category","embeddable":true,"href":"https:\/\/www.hashtag.al\/index.php\/wp-json\/wp\/v2\/categories?post=629700"},{"taxonomy":"post_tag","embeddable":true,"href":"https:\/\/www.hashtag.al\/index.php\/wp-json\/wp\/v2\/tags?post=629700"}],"curies":[{"name":"wp","href":"https:\/\/api.w.org\/{rel}","templated":true}]}}