{"id":629695,"date":"2023-11-06T18:46:38","date_gmt":"2023-11-06T17:46:38","guid":{"rendered":"https:\/\/www.hashtag.al\/?p=629695"},"modified":"2023-11-06T18:46:38","modified_gmt":"2023-11-06T17:46:38","slug":"osmani-lavrov-ka-kerkuar-te-marre-pjese-ne-keshillin-ministror-te-osbe-se-ne-shkup","status":"publish","type":"post","link":"https:\/\/www.hashtag.al\/index.php\/2023\/11\/06\/osmani-lavrov-ka-kerkuar-te-marre-pjese-ne-keshillin-ministror-te-osbe-se-ne-shkup\/","title":{"rendered":"Osmani: Lavrov ka k\u00ebrkuar t\u00eb marr\u00eb pjes\u00eb n\u00eb K\u00ebshillin Ministror t\u00eb OSBE-s\u00eb n\u00eb Shkup","gt_translate_keys":[{"key":"rendered","format":"text"}]},"content":{"rendered":"<p><img loading=\"lazy\" decoding=\"async\" class=\"size-full wp-image-629696 aligncenter\" src=\"https:\/\/www.hashtag.al\/wp-content\/uploads\/2023\/11\/Screenshot-2023-11-06-172751.png\" alt=\"\" width=\"758\" height=\"378\" srcset=\"https:\/\/www.hashtag.al\/wp-content\/uploads\/2023\/11\/Screenshot-2023-11-06-172751.png 758w, https:\/\/www.hashtag.al\/wp-content\/uploads\/2023\/11\/Screenshot-2023-11-06-172751-300x150.png 300w\" sizes=\"auto, (max-width: 758px) 100vw, 758px\" \/><\/p>\n<p style=\"text-align: left;\"><span style=\"color: #000000;\">Ministri i Pun\u00ebve t\u00eb Jashtme i Rusis\u00eb, Sergei Lavrov, ka k\u00ebrkuar q\u00eb t\u00eb marr\u00eb pjes\u00eb n\u00eb K\u00ebshillin Ministror t\u00eb Organizata p\u00ebr Siguri dhe Bashk\u00ebpunim n\u00eb Evrop\u00eb (OSBE), q\u00eb mbahet n\u00eb fund t\u00eb n\u00ebntorit n\u00eb Shkup t\u00eb Maqedonis\u00eb s\u00eb Veriut.<\/span><\/p>\n<p style=\"text-align: left;\"><span style=\"color: #000000;\">Shkupi \u00ebsht\u00eb duke kryesuar OSBE-n\u00eb.<\/span><\/p>\n<p style=\"text-align: left;\"><span style=\"color: #000000;\">K\u00ebrkes\u00ebn p\u00ebr pjes\u00ebmarrje t\u00eb kryediplomatit rus e konfirmoi m\u00eb 6 n\u00ebntor shefi i diplomacis\u00eb maqedonase, Bujar Osmani, i cili tha se ka marr\u00eb nj\u00eb let\u00ebr nga ministri i Jasht\u00ebm i Rusis\u00eb, p\u00ebrmes s\u00eb cil\u00ebs Lavrov ka paraqitur k\u00ebrkes\u00ebn p\u00ebr pjes\u00ebmarrje n\u00eb takimin e K\u00ebshillit Ministror t\u00eb OSBE-s\u00eb.<\/span><\/p>\n<p style=\"text-align: left;\"><span style=\"color: #000000;\"><em>\u201cKam marr\u00eb nj\u00eb let\u00ebr para disa dit\u00ebsh nga ministri i Pun\u00ebve t\u00eb Jashtme t\u00eb Rusis\u00eb n\u00eb t\u00eb cil\u00ebn ai ka theksuar k\u00ebrkes\u00ebn p\u00ebr t\u00eb siguruar pranin\u00eb e tij n\u00eb Shkup. Ka disa sfida rreth k\u00ebsaj k\u00ebrkese, sepse hap\u00ebsira ajrore e Maqedonis\u00eb s\u00eb Veriut dhe fqinj\u00ebve tan\u00eb \u00ebsht\u00eb e mbyllur p\u00ebr fluturimet shtet\u00ebrore ruse, prandaj k\u00ebtu duhet t\u00eb b\u00ebhen disa p\u00ebrpjekje logjistike&#8230; Ndryshe, si rregull, t\u00eb gjitha vendet an\u00ebtare duhet t\u00eb marrin pjes\u00eb n\u00eb k\u00ebt\u00eb K\u00ebshill t\u00eb OSBE-s\u00eb, por kjo do t\u00eb varet nga vendimet q\u00eb do t\u00eb merren n\u00eb dit\u00ebt n\u00eb vijim. Shpresoj q\u00eb t\u00eb gjith\u00eb t\u00eb arrijm\u00eb t\u00eb jemi n\u00eb Shkup<\/em>\u201d, tha Osmani.<\/span><\/p>\n<p style=\"text-align: left;\"><span style=\"color: #000000;\">Osmani tha se OSBE-ja n\u00eb 50 vjet\u00ebt e ekzistimit t\u00eb saj po p\u00ebrballet me kriz\u00eb t\u00eb thell\u00eb pasi nga viti 2021 ka buxhetin e bllokuar nd\u00ebrsa nuk ka arritur t\u00eb zgjedh\u00eb as drejtuesit n\u00eb disa pozita ky\u00e7e. Ve\u00e7 k\u00ebsaj, p\u00ebr shkak t\u00eb bllokad\u00ebs ruse, ende nuk ka nj\u00eb shtet kryesues p\u00ebr vitin 2024, shkruan <a href=\"https:\/\/www.evropaelire.org\/a\/sergei-lavrov-shkup-mbledhja-osbe-\/32673335.html\"><strong><span style=\"color: #0000ff;\">REL.<\/span><\/strong><\/a><\/span><\/p>\n<p style=\"text-align: left;\"><span style=\"color: #000000;\"><em>&#8220;Agresioni kund\u00ebr Ukrain\u00ebs u shkaktua nga vet\u00eb organizata [Rusia, q\u00eb \u00ebsht\u00eb an\u00ebtare e OSBE-s\u00eb], k\u00ebshtu q\u00eb niveli i besimit midis vendeve pjes\u00ebmarr\u00ebse \u00ebsht\u00eb n\u00eb nivelin historik t\u00eb ul\u00ebt dhe vendimet e marra n\u00eb OSBE nuk mund t\u00eb merren me konsensus &#8211; jo vet\u00ebm vendimet politike, por edhe p\u00ebr funksionet themelore t\u00eb organizat\u00ebs, dhe p\u00ebr her\u00eb t\u00eb par\u00eb ne po p\u00ebrballemi me munges\u00ebn e kryesuesit p\u00ebr vitin e ardhsh\u00ebm<\/em>\u201d, tha ministri i Jasht\u00ebm i Maqedonis\u00eb s\u00eb Veriut, Bujar Osmani.<\/span><\/p>\n<p style=\"text-align: left;\"><span style=\"color: #000000;\">N\u00eb K\u00ebshillin Ministror n\u00eb Shkup q\u00eb do t\u00eb mbahet m\u00eb 30 n\u00ebntor dhe 1 dhjetor do t\u00eb marrin pjes\u00eb 76 delegacione, 57 nga shtetet an\u00ebtare t\u00eb OSBE-s\u00eb dhe shtetet e tjera partnere t\u00eb organizat\u00ebs.<\/span><\/p>\n<p style=\"text-align: left;\"><span style=\"color: #000000;\">Ministri i Jasht\u00ebm i Maqedonis\u00eb s\u00eb Veriut, Bujar Osmani, tha sse shpreson se do t\u00eb vijn\u00eb ministrat e shteteve m\u00eb t\u00eb fuqishme n\u00eb bot\u00eb \u2013 Shteteve t\u00eb Bashkuara, Britanis\u00eb s\u00eb Madhe, Franc\u00ebs dhe Gjermanis\u00eb.<\/span><\/p>\n","protected":false,"gt_translate_keys":[{"key":"rendered","format":"html"}]},"excerpt":{"rendered":"<p>Ministri i Pun\u00ebve t\u00eb Jashtme i Rusis\u00eb, Sergei Lavrov, ka k\u00ebrkuar q\u00eb t\u00eb marr\u00eb pjes\u00eb n\u00eb K\u00ebshillin Ministror t\u00eb Organizata p\u00ebr Siguri dhe Bashk\u00ebpunim n\u00eb Evrop\u00eb (OSBE), q\u00eb mbahet n\u00eb fund t\u00eb n\u00ebntorit n\u00eb Shkup t\u00eb Maqedonis\u00eb s\u00eb Veriut. Shkupi \u00ebsht\u00eb duke kryesuar OSBE-n\u00eb. K\u00ebrkes\u00ebn p\u00ebr pjes\u00ebmarrje t\u00eb kryediplomatit rus e konfirmoi m\u00eb 6 n\u00ebntor [&hellip;]<\/p>\n","protected":false,"gt_translate_keys":[{"key":"rendered","format":"html"}]},"author":4,"featured_media":629696,"comment_status":"closed","ping_status":"closed","sticky":false,"template":"","format":"standard","meta":{"footnotes":""},"categories":[149],"tags":[],"class_list":["post-629695","post","type-post","status-publish","format-standard","has-post-thumbnail","hentry","category-kosoverajon"],"gt_translate_keys":[{"key":"link","format":"url"}],"_links":{"self":[{"href":"https:\/\/www.hashtag.al\/index.php\/wp-json\/wp\/v2\/posts\/629695","targetHints":{"allow":["GET"]}}],"collection":[{"href":"https:\/\/www.hashtag.al\/index.php\/wp-json\/wp\/v2\/posts"}],"about":[{"href":"https:\/\/www.hashtag.al\/index.php\/wp-json\/wp\/v2\/types\/post"}],"author":[{"embeddable":true,"href":"https:\/\/www.hashtag.al\/index.php\/wp-json\/wp\/v2\/users\/4"}],"replies":[{"embeddable":true,"href":"https:\/\/www.hashtag.al\/index.php\/wp-json\/wp\/v2\/comments?post=629695"}],"version-history":[{"count":0,"href":"https:\/\/www.hashtag.al\/index.php\/wp-json\/wp\/v2\/posts\/629695\/revisions"}],"wp:featuredmedia":[{"embeddable":true,"href":"https:\/\/www.hashtag.al\/index.php\/wp-json\/wp\/v2\/media\/629696"}],"wp:attachment":[{"href":"https:\/\/www.hashtag.al\/index.php\/wp-json\/wp\/v2\/media?parent=629695"}],"wp:term":[{"taxonomy":"category","embeddable":true,"href":"https:\/\/www.hashtag.al\/index.php\/wp-json\/wp\/v2\/categories?post=629695"},{"taxonomy":"post_tag","embeddable":true,"href":"https:\/\/www.hashtag.al\/index.php\/wp-json\/wp\/v2\/tags?post=629695"}],"curies":[{"name":"wp","href":"https:\/\/api.w.org\/{rel}","templated":true}]}}