{"id":629670,"date":"2023-11-06T15:55:27","date_gmt":"2023-11-06T14:55:27","guid":{"rendered":"https:\/\/www.hashtag.al\/?p=629670"},"modified":"2023-11-06T16:04:36","modified_gmt":"2023-11-06T15:04:36","slug":"shkresa-e-kuvendit-per-graden-deputetet-e-perjashtuar-jo-pjese-e-aktiviteteve-parlamentare","status":"publish","type":"post","link":"https:\/\/www.hashtag.al\/index.php\/2023\/11\/06\/shkresa-e-kuvendit-per-graden-deputetet-e-perjashtuar-jo-pjese-e-aktiviteteve-parlamentare\/","title":{"rendered":"Zbardhet shkresa e Kuvendit p\u00ebr Grad\u00ebn: Deputet\u00ebt e p\u00ebrjashtuar, jo pjes\u00eb e aktiviteteve parlamentare","gt_translate_keys":[{"key":"rendered","format":"text"}]},"content":{"rendered":"<p><span style=\"color: #000000;\"><a href=\"https:\/\/www.hashtag.al\/wp-content\/uploads\/2023\/11\/400007032_887802762714960_3831025498863516654_n-768x510-1.jpg\"><img loading=\"lazy\" decoding=\"async\" class=\"aligncenter size-full wp-image-629671\" src=\"https:\/\/www.hashtag.al\/wp-content\/uploads\/2023\/11\/400007032_887802762714960_3831025498863516654_n-768x510-1.jpg\" alt=\"\" width=\"768\" height=\"510\" srcset=\"https:\/\/www.hashtag.al\/wp-content\/uploads\/2023\/11\/400007032_887802762714960_3831025498863516654_n-768x510-1.jpg 768w, https:\/\/www.hashtag.al\/wp-content\/uploads\/2023\/11\/400007032_887802762714960_3831025498863516654_n-768x510-1-300x199.jpg 300w\" sizes=\"auto, (max-width: 768px) 100vw, 768px\" \/><\/a><\/span><\/p>\n<p><span style=\"color: #000000;\">Me tensione \u00ebsht\u00eb shoq\u00ebruar paraditja e sotme n\u00eb Kryesin\u00eb e Kuvendit, pasi deputet\u00ebt e opozit\u00ebs nuk u lejuan nga Garda q\u00eb t\u00eb futen n\u00eb zyrat e Kryesis\u00eb, \u00e7\u2019ka solli m\u00eb pas edhe p\u00ebrplasje.<\/span><\/p>\n<p><span style=\"color: #000000;\">\u00a0Nd\u00ebrsa disa prej deputet\u00ebve, t\u00eb p\u00ebrjashtuar nga Kuvendi pas vendimit t\u00eb Komisionit t\u00eb etik\u00ebs, kap\u00ebrcyen hekurat dhe u fut\u00ebn brenda, disa te tjer\u00eb zgjodh\u00ebn q\u00eb t\u00eb futen\u00a0 nga dritaren.<\/span><\/p>\n<p><span style=\"color: #000000;\">Nd\u00ebrkoh\u00eb \u00ebsht\u00eb zbardhur edhe shkresa e Kuvendit drejtuar Gard\u00ebs, ku njoftohet se deputet\u00ebt e p\u00ebrjashtuar, nuk do t\u00eb lejohen q\u00eb t\u00eb jen\u00eb pjes\u00eb e aktiviteteve n\u00eb Kryesin\u00eb e Kuvendit, deri n\u00eb p\u00ebrfundim t\u00eb aftit.<\/span><\/p>\n<p>&nbsp;<\/p>\n<p><img decoding=\"async\" src=\"https:\/\/www.balkanweb.com\/wp-content\/uploads\/2023\/11\/WhatsApp-Image-2023-11-06-at-14.59.24.jpeg\" alt=\"foto galeri \" \/><\/p>\n","protected":false,"gt_translate_keys":[{"key":"rendered","format":"html"}]},"excerpt":{"rendered":"<p>Me tensione \u00ebsht\u00eb shoq\u00ebruar paraditja e sotme n\u00eb Kryesin\u00eb e Kuvendit, pasi deputet\u00ebt e opozit\u00ebs nuk u lejuan nga Garda q\u00eb t\u00eb futen n\u00eb zyrat e Kryesis\u00eb, \u00e7\u2019ka solli m\u00eb pas edhe p\u00ebrplasje. \u00a0Nd\u00ebrsa disa prej deputet\u00ebve, t\u00eb p\u00ebrjashtuar nga Kuvendi pas vendimit t\u00eb Komisionit t\u00eb etik\u00ebs, kap\u00ebrcyen hekurat dhe u fut\u00ebn brenda, disa te [&hellip;]<\/p>\n","protected":false,"gt_translate_keys":[{"key":"rendered","format":"html"}]},"author":30,"featured_media":629671,"comment_status":"closed","ping_status":"closed","sticky":false,"template":"","format":"standard","meta":{"footnotes":""},"categories":[65],"tags":[],"class_list":["post-629670","post","type-post","status-publish","format-standard","has-post-thumbnail","hentry","category-lajme"],"gt_translate_keys":[{"key":"link","format":"url"}],"_links":{"self":[{"href":"https:\/\/www.hashtag.al\/index.php\/wp-json\/wp\/v2\/posts\/629670","targetHints":{"allow":["GET"]}}],"collection":[{"href":"https:\/\/www.hashtag.al\/index.php\/wp-json\/wp\/v2\/posts"}],"about":[{"href":"https:\/\/www.hashtag.al\/index.php\/wp-json\/wp\/v2\/types\/post"}],"author":[{"embeddable":true,"href":"https:\/\/www.hashtag.al\/index.php\/wp-json\/wp\/v2\/users\/30"}],"replies":[{"embeddable":true,"href":"https:\/\/www.hashtag.al\/index.php\/wp-json\/wp\/v2\/comments?post=629670"}],"version-history":[{"count":0,"href":"https:\/\/www.hashtag.al\/index.php\/wp-json\/wp\/v2\/posts\/629670\/revisions"}],"wp:featuredmedia":[{"embeddable":true,"href":"https:\/\/www.hashtag.al\/index.php\/wp-json\/wp\/v2\/media\/629671"}],"wp:attachment":[{"href":"https:\/\/www.hashtag.al\/index.php\/wp-json\/wp\/v2\/media?parent=629670"}],"wp:term":[{"taxonomy":"category","embeddable":true,"href":"https:\/\/www.hashtag.al\/index.php\/wp-json\/wp\/v2\/categories?post=629670"},{"taxonomy":"post_tag","embeddable":true,"href":"https:\/\/www.hashtag.al\/index.php\/wp-json\/wp\/v2\/tags?post=629670"}],"curies":[{"name":"wp","href":"https:\/\/api.w.org\/{rel}","templated":true}]}}