{"id":629665,"date":"2023-11-06T15:42:45","date_gmt":"2023-11-06T14:42:45","guid":{"rendered":"https:\/\/www.hashtag.al\/?p=629665"},"modified":"2023-11-06T15:42:45","modified_gmt":"2023-11-06T14:42:45","slug":"meta-mbeshtet-aksionin-e-deputeteve-ne-kuvend-opozites-po-i-asgjesohen-te-drejtat","status":"publish","type":"post","link":"https:\/\/www.hashtag.al\/index.php\/2023\/11\/06\/meta-mbeshtet-aksionin-e-deputeteve-ne-kuvend-opozites-po-i-asgjesohen-te-drejtat\/","title":{"rendered":"Meta mb\u00ebshtet aksionin e deputet\u00ebve n\u00eb Kuvend: Opozit\u00ebs po i asgjesohen t\u00eb drejtat","gt_translate_keys":[{"key":"rendered","format":"text"}]},"content":{"rendered":"<p><span style=\"color: #000000;\"><a href=\"https:\/\/www.hashtag.al\/wp-content\/uploads\/2023\/10\/ilir-meta.jpg\"><img loading=\"lazy\" decoding=\"async\" class=\"aligncenter size-full wp-image-622827\" src=\"https:\/\/www.hashtag.al\/wp-content\/uploads\/2023\/10\/ilir-meta.jpg\" alt=\"\" width=\"969\" height=\"525\" srcset=\"https:\/\/www.hashtag.al\/wp-content\/uploads\/2023\/10\/ilir-meta.jpg 969w, https:\/\/www.hashtag.al\/wp-content\/uploads\/2023\/10\/ilir-meta-300x163.jpg 300w, https:\/\/www.hashtag.al\/wp-content\/uploads\/2023\/10\/ilir-meta-768x416.jpg 768w\" sizes=\"auto, (max-width: 969px) 100vw, 969px\" \/><\/a><\/span><\/p>\n<p><span style=\"color: #000000;\">Kreu i Partis\u00eb s\u00eb Liris\u00eb, Ilir Meta ka dal\u00eb n\u00eb mbrojtje t\u00eb Rithemelimit, pavar\u00ebsisht kaosit q\u00eb ata po krijojn\u00eb n\u00eb Kuvend duke sabotuar pun\u00ebn e seancave plenare, por edhe t\u00eb Komisioneve.<\/span><\/p>\n<p><span style=\"color: #000000;\">N\u00eb nj\u00eb postim n\u00eb Facebook, Meta d\u00ebnon militarizimin e Kuvendit nga mazhoranca dhe asgjesimin e t\u00eb drejtave kushtetuese t\u00eb opozit\u00ebs.<\/span><\/p>\n<p><span style=\"color: #000000;\">Meta shkruan se kjo kriz\u00eb nuk zgjidhet me Gard\u00ebn, por duke respektuar Kushtetut\u00ebn dhe Rregulloren e Kuvendit.<\/span><\/p>\n<p><span style=\"color: #000000;\"><em>\u00a0\u201cD\u00ebnoj me ashp\u00ebrsi militarizimin e institucionit m\u00eb t\u00eb r\u00ebnd\u00ebsish\u00ebm t\u00eb Republik\u00ebs, Kuvendit t\u00eb Shqip\u00ebris\u00eb.\u00a0 Asgj\u00ebsimi i t\u00eb drejtave kushtetuese t\u00eb opozit\u00ebs \u00ebsht\u00eb sulm ndaj pluralizmit politik dhe llogaridh\u00ebnies para qytetar\u00ebve. Partia e Liris\u00eb mb\u00ebshtet vendosm\u00ebrisht q\u00ebndrimin e opozit\u00ebs e n\u00eb ve\u00e7anti:<\/em><\/span><\/p>\n<p><span style=\"color: #000000;\"><em>Garantimin e ngritjes t\u00eb komisioneve hetimore n\u00eb Kuvend; T\u00eb drejt\u00ebn e opozit\u00ebs p\u00ebr t\u00eb zgjedhur p\u00ebrfaq\u00ebsuesit e saj n\u00eb Komisionin e Reform\u00ebs Zgjedhore; Garantimin e shqyrtimit t\u00eb t\u00eb gjitha projektligjeve q\u00eb opozita ka depozituar n\u00eb Kuvend dhe q\u00eb bllokohen prej vitesh.<\/em><\/span><\/p>\n<p><span style=\"color: #000000;\"><em>Deputet\u00ebt e opozit\u00ebs p\u00ebrfaq\u00ebsojn\u00eb z\u00ebrin e mbi 700 mij\u00eb qytetar\u00ebve t\u00eb cil\u00ebt kan\u00eb t\u00eb drejt\u00eb t\u00eb d\u00ebgjohen. Kjo kriz\u00eb e r\u00ebnd\u00eb nuk zgjidhet me Gard\u00ebn e Republik\u00ebs por me respektimin e Kushtetut\u00ebs dhe Rregullores t\u00eb Kuvendit, si baza e funksionimit t\u00eb demokracis\u00eb dhe shtetit t\u00eb s\u00eb drejt\u00ebs\u201d,<\/em> shkruan Meta.<\/span><\/p>\n","protected":false,"gt_translate_keys":[{"key":"rendered","format":"html"}]},"excerpt":{"rendered":"<p>Kreu i Partis\u00eb s\u00eb Liris\u00eb, Ilir Meta ka dal\u00eb n\u00eb mbrojtje t\u00eb Rithemelimit, pavar\u00ebsisht kaosit q\u00eb ata po krijojn\u00eb n\u00eb Kuvend duke sabotuar pun\u00ebn e seancave plenare, por edhe t\u00eb Komisioneve. N\u00eb nj\u00eb postim n\u00eb Facebook, Meta d\u00ebnon militarizimin e Kuvendit nga mazhoranca dhe asgjesimin e t\u00eb drejtave kushtetuese t\u00eb opozit\u00ebs. Meta shkruan se kjo [&hellip;]<\/p>\n","protected":false,"gt_translate_keys":[{"key":"rendered","format":"html"}]},"author":30,"featured_media":622827,"comment_status":"closed","ping_status":"closed","sticky":false,"template":"","format":"standard","meta":{"footnotes":""},"categories":[65],"tags":[],"class_list":["post-629665","post","type-post","status-publish","format-standard","has-post-thumbnail","hentry","category-lajme"],"gt_translate_keys":[{"key":"link","format":"url"}],"_links":{"self":[{"href":"https:\/\/www.hashtag.al\/index.php\/wp-json\/wp\/v2\/posts\/629665","targetHints":{"allow":["GET"]}}],"collection":[{"href":"https:\/\/www.hashtag.al\/index.php\/wp-json\/wp\/v2\/posts"}],"about":[{"href":"https:\/\/www.hashtag.al\/index.php\/wp-json\/wp\/v2\/types\/post"}],"author":[{"embeddable":true,"href":"https:\/\/www.hashtag.al\/index.php\/wp-json\/wp\/v2\/users\/30"}],"replies":[{"embeddable":true,"href":"https:\/\/www.hashtag.al\/index.php\/wp-json\/wp\/v2\/comments?post=629665"}],"version-history":[{"count":0,"href":"https:\/\/www.hashtag.al\/index.php\/wp-json\/wp\/v2\/posts\/629665\/revisions"}],"wp:featuredmedia":[{"embeddable":true,"href":"https:\/\/www.hashtag.al\/index.php\/wp-json\/wp\/v2\/media\/622827"}],"wp:attachment":[{"href":"https:\/\/www.hashtag.al\/index.php\/wp-json\/wp\/v2\/media?parent=629665"}],"wp:term":[{"taxonomy":"category","embeddable":true,"href":"https:\/\/www.hashtag.al\/index.php\/wp-json\/wp\/v2\/categories?post=629665"},{"taxonomy":"post_tag","embeddable":true,"href":"https:\/\/www.hashtag.al\/index.php\/wp-json\/wp\/v2\/tags?post=629665"}],"curies":[{"name":"wp","href":"https:\/\/api.w.org\/{rel}","templated":true}]}}