{"id":629476,"date":"2023-11-06T18:39:24","date_gmt":"2023-11-06T17:39:24","guid":{"rendered":"https:\/\/www.hashtag.al\/?p=629476"},"modified":"2023-11-06T20:43:51","modified_gmt":"2023-11-06T19:43:51","slug":"presidenti-i-ke-se-hedh-drite-mbi-paketen-e-12-te-te-sanksioneve-kunder-rusise","status":"publish","type":"post","link":"https:\/\/www.hashtag.al\/index.php\/2023\/11\/06\/presidenti-i-ke-se-hedh-drite-mbi-paketen-e-12-te-te-sanksioneve-kunder-rusise\/","title":{"rendered":"Von de Leyen hedh drit\u00eb mbi paket\u00ebn e 12-t\u00eb t\u00eb sanksioneve kund\u00ebr Rusis\u00eb","gt_translate_keys":[{"key":"rendered","format":"text"}]},"content":{"rendered":"<p><img loading=\"lazy\" decoding=\"async\" class=\"aligncenter size-full wp-image-629477\" src=\"https:\/\/www.hashtag.al\/wp-content\/uploads\/2023\/11\/ursula.jpg\" alt=\"\" width=\"540\" height=\"304\" srcset=\"https:\/\/www.hashtag.al\/wp-content\/uploads\/2023\/11\/ursula.jpg 540w, https:\/\/www.hashtag.al\/wp-content\/uploads\/2023\/11\/ursula-300x169.jpg 300w\" sizes=\"auto, (max-width: 540px) 100vw, 540px\" \/><\/p>\n<p><span style=\"color: #000000;\">BE-ja do shpall\u00eb paket\u00ebn e saj t\u00eb 12-t\u00eb t\u00eb sanksioneve t\u00eb lidhura me Ukrain\u00ebn ndaj Rusis\u00eb jav\u00ebn e ardhshme, tha t\u00eb shtun\u00ebn presidentja e Komisionit Evropian Ursula von der Leyen n\u00eb nj\u00eb fjalim para an\u00ebtar\u00ebve t\u00eb parlamentit ukrainas.<\/span><\/p>\n<p><span style=\"color: #000000;\">Sipas von der Leyen, kufizimet e reja do p\u00ebrfshijn\u00eb ndalime shtes\u00eb t\u00eb importit dhe eksportit dhe veprime p\u00ebr t\u00eb shtr\u00ebnguar kufirin e \u00e7mimit t\u00eb naft\u00ebs ruse. <\/span><\/p>\n<p><span style=\"color: #000000;\">Ajo deklaroi se blloku po planifikon gjithashtu t\u00eb prezantoj\u00eb &#8220;masa t\u00eb ashpra&#8221; t\u00eb reja ndaj kompanive t\u00eb vendeve t\u00eb treta q\u00eb anashkalojn\u00eb sanksionet ekzistuese pa dh\u00ebn\u00eb detaje t\u00eb m\u00ebtejshme.<\/span><\/p>\n<p><span style=\"color: #000000;\">P\u00ebr m\u00eb tep\u00ebr, paketa do t\u00eb p\u00ebrfshij\u00eb sanksione personale kund\u00ebr 100 individ\u00ebve rus\u00eb.<\/span><\/p>\n","protected":false,"gt_translate_keys":[{"key":"rendered","format":"html"}]},"excerpt":{"rendered":"<p>BE-ja do shpall\u00eb paket\u00ebn e saj t\u00eb 12-t\u00eb t\u00eb sanksioneve t\u00eb lidhura me Ukrain\u00ebn ndaj Rusis\u00eb jav\u00ebn e ardhshme, tha t\u00eb shtun\u00ebn presidentja e Komisionit Evropian Ursula von der Leyen n\u00eb nj\u00eb fjalim para an\u00ebtar\u00ebve t\u00eb parlamentit ukrainas. Sipas von der Leyen, kufizimet e reja do p\u00ebrfshijn\u00eb ndalime shtes\u00eb t\u00eb importit dhe eksportit dhe veprime [&hellip;]<\/p>\n","protected":false,"gt_translate_keys":[{"key":"rendered","format":"html"}]},"author":51,"featured_media":629477,"comment_status":"closed","ping_status":"closed","sticky":false,"template":"","format":"standard","meta":{"footnotes":""},"categories":[53],"tags":[],"class_list":["post-629476","post","type-post","status-publish","format-standard","has-post-thumbnail","hentry","category-fast-foodi"],"gt_translate_keys":[{"key":"link","format":"url"}],"_links":{"self":[{"href":"https:\/\/www.hashtag.al\/index.php\/wp-json\/wp\/v2\/posts\/629476","targetHints":{"allow":["GET"]}}],"collection":[{"href":"https:\/\/www.hashtag.al\/index.php\/wp-json\/wp\/v2\/posts"}],"about":[{"href":"https:\/\/www.hashtag.al\/index.php\/wp-json\/wp\/v2\/types\/post"}],"author":[{"embeddable":true,"href":"https:\/\/www.hashtag.al\/index.php\/wp-json\/wp\/v2\/users\/51"}],"replies":[{"embeddable":true,"href":"https:\/\/www.hashtag.al\/index.php\/wp-json\/wp\/v2\/comments?post=629476"}],"version-history":[{"count":0,"href":"https:\/\/www.hashtag.al\/index.php\/wp-json\/wp\/v2\/posts\/629476\/revisions"}],"wp:featuredmedia":[{"embeddable":true,"href":"https:\/\/www.hashtag.al\/index.php\/wp-json\/wp\/v2\/media\/629477"}],"wp:attachment":[{"href":"https:\/\/www.hashtag.al\/index.php\/wp-json\/wp\/v2\/media?parent=629476"}],"wp:term":[{"taxonomy":"category","embeddable":true,"href":"https:\/\/www.hashtag.al\/index.php\/wp-json\/wp\/v2\/categories?post=629476"},{"taxonomy":"post_tag","embeddable":true,"href":"https:\/\/www.hashtag.al\/index.php\/wp-json\/wp\/v2\/tags?post=629476"}],"curies":[{"name":"wp","href":"https:\/\/api.w.org\/{rel}","templated":true}]}}