{"id":629442,"date":"2023-11-05T19:43:41","date_gmt":"2023-11-05T18:43:41","guid":{"rendered":"https:\/\/www.hashtag.al\/?p=629442"},"modified":"2023-11-05T19:43:41","modified_gmt":"2023-11-05T18:43:41","slug":"erdogan-tha-se-ndalimi-i-gjakderdhjes-ne-gaza-eshte-detyre-e-turqise","status":"publish","type":"post","link":"https:\/\/www.hashtag.al\/index.php\/2023\/11\/05\/erdogan-tha-se-ndalimi-i-gjakderdhjes-ne-gaza-eshte-detyre-e-turqise\/","title":{"rendered":"Erdogan tha se ndalimi i gjakderdhjes n\u00eb Gaza \u00ebsht\u00eb detyr\u00eb e Turqis\u00eb","gt_translate_keys":[{"key":"rendered","format":"text"}]},"content":{"rendered":"<p><img loading=\"lazy\" decoding=\"async\" class=\"aligncenter size-full wp-image-629443\" src=\"https:\/\/www.hashtag.al\/wp-content\/uploads\/2023\/11\/ERDOGAN.jpg\" alt=\"\" width=\"864\" height=\"486\" srcset=\"https:\/\/www.hashtag.al\/wp-content\/uploads\/2023\/11\/ERDOGAN.jpg 864w, https:\/\/www.hashtag.al\/wp-content\/uploads\/2023\/11\/ERDOGAN-300x169.jpg 300w, https:\/\/www.hashtag.al\/wp-content\/uploads\/2023\/11\/ERDOGAN-768x432.jpg 768w\" sizes=\"auto, (max-width: 864px) 100vw, 864px\" \/><\/p>\n<p><span style=\"color: #000000;\">\u00cbsht\u00eb detyr\u00eb e Turqis\u00eb t\u00eb ndaloj\u00eb gjakderdhjen n\u00eb Gaza, tha t\u00eb diel\u00ebn presidenti Erdogan.<\/span><\/p>\n<p><span style=\"color: #000000;\">Duke folur n\u00eb nj\u00eb ceremoni lokale p\u00ebrurimi n\u00eb provinc\u00ebn Rize t\u00eb Detit t\u00eb Zi, Erdogan tha se Turqia ka nj\u00eb detyrim t\u00eb &#8220;shp\u00ebtoj\u00eb palestinez\u00ebt nga shtypja e Izraelit&#8221;.<\/span><\/p>\n<p><span style=\"color: #000000;\"><em>\u201c\u00cbsht\u00eb detyra jon\u00eb t\u00eb ndalojm\u00eb gjakderdhjen n\u00eb Gaza, e cila po kryhet para syve t\u00eb komunitetit nd\u00ebrkomb\u00ebtar\u201d<\/em>, tha ai.<\/span><\/p>\n<p><span style=\"color: #000000;\"><em>&#8220;Ne po b\u00ebjm\u00eb dhe do vijojm\u00eb t\u00eb b\u00ebjm\u00eb m\u00eb shum\u00eb se sa \u00ebsht\u00eb e dukshme,&#8221;<\/em> tha Erdogan p\u00ebr p\u00ebrpjekjet e Turqis\u00eb p\u00ebr popullin palestinez.<\/span><\/p>\n<p><span style=\"color: #000000;\">Turqia nuk do t&#8217;i braktis\u00eb kurr\u00eb v\u00ebllez\u00ebrit dhe motrat e saj n\u00eb Gaza, premtoi ai.<\/span><\/p>\n<p><span style=\"color: #000000;\"><em>\u201c\u00cbsht\u00eb p\u00ebrgjegj\u00ebsia jon\u00eb historike t\u00eb v\u00ebm\u00eb n\u00eb dukje krimet e atyre q\u00eb mb\u00ebshtesin k\u00ebt\u00eb masak\u00ebr t\u00eb pamoralshme, t\u00eb paskrupullt, t\u00eb neveritshme n\u00eb Gaza,\u201d<\/em> shtoi Erdogan.<\/span><\/p>\n<p><span style=\"color: #000000;\"><em>\u201c\u00cbsht\u00eb detyra jon\u00eb humanitare t\u00eb ndjekim vras\u00ebsit q\u00eb po marrin jet\u00ebn e f\u00ebmij\u00ebve, n\u00ebnave dhe njer\u00ebzve t\u00eb pafajsh\u00ebm n\u00eb t\u00eb gjith\u00eb territoret palestineze, si dhe hajdut\u00ebt q\u00eb po pla\u00e7kitin pasurit\u00eb e t\u00eb shtypurve\u201d<\/em>, tha Erdogan n\u00eb X t\u00eb diel\u00ebn.<\/span><\/p>\n<p><span style=\"color: #000000;\"><em>\u201cP\u00ebr m\u00eb tep\u00ebr, \u00ebsht\u00eb p\u00ebrgjegj\u00ebsia jon\u00eb historike t\u00eb v\u00ebm\u00eb n\u00eb dukje krimet e tyre kudo q\u00eb ndeshemi me ata q\u00eb mb\u00ebshtesin autor\u00ebt e k\u00ebsaj masakre t\u00eb pamoralshme, t\u00eb pashpirt dhe t\u00eb neveritshme\u201d<\/em>, shtoi Erdogan.<\/span><\/p>\n<p><span style=\"color: #000000;\">Mbi 9,700 palestinez\u00eb, duke p\u00ebrfshir\u00eb 4,800 f\u00ebmij\u00eb dhe 2,055 gra jan\u00eb vrar\u00eb n\u00eb bombardimet izraelite q\u00eb nga 7 tetori, sipas Ministris\u00eb s\u00eb Sh\u00ebndet\u00ebsis\u00eb s\u00eb Gaz\u00ebs. Gati 1,540 izraelit\u00eb jan\u00eb vrar\u00eb.<\/span><\/p>\n","protected":false,"gt_translate_keys":[{"key":"rendered","format":"html"}]},"excerpt":{"rendered":"<p>\u00cbsht\u00eb detyr\u00eb e Turqis\u00eb t\u00eb ndaloj\u00eb gjakderdhjen n\u00eb Gaza, tha t\u00eb diel\u00ebn presidenti Erdogan. Duke folur n\u00eb nj\u00eb ceremoni lokale p\u00ebrurimi n\u00eb provinc\u00ebn Rize t\u00eb Detit t\u00eb Zi, Erdogan tha se Turqia ka nj\u00eb detyrim t\u00eb &#8220;shp\u00ebtoj\u00eb palestinez\u00ebt nga shtypja e Izraelit&#8221;. \u201c\u00cbsht\u00eb detyra jon\u00eb t\u00eb ndalojm\u00eb gjakderdhjen n\u00eb Gaza, e cila po kryhet para [&hellip;]<\/p>\n","protected":false,"gt_translate_keys":[{"key":"rendered","format":"html"}]},"author":51,"featured_media":629443,"comment_status":"closed","ping_status":"closed","sticky":false,"template":"","format":"standard","meta":{"footnotes":""},"categories":[6],"tags":[],"class_list":["post-629442","post","type-post","status-publish","format-standard","has-post-thumbnail","hentry","category-nderkombetare"],"gt_translate_keys":[{"key":"link","format":"url"}],"_links":{"self":[{"href":"https:\/\/www.hashtag.al\/index.php\/wp-json\/wp\/v2\/posts\/629442","targetHints":{"allow":["GET"]}}],"collection":[{"href":"https:\/\/www.hashtag.al\/index.php\/wp-json\/wp\/v2\/posts"}],"about":[{"href":"https:\/\/www.hashtag.al\/index.php\/wp-json\/wp\/v2\/types\/post"}],"author":[{"embeddable":true,"href":"https:\/\/www.hashtag.al\/index.php\/wp-json\/wp\/v2\/users\/51"}],"replies":[{"embeddable":true,"href":"https:\/\/www.hashtag.al\/index.php\/wp-json\/wp\/v2\/comments?post=629442"}],"version-history":[{"count":0,"href":"https:\/\/www.hashtag.al\/index.php\/wp-json\/wp\/v2\/posts\/629442\/revisions"}],"wp:featuredmedia":[{"embeddable":true,"href":"https:\/\/www.hashtag.al\/index.php\/wp-json\/wp\/v2\/media\/629443"}],"wp:attachment":[{"href":"https:\/\/www.hashtag.al\/index.php\/wp-json\/wp\/v2\/media?parent=629442"}],"wp:term":[{"taxonomy":"category","embeddable":true,"href":"https:\/\/www.hashtag.al\/index.php\/wp-json\/wp\/v2\/categories?post=629442"},{"taxonomy":"post_tag","embeddable":true,"href":"https:\/\/www.hashtag.al\/index.php\/wp-json\/wp\/v2\/tags?post=629442"}],"curies":[{"name":"wp","href":"https:\/\/api.w.org\/{rel}","templated":true}]}}