{"id":629322,"date":"2023-11-05T11:03:26","date_gmt":"2023-11-05T10:03:26","guid":{"rendered":"https:\/\/www.hashtag.al\/?p=629322"},"modified":"2023-11-05T11:03:26","modified_gmt":"2023-11-05T10:03:26","slug":"ndahet-nga-jeta-regjisori-i-njohur-i-filmave-shqiptare-vladimir-prifti","status":"publish","type":"post","link":"https:\/\/www.hashtag.al\/index.php\/2023\/11\/05\/ndahet-nga-jeta-regjisori-i-njohur-i-filmave-shqiptare-vladimir-prifti\/","title":{"rendered":"Ndahet nga jeta regjisori i njohur i filmave shqiptar\u00eb, Vladimir Prifti","gt_translate_keys":[{"key":"rendered","format":"text"}]},"content":{"rendered":"<p style=\"text-align: left;\"><span style=\"color: #000000;\"><img loading=\"lazy\" decoding=\"async\" class=\"size-full wp-image-629323 aligncenter\" src=\"https:\/\/www.hashtag.al\/wp-content\/uploads\/2023\/11\/vladimir-750x375-1.jpg\" alt=\"\" width=\"750\" height=\"375\" srcset=\"https:\/\/www.hashtag.al\/wp-content\/uploads\/2023\/11\/vladimir-750x375-1.jpg 750w, https:\/\/www.hashtag.al\/wp-content\/uploads\/2023\/11\/vladimir-750x375-1-300x150.jpg 300w\" sizes=\"auto, (max-width: 750px) 100vw, 750px\" \/><\/span><\/p>\n<p style=\"text-align: left;\"><span style=\"color: #000000;\">\u00cbsht\u00eb ndar\u00eb nga jeta n\u00eb mosh\u00ebn 81-vje\u00e7are regjisori i njohur i filmave shqiptar\u00eb, Vladimir Prifti. Lajmin e ka b\u00ebr\u00eb t\u00eb ditur aktori Mevlan Shanaj me an\u00eb t\u00eb nj\u00eb postimi n\u00eb Facebook.<\/span><\/p>\n<p style=\"text-align: left;\"><span style=\"color: #000000;\"><em>\u201cLamtumir\u00eb VLADIMIR PRIFTI ! Sapo m\u00eb lajm\u00ebruan p\u00ebr ikjen e regjisorit t\u00eb filmave: Udha e shkronjave, Dhe vjen nj\u00eb dit\u00eb, Flutura n\u00eb kabin\u00ebn time, Kush vdes n\u00eb k\u00ebmb\u00eb, Era e ngroht\u00eb e thell\u00ebsive etj! Sot ekranit shqiptar i ka ikur , regjisori i shquar , njeriu me humor dhe me pasion p\u00ebr artin! Ngush\u00ebllime familjes! Kur fol\u00ebm her\u00ebn e fundit ishe optimist o Ladi! E lam\u00eb q\u00eb s\u00eb shpejti t\u00eb shiheshim te kafja si \u00e7do dit\u00eb! Lamtumir\u00eb! Filmat e tu jan\u00eb nj\u00eb pasuri komb\u00ebtare! Emri yt do mbetet i p\u00ebrjetsh\u00ebm\u00a0 p\u00ebr mes vepr\u00ebs t\u00ebnde\u201d,<\/em> shkruan Shanaj ne Facebook.<\/span><\/p>\n<p><iframe loading=\"lazy\" style=\"border: none; overflow: hidden;\" src=\"https:\/\/www.facebook.com\/plugins\/post.php?href=https%3A%2F%2Fwww.facebook.com%2Fmevlan.shanaj%2Fposts%2Fpfbid02S4qNSzdzCu6PRWuXhJrWzzsp8NzrLDrUVo7Wyu49odChcU72fo1XYEvk3QoubRRLl&amp;show_text=true&amp;width=500\" width=\"500\" height=\"585\" frameborder=\"0\" scrolling=\"no\" allowfullscreen=\"allowfullscreen\"><\/iframe><\/p>\n<p style=\"text-align: left;\"><span style=\"color: #000000;\">Kinematografia shqiptare n\u00eb zi!<\/span><\/p>\n<p style=\"text-align: left;\"><span style=\"color: #000000;\">P\u00ebrmes nj\u00eb postimi n\u00eb rrjetet sociale, ministrja e Kultur\u00ebs, Elva Margariti deklaroi se kinematografia shqiptare humbi nj\u00eb tjet\u00ebr em\u00ebr t\u00eb madh.<\/span><\/p>\n<p style=\"text-align: left;\"><span style=\"color: #000000;\"><em>\u201cSot kinematografia shqiptare humbi nj\u00eb tjet\u00ebr em\u00ebr t\u00eb madh! Regjisori i filmave t\u00eb paharruesh\u00ebm \u201cUdha e shkronjave\u201d, \u201cKush vdes n\u00eb k\u00ebmb\u00eb\u201d, \u201cFlutura n\u00eb kabin\u00ebn time\u201d e shum\u00eb t\u00eb tjer\u00ebve, Vladimir Prifti iu shtua tempullit t\u00eb p\u00ebrjet\u00ebsis\u00eb! Regjisor i analiz\u00ebs psikologjike, i gdhendjes s\u00eb karaktereve, q\u00eb iu largua klisheve t\u00eb koh\u00ebs, Prifti ka l\u00ebn\u00eb pas nj\u00eb shkoll\u00eb p\u00ebr filmin shqiptar. U prehsh n\u00eb paqe mjesht\u00ebr!\u201d<\/em>, shkruan Margariti n\u00eb Facebook.<\/span><\/p>\n<p><iframe loading=\"lazy\" style=\"border: none; overflow: hidden;\" src=\"https:\/\/www.facebook.com\/plugins\/post.php?href=https%3A%2F%2Fwww.facebook.com%2FMargaritiElva%2Fposts%2Fpfbid02US18gnE25YwpxZCi9YntAgE8pPYL8niVLjKcAcXaDjjNytuAALMmd7AgNVMNRDxul&amp;show_text=true&amp;width=500\" width=\"500\" height=\"706\" frameborder=\"0\" scrolling=\"no\" allowfullscreen=\"allowfullscreen\"><\/iframe><\/p>\n","protected":false,"gt_translate_keys":[{"key":"rendered","format":"html"}]},"excerpt":{"rendered":"<p>\u00cbsht\u00eb ndar\u00eb nga jeta n\u00eb mosh\u00ebn 81-vje\u00e7are regjisori i njohur i filmave shqiptar\u00eb, Vladimir Prifti. Lajmin e ka b\u00ebr\u00eb t\u00eb ditur aktori Mevlan Shanaj me an\u00eb t\u00eb nj\u00eb postimi n\u00eb Facebook. \u201cLamtumir\u00eb VLADIMIR PRIFTI ! Sapo m\u00eb lajm\u00ebruan p\u00ebr ikjen e regjisorit t\u00eb filmave: Udha e shkronjave, Dhe vjen nj\u00eb dit\u00eb, Flutura n\u00eb kabin\u00ebn time, [&hellip;]<\/p>\n","protected":false,"gt_translate_keys":[{"key":"rendered","format":"html"}]},"author":4,"featured_media":629323,"comment_status":"closed","ping_status":"closed","sticky":false,"template":"","format":"standard","meta":{"footnotes":""},"categories":[65],"tags":[],"class_list":["post-629322","post","type-post","status-publish","format-standard","has-post-thumbnail","hentry","category-lajme"],"gt_translate_keys":[{"key":"link","format":"url"}],"_links":{"self":[{"href":"https:\/\/www.hashtag.al\/index.php\/wp-json\/wp\/v2\/posts\/629322","targetHints":{"allow":["GET"]}}],"collection":[{"href":"https:\/\/www.hashtag.al\/index.php\/wp-json\/wp\/v2\/posts"}],"about":[{"href":"https:\/\/www.hashtag.al\/index.php\/wp-json\/wp\/v2\/types\/post"}],"author":[{"embeddable":true,"href":"https:\/\/www.hashtag.al\/index.php\/wp-json\/wp\/v2\/users\/4"}],"replies":[{"embeddable":true,"href":"https:\/\/www.hashtag.al\/index.php\/wp-json\/wp\/v2\/comments?post=629322"}],"version-history":[{"count":0,"href":"https:\/\/www.hashtag.al\/index.php\/wp-json\/wp\/v2\/posts\/629322\/revisions"}],"wp:featuredmedia":[{"embeddable":true,"href":"https:\/\/www.hashtag.al\/index.php\/wp-json\/wp\/v2\/media\/629323"}],"wp:attachment":[{"href":"https:\/\/www.hashtag.al\/index.php\/wp-json\/wp\/v2\/media?parent=629322"}],"wp:term":[{"taxonomy":"category","embeddable":true,"href":"https:\/\/www.hashtag.al\/index.php\/wp-json\/wp\/v2\/categories?post=629322"},{"taxonomy":"post_tag","embeddable":true,"href":"https:\/\/www.hashtag.al\/index.php\/wp-json\/wp\/v2\/tags?post=629322"}],"curies":[{"name":"wp","href":"https:\/\/api.w.org\/{rel}","templated":true}]}}