{"id":629290,"date":"2023-11-05T09:17:14","date_gmt":"2023-11-05T08:17:14","guid":{"rendered":"https:\/\/www.hashtag.al\/?p=629290"},"modified":"2023-11-05T09:17:14","modified_gmt":"2023-11-05T08:17:14","slug":"pritet-verifikimi-i-mases-se-sigurise-per-elmir-tufen-akuzohet-per-vrasjen-e-shkelzen-kastratit","status":"publish","type":"post","link":"https:\/\/www.hashtag.al\/index.php\/2023\/11\/05\/pritet-verifikimi-i-mases-se-sigurise-per-elmir-tufen-akuzohet-per-vrasjen-e-shkelzen-kastratit\/","title":{"rendered":"Pritet verifikimi i mas\u00ebs s\u00eb siguris\u00eb p\u00ebr Elmir Tuf\u00ebn, akuzohet p\u00ebr vrasjen e Shk\u00eblzen Kastratit","gt_translate_keys":[{"key":"rendered","format":"text"}]},"content":{"rendered":"<p><img loading=\"lazy\" decoding=\"async\" class=\"alignnone size-full wp-image-627385\" src=\"https:\/\/www.hashtag.al\/wp-content\/uploads\/2023\/10\/1693655591_policiaetiranes_sd-770x433-1.webp\" alt=\"\" width=\"770\" height=\"433\" srcset=\"https:\/\/www.hashtag.al\/wp-content\/uploads\/2023\/10\/1693655591_policiaetiranes_sd-770x433-1.webp 770w, https:\/\/www.hashtag.al\/wp-content\/uploads\/2023\/10\/1693655591_policiaetiranes_sd-770x433-1-300x169.webp 300w, https:\/\/www.hashtag.al\/wp-content\/uploads\/2023\/10\/1693655591_policiaetiranes_sd-770x433-1-768x432.webp 768w\" sizes=\"auto, (max-width: 770px) 100vw, 770px\" \/><\/p>\n<p style=\"text-align: left;\"><span style=\"color: #000000;\">Verifikimi i mas\u00ebs s\u00eb siguris\u00eb p\u00ebr Elmir Tuf\u00ebn, i cili \u00ebsht\u00eb i dyshuar p\u00ebr vrasjen e Shk\u00eblzen Kastrati\u00a0do t\u00eb mbahet k\u00ebt\u00eb t\u00eb diel\u00eb n\u00eb or\u00ebn 10:00.<\/span><\/p>\n<p style=\"text-align: left;\"><span style=\"color: #000000;\">Policia e Tiran\u00ebs e arrestoi Elmir Tuf\u00ebn m\u00eb 2 n\u00ebntor n\u00eb Fush\u00eb-Kruj\u00eb.<\/span><\/p>\n<p style=\"text-align: left;\"><span style=\"color: #000000;\">Shk\u00eblzen Kastrati u ekzekutua paraditen e 1 shkurtit t\u00eb 2021 pran\u00eb Rrethit n\u00eb fshatin Sheq n\u00eb Fier. Ai u q\u00ebllua nga nj\u00eb makin\u00eb tip Range Rover, q\u00eb pas vrasjes u gjet e djegur te Mbikalimi i Baltz\u00ebs.<\/span><\/p>\n<p style=\"text-align: left;\"><span style=\"color: #000000;\">Dyshohet se ngjarja lidhet me nj\u00eb p\u00ebrplasje t\u00eb vjet\u00ebr mes familjeve Binjaku dhe Kastrati, p\u00ebr shkak t\u00eb p\u00ebrfshirjes s\u00eb v\u00ebllait t\u00eb tij, Klementit n\u00eb nj\u00eb sag\u00eb hakmarrjeje me Ermal Binjakun.<\/span><\/p>\n","protected":false,"gt_translate_keys":[{"key":"rendered","format":"html"}]},"excerpt":{"rendered":"<p>Verifikimi i mas\u00ebs s\u00eb siguris\u00eb p\u00ebr Elmir Tuf\u00ebn, i cili \u00ebsht\u00eb i dyshuar p\u00ebr vrasjen e Shk\u00eblzen Kastrati\u00a0do t\u00eb mbahet k\u00ebt\u00eb t\u00eb diel\u00eb n\u00eb or\u00ebn 10:00. Policia e Tiran\u00ebs e arrestoi Elmir Tuf\u00ebn m\u00eb 2 n\u00ebntor n\u00eb Fush\u00eb-Kruj\u00eb. Shk\u00eblzen Kastrati u ekzekutua paraditen e 1 shkurtit t\u00eb 2021 pran\u00eb Rrethit n\u00eb fshatin Sheq n\u00eb Fier. [&hellip;]<\/p>\n","protected":false,"gt_translate_keys":[{"key":"rendered","format":"html"}]},"author":4,"featured_media":627385,"comment_status":"closed","ping_status":"closed","sticky":false,"template":"","format":"standard","meta":{"footnotes":""},"categories":[65],"tags":[],"class_list":["post-629290","post","type-post","status-publish","format-standard","has-post-thumbnail","hentry","category-lajme"],"gt_translate_keys":[{"key":"link","format":"url"}],"_links":{"self":[{"href":"https:\/\/www.hashtag.al\/index.php\/wp-json\/wp\/v2\/posts\/629290","targetHints":{"allow":["GET"]}}],"collection":[{"href":"https:\/\/www.hashtag.al\/index.php\/wp-json\/wp\/v2\/posts"}],"about":[{"href":"https:\/\/www.hashtag.al\/index.php\/wp-json\/wp\/v2\/types\/post"}],"author":[{"embeddable":true,"href":"https:\/\/www.hashtag.al\/index.php\/wp-json\/wp\/v2\/users\/4"}],"replies":[{"embeddable":true,"href":"https:\/\/www.hashtag.al\/index.php\/wp-json\/wp\/v2\/comments?post=629290"}],"version-history":[{"count":0,"href":"https:\/\/www.hashtag.al\/index.php\/wp-json\/wp\/v2\/posts\/629290\/revisions"}],"wp:featuredmedia":[{"embeddable":true,"href":"https:\/\/www.hashtag.al\/index.php\/wp-json\/wp\/v2\/media\/627385"}],"wp:attachment":[{"href":"https:\/\/www.hashtag.al\/index.php\/wp-json\/wp\/v2\/media?parent=629290"}],"wp:term":[{"taxonomy":"category","embeddable":true,"href":"https:\/\/www.hashtag.al\/index.php\/wp-json\/wp\/v2\/categories?post=629290"},{"taxonomy":"post_tag","embeddable":true,"href":"https:\/\/www.hashtag.al\/index.php\/wp-json\/wp\/v2\/tags?post=629290"}],"curies":[{"name":"wp","href":"https:\/\/api.w.org\/{rel}","templated":true}]}}