{"id":629277,"date":"2023-11-04T22:26:41","date_gmt":"2023-11-04T21:26:41","guid":{"rendered":"https:\/\/www.hashtag.al\/?p=629277"},"modified":"2023-11-04T22:26:41","modified_gmt":"2023-11-04T21:26:41","slug":"9-militante-islamike-sulmojne-bazen-e-forcave-ajrore-ne-pakistan-vriten-nga-ushtria","status":"publish","type":"post","link":"https:\/\/www.hashtag.al\/index.php\/2023\/11\/04\/9-militante-islamike-sulmojne-bazen-e-forcave-ajrore-ne-pakistan-vriten-nga-ushtria\/","title":{"rendered":"9 militant\u00eb islamik\u00eb sulmojn\u00eb baz\u00ebn e forcave ajrore n\u00eb Pakistan, vriten nga ushtria","gt_translate_keys":[{"key":"rendered","format":"text"}]},"content":{"rendered":"<p><span style=\"color: #000000;\"><a href=\"https:\/\/www.hashtag.al\/wp-content\/uploads\/2023\/11\/Screenshot-2023-11-04-224928.png\"><img loading=\"lazy\" decoding=\"async\" class=\"aligncenter size-full wp-image-629279\" src=\"https:\/\/www.hashtag.al\/wp-content\/uploads\/2023\/11\/Screenshot-2023-11-04-224928.png\" alt=\"\" width=\"765\" height=\"393\" srcset=\"https:\/\/www.hashtag.al\/wp-content\/uploads\/2023\/11\/Screenshot-2023-11-04-224928.png 765w, https:\/\/www.hashtag.al\/wp-content\/uploads\/2023\/11\/Screenshot-2023-11-04-224928-300x154.png 300w\" sizes=\"auto, (max-width: 765px) 100vw, 765px\" \/><\/a><\/span><\/p>\n<p><span style=\"color: #000000;\">N\u00ebnt\u00eb militant\u00eb islamik\u00eb sulmuan nj\u00eb baz\u00eb st\u00ebrvitore t\u00eb forcave ajrore n\u00eb zon\u00ebn qendrore pakistaneze t\u00eb Mianwali t\u00eb shtun\u00ebn duke d\u00ebmtuar tre avion\u00eb &#8220;jo-operativ\u00eb&#8221;, tha ushtria, duke shtuar se t\u00eb gjith\u00eb sulmuesit ishin vrar\u00eb nga forcat e siguris\u00eb.<\/span><\/p>\n<p><span style=\"color: #000000;\">Tre militant\u00eb u vran\u00eb para se t\u00eb hynin n\u00eb baz\u00eb, nd\u00ebrsa t\u00eb tjer\u00ebt ishin bllokuar p\u00ebrpara se t\u00eb fillonte operacioni i pastrimit, tha ushtria n\u00eb nj\u00eb deklarat\u00eb. Ai nuk p\u00ebrmendi ndonj\u00eb viktim\u00eb n\u00eb mesin e personelit t\u00eb siguris\u00eb.<\/span><\/p>\n<p><span style=\"color: #000000;\">Sulmi i s\u00eb shtun\u00ebs her\u00ebt i trembi banor\u00ebt q\u00eb jetonin af\u00ebr, kur bresh\u00ebrit\u00eb e arm\u00ebve thyen heshtjen e m\u00ebngjesit.<\/span><\/p>\n<p><span style=\"color: #000000;\"><em>&#8220;U zgjova rreth or\u00ebs 3 t\u00eb m\u00ebngjesit pasi d\u00ebgjova t\u00eb sht\u00ebna masive me arm\u00eb q\u00eb vazhduan deri n\u00eb or\u00ebn 7 t\u00eb m\u00ebngjesit,&#8221;<\/em> i tha <span style=\"color: #0000ff;\"><a style=\"color: #0000ff;\" href=\"https:\/\/www.reuters.com\/world\/asia-pacific\/militants-attack-air-force-base-central-pakistan-military-2023-11-04\/\">Reuters,<\/a><\/span> nj\u00eb banor i Mianwali.<\/span><\/p>\n<p><span style=\"color: #000000;\">Ushtria tha se n\u00ebnt\u00eb militant\u00eb ishin vrar\u00eb n\u00eb sulmin n\u00eb baz\u00ebn ajrore t\u00eb Trajnimit t\u00eb Forcave Ajrore t\u00eb Pakistanit, Mianwali. Nj\u00eb deklarat\u00eb e m\u00ebparshme tha se gjasht\u00eb militant\u00eb ishin t\u00eb p\u00ebrfshir\u00eb n\u00eb sulm.<\/span><\/p>\n<p><span style=\"color: #000000;\"><em>&#8220;Asnj\u00eb d\u00ebm nuk \u00ebsht\u00eb shkaktuar n\u00eb asnj\u00eb nga asetet funksionale operacionale t\u00eb Forcave Ajrore t\u00eb Pakistanit, nd\u00ebrsa vet\u00ebm disa d\u00ebme jan\u00eb shkaktuar n\u00eb tre avion\u00eb jo-operativ\u00eb tashm\u00eb t\u00eb shuar gjat\u00eb sulmit,&#8221;<\/em> thuhet n\u00eb deklarat\u00ebn ushtarake. M\u00eb her\u00ebt tha se nj\u00eb cistern\u00eb karburanti ishte d\u00ebmtuar gjithashtu n\u00eb sulm.<\/span><\/p>\n<p><span style=\"color: #000000;\"><em>\u201cP\u00ebr shkak t\u00eb reagimit t\u00eb shpejt\u00eb dhe efektiv nga trupat, (sulmi) \u00ebsht\u00eb penguar dhe penguar, duke garantuar sigurin\u00eb dhe sigurin\u00eb e personelit dhe aseteve\u201d,<\/em> thuhet n\u00eb deklarat\u00eb.<\/span><\/p>\n","protected":false,"gt_translate_keys":[{"key":"rendered","format":"html"}]},"excerpt":{"rendered":"<p>N\u00ebnt\u00eb militant\u00eb islamik\u00eb sulmuan nj\u00eb baz\u00eb st\u00ebrvitore t\u00eb forcave ajrore n\u00eb zon\u00ebn qendrore pakistaneze t\u00eb Mianwali t\u00eb shtun\u00ebn duke d\u00ebmtuar tre avion\u00eb &#8220;jo-operativ\u00eb&#8221;, tha ushtria, duke shtuar se t\u00eb gjith\u00eb sulmuesit ishin vrar\u00eb nga forcat e siguris\u00eb. Tre militant\u00eb u vran\u00eb para se t\u00eb hynin n\u00eb baz\u00eb, nd\u00ebrsa t\u00eb tjer\u00ebt ishin bllokuar p\u00ebrpara se t\u00eb [&hellip;]<\/p>\n","protected":false,"gt_translate_keys":[{"key":"rendered","format":"html"}]},"author":30,"featured_media":629279,"comment_status":"closed","ping_status":"closed","sticky":false,"template":"","format":"standard","meta":{"footnotes":""},"categories":[6],"tags":[],"class_list":["post-629277","post","type-post","status-publish","format-standard","has-post-thumbnail","hentry","category-nderkombetare"],"gt_translate_keys":[{"key":"link","format":"url"}],"_links":{"self":[{"href":"https:\/\/www.hashtag.al\/index.php\/wp-json\/wp\/v2\/posts\/629277","targetHints":{"allow":["GET"]}}],"collection":[{"href":"https:\/\/www.hashtag.al\/index.php\/wp-json\/wp\/v2\/posts"}],"about":[{"href":"https:\/\/www.hashtag.al\/index.php\/wp-json\/wp\/v2\/types\/post"}],"author":[{"embeddable":true,"href":"https:\/\/www.hashtag.al\/index.php\/wp-json\/wp\/v2\/users\/30"}],"replies":[{"embeddable":true,"href":"https:\/\/www.hashtag.al\/index.php\/wp-json\/wp\/v2\/comments?post=629277"}],"version-history":[{"count":0,"href":"https:\/\/www.hashtag.al\/index.php\/wp-json\/wp\/v2\/posts\/629277\/revisions"}],"wp:featuredmedia":[{"embeddable":true,"href":"https:\/\/www.hashtag.al\/index.php\/wp-json\/wp\/v2\/media\/629279"}],"wp:attachment":[{"href":"https:\/\/www.hashtag.al\/index.php\/wp-json\/wp\/v2\/media?parent=629277"}],"wp:term":[{"taxonomy":"category","embeddable":true,"href":"https:\/\/www.hashtag.al\/index.php\/wp-json\/wp\/v2\/categories?post=629277"},{"taxonomy":"post_tag","embeddable":true,"href":"https:\/\/www.hashtag.al\/index.php\/wp-json\/wp\/v2\/tags?post=629277"}],"curies":[{"name":"wp","href":"https:\/\/api.w.org\/{rel}","templated":true}]}}