{"id":629168,"date":"2023-11-04T15:08:25","date_gmt":"2023-11-04T14:08:25","guid":{"rendered":"https:\/\/www.hashtag.al\/?p=629168"},"modified":"2023-11-04T15:08:25","modified_gmt":"2023-11-04T14:08:25","slug":"termeti-ne-nepal-shkon-ne-157-numri-i-jeteve-te-humbura","status":"publish","type":"post","link":"https:\/\/www.hashtag.al\/index.php\/2023\/11\/04\/termeti-ne-nepal-shkon-ne-157-numri-i-jeteve-te-humbura\/","title":{"rendered":"T\u00ebrmeti n\u00eb Nepal, shkon n\u00eb 157 numri i jet\u00ebve t\u00eb humbura","gt_translate_keys":[{"key":"rendered","format":"text"}]},"content":{"rendered":"<p><img loading=\"lazy\" decoding=\"async\" class=\"size-full wp-image-629169 aligncenter\" src=\"https:\/\/www.hashtag.al\/wp-content\/uploads\/2023\/11\/231103225108-02-nepal-earthquake-110423.webp\" alt=\"\" width=\"1280\" height=\"720\" srcset=\"https:\/\/www.hashtag.al\/wp-content\/uploads\/2023\/11\/231103225108-02-nepal-earthquake-110423.webp 1280w, https:\/\/www.hashtag.al\/wp-content\/uploads\/2023\/11\/231103225108-02-nepal-earthquake-110423-300x169.webp 300w, https:\/\/www.hashtag.al\/wp-content\/uploads\/2023\/11\/231103225108-02-nepal-earthquake-110423-1024x576.webp 1024w, https:\/\/www.hashtag.al\/wp-content\/uploads\/2023\/11\/231103225108-02-nepal-earthquake-110423-768x432.webp 768w\" sizes=\"auto, (max-width: 1280px) 100vw, 1280px\" \/><\/p>\n<p><span style=\"color: #000000;\"><span style=\"font-weight: 400;\">T\u00eb pakt\u00ebn 157 persona jan\u00eb vrar\u00eb nga nj\u00eb t\u00ebrmet q\u00eb goditi nj\u00eb pjes\u00eb t\u00eb larg\u00ebt t\u00eb Nepalit veriper\u00ebndimor gjat\u00eb nat\u00ebs t\u00eb premten dhe rr\u00ebzoi nd\u00ebrtesa t\u00eb shumta, pasi zyrtar\u00ebt paralajm\u00ebruan se numri i t\u00eb vdekurve mund t\u00eb rritet, sipas nj\u00eb zyrtari policor, shkruan <\/span><span style=\"color: #3366ff;\"><a style=\"color: #3366ff;\" href=\"https:\/\/edition.cnn.com\/2023\/11\/03\/asia\/nepal-earthquake-northwest-hnk-intl\/index.html\"><span style=\"font-weight: 400;\">CNN<\/span><\/a><span style=\"font-weight: 400;\">.<\/span><\/span><\/span><\/p>\n<p><span style=\"font-weight: 400; color: #000000;\">T\u00ebrmeti u mat me magnitud\u00eb 5.6 ball\u00eb sipas Anket\u00ebs Gjeologjike t\u00eb Shteteve t\u00eb Bashkuara (USGS) dhe goditi rreth 42 kilometra (rreth 26 milje) nga Jumla, Nepal.\u00a0<\/span><\/p>\n<p><span style=\"font-weight: 400; color: #000000;\">N\u00eb provinc\u00ebn Karnali, jan\u00eb konfirmuar dhe 170 t\u00eb plagosur, duke e b\u00ebr\u00eb t\u00ebrmetin e s\u00eb premtes m\u00eb vdekjeprur\u00ebsen q\u00eb nga viti 2015.<\/span><\/p>\n<p><span style=\"font-weight: 400; color: #000000;\">N\u00eb distriktin Jajarkot, pran\u00eb epiqend\u00ebrs s\u00eb t\u00ebrmetit, 105 vet\u00eb u konfirmuan t\u00eb vdekur dhe 55 t\u00eb tjer\u00eb u plagos\u00ebn. N\u00eb distriktin Rukum West aty pran\u00eb, 52 u vran\u00eb dhe 85 u plagos\u00ebn.<\/span><\/p>\n","protected":false,"gt_translate_keys":[{"key":"rendered","format":"html"}]},"excerpt":{"rendered":"<p>T\u00eb pakt\u00ebn 157 persona jan\u00eb vrar\u00eb nga nj\u00eb t\u00ebrmet q\u00eb goditi nj\u00eb pjes\u00eb t\u00eb larg\u00ebt t\u00eb Nepalit veriper\u00ebndimor gjat\u00eb nat\u00ebs t\u00eb premten dhe rr\u00ebzoi nd\u00ebrtesa t\u00eb shumta, pasi zyrtar\u00ebt paralajm\u00ebruan se numri i t\u00eb vdekurve mund t\u00eb rritet, sipas nj\u00eb zyrtari policor, shkruan CNN. T\u00ebrmeti u mat me magnitud\u00eb 5.6 ball\u00eb sipas Anket\u00ebs Gjeologjike t\u00eb [&hellip;]<\/p>\n","protected":false,"gt_translate_keys":[{"key":"rendered","format":"html"}]},"author":4,"featured_media":629169,"comment_status":"closed","ping_status":"closed","sticky":false,"template":"","format":"standard","meta":{"footnotes":""},"categories":[6],"tags":[],"class_list":["post-629168","post","type-post","status-publish","format-standard","has-post-thumbnail","hentry","category-nderkombetare"],"gt_translate_keys":[{"key":"link","format":"url"}],"_links":{"self":[{"href":"https:\/\/www.hashtag.al\/index.php\/wp-json\/wp\/v2\/posts\/629168","targetHints":{"allow":["GET"]}}],"collection":[{"href":"https:\/\/www.hashtag.al\/index.php\/wp-json\/wp\/v2\/posts"}],"about":[{"href":"https:\/\/www.hashtag.al\/index.php\/wp-json\/wp\/v2\/types\/post"}],"author":[{"embeddable":true,"href":"https:\/\/www.hashtag.al\/index.php\/wp-json\/wp\/v2\/users\/4"}],"replies":[{"embeddable":true,"href":"https:\/\/www.hashtag.al\/index.php\/wp-json\/wp\/v2\/comments?post=629168"}],"version-history":[{"count":0,"href":"https:\/\/www.hashtag.al\/index.php\/wp-json\/wp\/v2\/posts\/629168\/revisions"}],"wp:featuredmedia":[{"embeddable":true,"href":"https:\/\/www.hashtag.al\/index.php\/wp-json\/wp\/v2\/media\/629169"}],"wp:attachment":[{"href":"https:\/\/www.hashtag.al\/index.php\/wp-json\/wp\/v2\/media?parent=629168"}],"wp:term":[{"taxonomy":"category","embeddable":true,"href":"https:\/\/www.hashtag.al\/index.php\/wp-json\/wp\/v2\/categories?post=629168"},{"taxonomy":"post_tag","embeddable":true,"href":"https:\/\/www.hashtag.al\/index.php\/wp-json\/wp\/v2\/tags?post=629168"}],"curies":[{"name":"wp","href":"https:\/\/api.w.org\/{rel}","templated":true}]}}