{"id":629074,"date":"2023-11-04T00:01:46","date_gmt":"2023-11-03T23:01:46","guid":{"rendered":"https:\/\/www.hashtag.al\/?p=629074"},"modified":"2023-11-04T00:01:46","modified_gmt":"2023-11-03T23:01:46","slug":"termeti-ne-nepal-vret-te-pakten-37-persona","status":"publish","type":"post","link":"https:\/\/www.hashtag.al\/index.php\/2023\/11\/04\/termeti-ne-nepal-vret-te-pakten-37-persona\/","title":{"rendered":"T\u00ebrmeti n\u00eb Nepal vret t\u00eb pakt\u00ebn 37 persona","gt_translate_keys":[{"key":"rendered","format":"text"}]},"content":{"rendered":"<p><span style=\"color: #000000;\"><a href=\"https:\/\/www.hashtag.al\/wp-content\/uploads\/2023\/11\/Screenshot-2023-11-04-003927.png\"><img loading=\"lazy\" decoding=\"async\" class=\"aligncenter size-full wp-image-629075\" src=\"https:\/\/www.hashtag.al\/wp-content\/uploads\/2023\/11\/Screenshot-2023-11-04-003927.png\" alt=\"\" width=\"768\" height=\"436\" srcset=\"https:\/\/www.hashtag.al\/wp-content\/uploads\/2023\/11\/Screenshot-2023-11-04-003927.png 768w, https:\/\/www.hashtag.al\/wp-content\/uploads\/2023\/11\/Screenshot-2023-11-04-003927-300x170.png 300w\" sizes=\"auto, (max-width: 768px) 100vw, 768px\" \/><\/a><\/span><\/p>\n<p><span style=\"color: #000000;\">Nj\u00eb t\u00ebrmet n\u00eb Nepal ka vrar\u00eb 37 persona, nd\u00ebrsa sipas zyrtar\u00ebve \u00a0m\u00eb shum\u00eb vdekje pritet t\u00eb konfirmohen.<\/span><\/p>\n<p><span style=\"color: #000000;\">T\u00ebrmeti me magnitud\u00eb 6.4 goditi per\u00ebndim t\u00eb vendit pasi shum\u00eb njer\u00ebz ishin n\u00eb gjum\u00eb t\u00eb premten mbr\u00ebma.<\/span><\/p>\n<p><span style=\"color: #000000;\">D\u00ebshmitar\u00ebt than\u00eb se shkaktoi shembjen e sht\u00ebpive dhe komunikimet me shum\u00eb fshatra thuhet se ishin nd\u00ebrprer\u00eb.<\/span><\/p>\n<p><span style=\"color: #000000;\">T\u00ebrmeti goditi n\u00eb or\u00ebn 23:47 (6:02 pasdite GMT) n\u00eb rrethin Jajarkot t\u00eb provinc\u00ebs Karnali &#8211; 310 milje (500 km) n\u00eb per\u00ebndim t\u00eb kryeqytetit Katmandu.<\/span><\/p>\n<p><span style=\"color: #000000;\">Pamjet e mediave lokale treguan sht\u00ebpi t\u00eb rr\u00ebnuara, p\u00ebrcjell <span style=\"color: #0000ff;\"><a style=\"color: #0000ff;\" href=\"https:\/\/news.sky.com\/story\/earthquake-in-nepal-kills-at-least-37-people-with-more-deaths-expected-to-be-confirmed-12999580\">Skynews.<\/a><\/span><\/span><\/p>\n<p><span style=\"color: #000000;\"><em>&#8220;Sht\u00ebpit\u00eb jan\u00eb shembur. Njer\u00ebzit dol\u00ebn me nxitim nga sht\u00ebpit\u00eb e tyre. Un\u00eb jam jasht\u00eb n\u00eb turm\u00ebn e banor\u00ebve t\u00eb tmerruar. Ne po p\u00ebrpiqemi t\u00eb gjejm\u00eb detaje t\u00eb d\u00ebmeve,&#8221;<\/em> tha nj\u00eb zyrtar i policis\u00eb.<\/span><\/p>\n<p><span style=\"color: #000000;\">L\u00ebkundjet u ndjen\u00eb deri n\u00eb Katmandu dhe Nju Delhi n\u00eb Indi, sipas d\u00ebshmitar\u00ebve.<\/span><\/p>\n<p><span style=\"color: #000000;\">T\u00eb pakt\u00ebn 20 njer\u00ebz u vran\u00eb n\u00eb rrethin Rukum, tha zyrtari i policis\u00eb Narvaraj Bhattarai, nd\u00ebrsa 17 t\u00eb tjer\u00eb u konfirmuan t\u00eb vdekur n\u00eb Jajarkot, sipas zyrtarit qeveritar Harish Chandra Sharma.<\/span><\/p>\n<p><span style=\"color: #000000;\">Sh\u00ebrbimi Gjeologjik i SHBA tha se t\u00ebrmeti ndodhi n\u00eb nj\u00eb thell\u00ebsi prej 11.1 milje (17.9 km).<\/span><\/p>\n<p><span style=\"color: #000000;\">T\u00ebrmetet jan\u00eb t\u00eb zakonshme n\u00eb Nepal, ku nj\u00eb m\u00eb t\u00eb fuqishmit me magnitud\u00eb 7.8 n\u00eb vitin 2015 vrau rreth 9000 njer\u00ebz dhe d\u00ebmtoi rreth nj\u00eb milion struktura.<\/span><\/p>\n","protected":false,"gt_translate_keys":[{"key":"rendered","format":"html"}]},"excerpt":{"rendered":"<p>Nj\u00eb t\u00ebrmet n\u00eb Nepal ka vrar\u00eb 37 persona, nd\u00ebrsa sipas zyrtar\u00ebve \u00a0m\u00eb shum\u00eb vdekje pritet t\u00eb konfirmohen. T\u00ebrmeti me magnitud\u00eb 6.4 goditi per\u00ebndim t\u00eb vendit pasi shum\u00eb njer\u00ebz ishin n\u00eb gjum\u00eb t\u00eb premten mbr\u00ebma. D\u00ebshmitar\u00ebt than\u00eb se shkaktoi shembjen e sht\u00ebpive dhe komunikimet me shum\u00eb fshatra thuhet se ishin nd\u00ebrprer\u00eb. T\u00ebrmeti goditi n\u00eb or\u00ebn 23:47 [&hellip;]<\/p>\n","protected":false,"gt_translate_keys":[{"key":"rendered","format":"html"}]},"author":30,"featured_media":629075,"comment_status":"closed","ping_status":"closed","sticky":false,"template":"","format":"standard","meta":{"footnotes":""},"categories":[6],"tags":[],"class_list":["post-629074","post","type-post","status-publish","format-standard","has-post-thumbnail","hentry","category-nderkombetare"],"gt_translate_keys":[{"key":"link","format":"url"}],"_links":{"self":[{"href":"https:\/\/www.hashtag.al\/index.php\/wp-json\/wp\/v2\/posts\/629074","targetHints":{"allow":["GET"]}}],"collection":[{"href":"https:\/\/www.hashtag.al\/index.php\/wp-json\/wp\/v2\/posts"}],"about":[{"href":"https:\/\/www.hashtag.al\/index.php\/wp-json\/wp\/v2\/types\/post"}],"author":[{"embeddable":true,"href":"https:\/\/www.hashtag.al\/index.php\/wp-json\/wp\/v2\/users\/30"}],"replies":[{"embeddable":true,"href":"https:\/\/www.hashtag.al\/index.php\/wp-json\/wp\/v2\/comments?post=629074"}],"version-history":[{"count":0,"href":"https:\/\/www.hashtag.al\/index.php\/wp-json\/wp\/v2\/posts\/629074\/revisions"}],"wp:featuredmedia":[{"embeddable":true,"href":"https:\/\/www.hashtag.al\/index.php\/wp-json\/wp\/v2\/media\/629075"}],"wp:attachment":[{"href":"https:\/\/www.hashtag.al\/index.php\/wp-json\/wp\/v2\/media?parent=629074"}],"wp:term":[{"taxonomy":"category","embeddable":true,"href":"https:\/\/www.hashtag.al\/index.php\/wp-json\/wp\/v2\/categories?post=629074"},{"taxonomy":"post_tag","embeddable":true,"href":"https:\/\/www.hashtag.al\/index.php\/wp-json\/wp\/v2\/tags?post=629074"}],"curies":[{"name":"wp","href":"https:\/\/api.w.org\/{rel}","templated":true}]}}