{"id":629024,"date":"2023-11-03T22:02:18","date_gmt":"2023-11-03T21:02:18","guid":{"rendered":"https:\/\/www.hashtag.al\/?p=629024"},"modified":"2023-11-03T22:02:18","modified_gmt":"2023-11-03T21:02:18","slug":"escobar-nenshkrimi-ose-jo-i-marreveshjeve-nuk-ndikon-tek-detyrimi-per-zbatimin-e-tyre","status":"publish","type":"post","link":"https:\/\/www.hashtag.al\/index.php\/2023\/11\/03\/escobar-nenshkrimi-ose-jo-i-marreveshjeve-nuk-ndikon-tek-detyrimi-per-zbatimin-e-tyre\/","title":{"rendered":"Escobar: N\u00ebnshkrimi ose jo i marr\u00ebveshjeve nuk ndikon tek detyrimi p\u00ebr zbatimin e tyre","gt_translate_keys":[{"key":"rendered","format":"text"}]},"content":{"rendered":"<p style=\"text-align: left;\"><span style=\"color: #000000;\"><img loading=\"lazy\" decoding=\"async\" class=\"alignnone size-full wp-image-629025\" src=\"https:\/\/www.hashtag.al\/wp-content\/uploads\/2023\/11\/Screenshot-2023-11-03-210853.png\" alt=\"\" width=\"953\" height=\"536\" srcset=\"https:\/\/www.hashtag.al\/wp-content\/uploads\/2023\/11\/Screenshot-2023-11-03-210853.png 953w, https:\/\/www.hashtag.al\/wp-content\/uploads\/2023\/11\/Screenshot-2023-11-03-210853-300x169.png 300w, https:\/\/www.hashtag.al\/wp-content\/uploads\/2023\/11\/Screenshot-2023-11-03-210853-768x432.png 768w\" sizes=\"auto, (max-width: 953px) 100vw, 953px\" \/><\/span><\/p>\n<p style=\"text-align: left;\"><span style=\"color: #000000;\">I d\u00ebrguari amerikan p\u00ebr Ballkanin Per\u00ebndimor Gabriel Escobar i tha <strong><a href=\"https:\/\/www.zeriamerikes.com\/a\/7340853.html\">Z\u00ebrit t\u00eb Amerik\u00ebs<\/a><\/strong> se marr\u00ebveshjet q\u00eb Serbia dhe Kosova kan\u00eb n\u00ebnshkruar jan\u00eb nj\u00eb detyrim ligjor p\u00ebr t\u00eb dyja pal\u00ebt dhe se n\u00ebnshkrimi ose jo i tyre, nuk ndikon n\u00eb detyrimin q\u00eb ato kan\u00eb p\u00ebr t\u2019i zbatuar ato.<\/span><\/p>\n<p style=\"text-align: left;\"><span style=\"color: #000000;\">N\u00eb takimin e fundit me udh\u00ebheq\u00ebsit evropian\u00eb n\u00eb Bruksel, Kryeministri i Kosov\u00ebs Albin Kurti, tha se \u00ebsht\u00eb i gatsh\u00ebm t\u00eb pranoj\u00eb dhe t\u00eb n\u00ebnshkruaj\u00eb projektstatutin p\u00ebr themelimin e Asociacionit t\u00eb komunave me shumic\u00eb serbe, nd\u00ebrsa Presidenti serb Aleksandar Vu\u00e7i\u00e7 b\u00ebri t\u00eb qart\u00eb se nuk do t\u00eb pranoj\u00eb asgj\u00eb q\u00eb n\u00ebnkupton njohjen de-facto t\u00eb Kosov\u00ebs.<\/span><\/p>\n<p style=\"text-align: left;\"><span style=\"color: #000000;\">I pyetur se si do t\u00eb vazhdohet m\u00eb tej pas k\u00ebtyre q\u00ebndrimeve, zoti Escobar tha se k\u00ebto dy deklarata nuk pasqyrojn\u00eb realitetin pasi ato marr\u00ebveshje jan\u00eb t\u00eb ligj\u00ebrisht t\u00eb detyrueshme, gj\u00eb q\u00eb t\u00eb dy udh\u00ebheq\u00ebsit e kan\u00eb pranuar sikurse tha ai.<\/span><\/p>\n<p style=\"text-align: left;\"><span style=\"color: #000000;\">Po k\u00ebshtu ai tha se t\u00eb dy udh\u00ebheq\u00ebsit e kan\u00eb marr\u00eb k\u00ebt\u00eb angazhim p\u00ebrpara Bashkimit Evropian dhe Shteteve t\u00eb Bashkuara dhe se pal\u00ebt kan\u00eb detyrime specifike p\u00ebr t\u00eb nd\u00ebrmarr\u00eb, n\u00eb rrug\u00ebn drejt normalizimit; Kosova Asociacionit dhe Serbia njohje e dokumenteve doganore t\u00eb Kosov\u00ebs, targave, let\u00ebrnjoftimeve e t\u00eb tjera gj\u00ebra si k\u00ebto, tha zoti Escobar.<\/span><\/p>\n<p style=\"text-align: left;\"><span style=\"color: #000000;\">Zyrtari amerikan tha se Shtetet e Bashkuara e mb\u00ebshtesin plot\u00ebsisht dialogun dhe se ajo q\u00eb ka mbetur lidhet vet\u00ebm me koh\u00ebn dhe m\u00ebnyr\u00ebn se si do t\u2019i zbatojn\u00eb t\u00eb dyja pal\u00ebt detyrimet.<\/span><\/p>\n<p style=\"text-align: left;\"><span style=\"color: #000000;\">I pyetur lidhur me dor\u00ebheqjen sot t\u00eb shefit t\u00eb Agjencis\u00eb Serbe t\u00eb Zbulimit (BIA) Aleksandar Vulin, zoti Escobar tha se se ai ka qen\u00eb nj\u00eb nj\u00eb figure jasht\u00ebzakonisht destabilizuese n\u00eb rajon p\u00ebr nj\u00eb koh\u00eb t\u00eb gjat\u00eb, gj\u00eb mbi t\u00eb cil\u00ebn u bazuan edhe sanksionet amerikane.<\/span><\/p>\n<p style=\"text-align: left;\"><span style=\"color: #000000;\">Lidhur me komentet e Aleksandar Vulinit se ai dha doq\u00ebheqjen pasi Uashingtoni dhe Brukseli po e k\u00ebrkonin nj\u00eb gj\u00eb t\u00eb till\u00eb si parakusht p\u00ebr t\u00eb mos i vendosur sanksione Serbis\u00eb, zoti Escobar tha se \u201cne (SHBA) nuk marrim vendimeve n\u00eb em\u00ebr t\u00eb qeveris\u00eb serbe\u201d.<\/span><\/p>\n","protected":false,"gt_translate_keys":[{"key":"rendered","format":"html"}]},"excerpt":{"rendered":"<p>I d\u00ebrguari amerikan p\u00ebr Ballkanin Per\u00ebndimor Gabriel Escobar i tha Z\u00ebrit t\u00eb Amerik\u00ebs se marr\u00ebveshjet q\u00eb Serbia dhe Kosova kan\u00eb n\u00ebnshkruar jan\u00eb nj\u00eb detyrim ligjor p\u00ebr t\u00eb dyja pal\u00ebt dhe se n\u00ebnshkrimi ose jo i tyre, nuk ndikon n\u00eb detyrimin q\u00eb ato kan\u00eb p\u00ebr t\u2019i zbatuar ato. N\u00eb takimin e fundit me udh\u00ebheq\u00ebsit evropian\u00eb n\u00eb [&hellip;]<\/p>\n","protected":false,"gt_translate_keys":[{"key":"rendered","format":"html"}]},"author":4,"featured_media":629025,"comment_status":"closed","ping_status":"closed","sticky":false,"template":"","format":"standard","meta":{"footnotes":""},"categories":[149],"tags":[],"class_list":["post-629024","post","type-post","status-publish","format-standard","has-post-thumbnail","hentry","category-kosoverajon"],"gt_translate_keys":[{"key":"link","format":"url"}],"_links":{"self":[{"href":"https:\/\/www.hashtag.al\/index.php\/wp-json\/wp\/v2\/posts\/629024","targetHints":{"allow":["GET"]}}],"collection":[{"href":"https:\/\/www.hashtag.al\/index.php\/wp-json\/wp\/v2\/posts"}],"about":[{"href":"https:\/\/www.hashtag.al\/index.php\/wp-json\/wp\/v2\/types\/post"}],"author":[{"embeddable":true,"href":"https:\/\/www.hashtag.al\/index.php\/wp-json\/wp\/v2\/users\/4"}],"replies":[{"embeddable":true,"href":"https:\/\/www.hashtag.al\/index.php\/wp-json\/wp\/v2\/comments?post=629024"}],"version-history":[{"count":0,"href":"https:\/\/www.hashtag.al\/index.php\/wp-json\/wp\/v2\/posts\/629024\/revisions"}],"wp:featuredmedia":[{"embeddable":true,"href":"https:\/\/www.hashtag.al\/index.php\/wp-json\/wp\/v2\/media\/629025"}],"wp:attachment":[{"href":"https:\/\/www.hashtag.al\/index.php\/wp-json\/wp\/v2\/media?parent=629024"}],"wp:term":[{"taxonomy":"category","embeddable":true,"href":"https:\/\/www.hashtag.al\/index.php\/wp-json\/wp\/v2\/categories?post=629024"},{"taxonomy":"post_tag","embeddable":true,"href":"https:\/\/www.hashtag.al\/index.php\/wp-json\/wp\/v2\/tags?post=629024"}],"curies":[{"name":"wp","href":"https:\/\/api.w.org\/{rel}","templated":true}]}}