{"id":628878,"date":"2023-11-03T12:55:07","date_gmt":"2023-11-03T11:55:07","guid":{"rendered":"https:\/\/www.hashtag.al\/?p=628878"},"modified":"2023-11-03T12:55:07","modified_gmt":"2023-11-03T11:55:07","slug":"tensionet-e-djeshme-ne-kuvend-berisha-skapi-i-partise-vrapoi-ne-parlament-per-te-sajuar-veper-kriminale","status":"publish","type":"post","link":"https:\/\/www.hashtag.al\/index.php\/2023\/11\/03\/tensionet-e-djeshme-ne-kuvend-berisha-skapi-i-partise-vrapoi-ne-parlament-per-te-sajuar-veper-kriminale\/","title":{"rendered":"Tensionet e djeshme n\u00eb Kuvend\/ Berisha: \u201cSkapi\u201d i partis\u00eb vrapoi n\u00eb Parlament p\u00ebr t\u00eb sajuar vep\u00ebr kriminale","gt_translate_keys":[{"key":"rendered","format":"text"}]},"content":{"rendered":"<p><span style=\"color: #000000;\"><img loading=\"lazy\" decoding=\"async\" class=\"alignnone size-full wp-image-628879\" src=\"https:\/\/www.hashtag.al\/wp-content\/uploads\/2023\/11\/sali-berisha-3.jpg\" alt=\"\" width=\"965\" height=\"624\" srcset=\"https:\/\/www.hashtag.al\/wp-content\/uploads\/2023\/11\/sali-berisha-3.jpg 965w, https:\/\/www.hashtag.al\/wp-content\/uploads\/2023\/11\/sali-berisha-3-300x194.jpg 300w, https:\/\/www.hashtag.al\/wp-content\/uploads\/2023\/11\/sali-berisha-3-768x497.jpg 768w\" sizes=\"auto, (max-width: 965px) 100vw, 965px\" \/><\/span><\/p>\n<p><span style=\"color: #000000;\">Ish-kryeministri Sali Berisha komentoi situat\u00ebn e djeshme t\u00eb ndodhur n\u00eb Parlament, ku u shpreh se jan\u00eb d\u00ebshmi e patjet\u00ebrsueshme e narkodiktatur\u00ebs t\u00eb vendosur n\u00eb Shqip\u00ebri, nd\u00ebrsa akuzoi Prokurorin\u00eb e Posa\u00e7me se nxitoi n\u00eb Parlament p\u00ebr t\u00eb sajuar sipas tij vepra kriminale.<\/span><\/p>\n<p><span style=\"color: #000000;\">Zhvillimet dramatike t\u00eb ndjeshme n\u00eb Parlament dhe pas Parlamentit jan\u00eb d\u00ebshmi e patjet\u00ebrsueshme e narkodiktatur\u00ebs t\u00eb vendosur n\u00eb Shqip\u00ebri. Deputet\u00eb t\u00eb opozit\u00ebs me t\u00eb drejta t\u00eb mohuara n\u00eb m\u00ebnyr\u00eb antikushtetuese nga Edi Rama kan\u00eb nisur betej\u00ebn e tyre p\u00ebr t\u00eb rivendosur t\u00eb drejtat e tyre. K\u00ebt\u00eb betej\u00eb e kan\u00eb nisur me q\u00ebllimin e rivendosjes s\u00eb t\u00eb drejtave dhe mos bojkotin e Parlamentit.<\/span><\/p>\n<p><span style=\"color: #000000;\">Kjo \u00ebsht\u00eb rruga m\u00eb kushtetuese, m\u00eb e ligjshme dhe e p\u00ebrgjegjshme e k\u00ebtyre deputet\u00ebve. N\u00eb k\u00ebto q\u00ebndrime, ata u p\u00ebrball\u00ebn dje me nj\u00eb situat\u00eb banditeske ndaj tyre n\u00eb Parlament. Edi Rama urdh\u00ebronte me Taulant Ball\u00ebn me deputet\u00eb t\u00eb tij q\u00eb t\u00eb v\u00ebrsuleshin kund\u00ebr deputet\u00ebve t\u00eb opozit\u00ebs n\u00eb protest\u00eb. Edi Rama me Lind\u00ebn e tij n\u00eb Parlament, kishte futur n\u00eb sall\u00eb njer\u00ebz t\u00eb armatosur.<\/span><\/p>\n<p><span style=\"color: #000000;\">Edi Rama n\u00eb kund\u00ebrshtim me ligjin, futi n\u00eb Parlament policin\u00eb nd\u00ebrkoh\u00eb q\u00eb siguria n\u00eb Parlament, qytetar\u00ebt shqiptar\u00ebt paguajn\u00eb punonj\u00ebsit e siguris\u00eb q\u00eb jan\u00eb repart i Gard\u00ebs. Skenat e q\u00ebndrimeve t\u00eb opozit\u00ebs ndaj Parlamentit ishin q\u00eb t\u00eb gjitha t\u00eb dirigjuara. Po kaq e r\u00ebnd\u00eb ishte vrapimi pas i Skapit t\u00eb partis\u00eb, i cili ka shkelur \u00e7do ligj dhe rregull. Nuk kishte asnj\u00eb vep\u00ebr krimi. Nuk pati t\u00eb plagosur. Nuk ndodhi asnj\u00eb problem i ve\u00e7ant\u00eb p\u00ebrve\u00e7 se nj\u00eb protest\u00eb legjitime. Skapi n\u00ebn urdhrat e partis\u00eb vrapoi n\u00eb sall\u00ebn e parlamentit p\u00ebr t\u00eb sajuar vepra kriminale. D\u00ebshmia e fytyr\u00ebs s\u00eb narkoshtetit. Edi Rama mendoi se duke sjell\u00eb skapist\u00eb n\u00eb Parlament do t\u00eb mund t\u00eb dekuroj\u00eb deputet\u00ebt e opozit\u00ebs.<\/span><\/p>\n","protected":false,"gt_translate_keys":[{"key":"rendered","format":"html"}]},"excerpt":{"rendered":"<p>Ish-kryeministri Sali Berisha komentoi situat\u00ebn e djeshme t\u00eb ndodhur n\u00eb Parlament, ku u shpreh se jan\u00eb d\u00ebshmi e patjet\u00ebrsueshme e narkodiktatur\u00ebs t\u00eb vendosur n\u00eb Shqip\u00ebri, nd\u00ebrsa akuzoi Prokurorin\u00eb e Posa\u00e7me se nxitoi n\u00eb Parlament p\u00ebr t\u00eb sajuar sipas tij vepra kriminale. Zhvillimet dramatike t\u00eb ndjeshme n\u00eb Parlament dhe pas Parlamentit jan\u00eb d\u00ebshmi e patjet\u00ebrsueshme e [&hellip;]<\/p>\n","protected":false,"gt_translate_keys":[{"key":"rendered","format":"html"}]},"author":4,"featured_media":628879,"comment_status":"closed","ping_status":"closed","sticky":false,"template":"","format":"standard","meta":{"footnotes":""},"categories":[65],"tags":[],"class_list":["post-628878","post","type-post","status-publish","format-standard","has-post-thumbnail","hentry","category-lajme"],"gt_translate_keys":[{"key":"link","format":"url"}],"_links":{"self":[{"href":"https:\/\/www.hashtag.al\/index.php\/wp-json\/wp\/v2\/posts\/628878","targetHints":{"allow":["GET"]}}],"collection":[{"href":"https:\/\/www.hashtag.al\/index.php\/wp-json\/wp\/v2\/posts"}],"about":[{"href":"https:\/\/www.hashtag.al\/index.php\/wp-json\/wp\/v2\/types\/post"}],"author":[{"embeddable":true,"href":"https:\/\/www.hashtag.al\/index.php\/wp-json\/wp\/v2\/users\/4"}],"replies":[{"embeddable":true,"href":"https:\/\/www.hashtag.al\/index.php\/wp-json\/wp\/v2\/comments?post=628878"}],"version-history":[{"count":0,"href":"https:\/\/www.hashtag.al\/index.php\/wp-json\/wp\/v2\/posts\/628878\/revisions"}],"wp:featuredmedia":[{"embeddable":true,"href":"https:\/\/www.hashtag.al\/index.php\/wp-json\/wp\/v2\/media\/628879"}],"wp:attachment":[{"href":"https:\/\/www.hashtag.al\/index.php\/wp-json\/wp\/v2\/media?parent=628878"}],"wp:term":[{"taxonomy":"category","embeddable":true,"href":"https:\/\/www.hashtag.al\/index.php\/wp-json\/wp\/v2\/categories?post=628878"},{"taxonomy":"post_tag","embeddable":true,"href":"https:\/\/www.hashtag.al\/index.php\/wp-json\/wp\/v2\/tags?post=628878"}],"curies":[{"name":"wp","href":"https:\/\/api.w.org\/{rel}","templated":true}]}}