{"id":628736,"date":"2023-11-02T22:49:28","date_gmt":"2023-11-02T21:49:28","guid":{"rendered":"https:\/\/www.hashtag.al\/?p=628736"},"modified":"2023-11-02T22:49:28","modified_gmt":"2023-11-02T21:49:28","slug":"netanyahu-shmang-pergjegjesine-per-deshtimin-per-te-parandaluar-sulmin-e-hamasit","status":"publish","type":"post","link":"https:\/\/www.hashtag.al\/index.php\/2023\/11\/02\/netanyahu-shmang-pergjegjesine-per-deshtimin-per-te-parandaluar-sulmin-e-hamasit\/","title":{"rendered":"Netanyahu shmang p\u00ebrgjegj\u00ebsin\u00eb p\u00ebr d\u00ebshtimin p\u00ebr t\u00eb parandaluar sulmin e Hamasit","gt_translate_keys":[{"key":"rendered","format":"text"}]},"content":{"rendered":"<p style=\"text-align: left;\"><span style=\"color: #000000;\"><img loading=\"lazy\" decoding=\"async\" class=\"size-full wp-image-627875 aligncenter\" src=\"https:\/\/www.hashtag.al\/wp-content\/uploads\/2023\/10\/netanyahu-ndihme.jpg\" alt=\"\" width=\"640\" height=\"400\" srcset=\"https:\/\/www.hashtag.al\/wp-content\/uploads\/2023\/10\/netanyahu-ndihme.jpg 640w, https:\/\/www.hashtag.al\/wp-content\/uploads\/2023\/10\/netanyahu-ndihme-300x188.jpg 300w\" sizes=\"auto, (max-width: 640px) 100vw, 640px\" \/><\/span><\/p>\n<p style=\"text-align: left;\"><span style=\"color: #000000;\">Pas sulmit t\u00eb tmerrsh\u00ebm, q\u00eb sh\u00ebnoi dit\u00ebn m\u00eb t\u00eb p\u00ebrgjakshme n\u00eb historin\u00eb 75 vje\u00e7are t\u00eb shtetit t\u00eb Izraelit, zoti Netanyahu vazhdimisht ka shmangur p\u00ebrgjegj\u00ebsin\u00eb. Ai ka faj\u00ebsuar t\u00eb tjer\u00ebt dhe kritik\u00ebt thon\u00eb se kjo d\u00ebshmon se ai \u00ebsht\u00eb nj\u00eb udh\u00ebheq\u00ebs i preokupuar m\u00eb shum\u00eb p\u00ebr mbijetes\u00ebn e tij politike, sesa p\u00ebr t\u00eb udh\u00ebhequr dhe ngush\u00eblluar nj\u00eb popull t\u00eb traumatizuar.<\/span><\/p>\n<p style=\"text-align: left;\"><span style=\"color: #000000;\"><em>\u201cNetanyahu po b\u00ebn nj\u00eb bejet\u00eb personale p\u00ebr t\u00eb mbijetuar dhe kjo p\u00ebr t\u00eb ka m\u00eb shum\u00eb p\u00ebrpar\u00ebsi se lufta e Izraelit kund\u00ebr Hamasit\u201d<\/em>, tha gazetari dhe autori i biografis\u00eb s\u00eb zotit Netanyahu, Ashnel Pfeffer. <em>\u201cSi pjes\u00eb t\u00eb k\u00ebsaj beteje, ai \u00ebsht\u00eb i gatsh\u00ebm t\u2019i d\u00ebmtoj\u00eb ata q\u00eb po udh\u00ebheqin aktualisht ushtrin\u00eb dhe sh\u00ebrbimet e zbulimit t\u00eb Izraelit\u201d.<\/em><\/span><\/p>\n<p style=\"text-align: left;\"><span style=\"color: #000000;\">Kur qindra militant\u00eb t\u00eb armatosur t\u00eb Hamasit thyen sistemin e siguris\u00eb t\u00eb Izraelit dhe sulmuan vendbanimet izraelite, forcat e siguris\u00eb s\u00eb Izraelit u zun\u00eb n\u00eb befasi. Rreth 1,400 njer\u00ebz u vran\u00eb para se ushtar\u00ebt t\u00eb mb\u00ebrrinin n\u00eb vendin e ngjarjes. Lufta ka l\u00ebn\u00eb mbi 9,000 palestinez\u00eb t\u00eb vrar\u00eb, sipas zyrtar\u00ebve sh\u00ebndet\u00ebsor\u00eb palestinez\u00eb, dhe ka shkat\u00ebrruar shum\u00eb pjes\u00eb t\u00eb Gaz\u00ebs.<\/span><\/p>\n<p style=\"text-align: left;\"><span style=\"color: #000000;\">Sulmi ka shembur edhe besimin e gjer\u00eb q\u00eb kishte ushtria, sh\u00ebrbimet e zbulimit dhe udh\u00ebheq\u00ebsit politik, se Hamasi nuk ishte i interesuar p\u00ebr nj\u00eb konflikt t\u00eb ri dhe se fuqia ushtarake e Izraelit mund ta parandalonte grupin militant.<\/span><\/p>\n<p style=\"text-align: left;\"><span style=\"color: #000000;\">Udh\u00ebheq\u00ebsit kryesor\u00eb t\u00eb siguris\u00eb n\u00eb Izrael, p\u00ebrfshir\u00eb shefin e shtabit, ministrin e mbrojtjes dhe kreun e agjencis\u00eb s\u00eb brendshme t\u00eb zbulimit t\u00eb njohur si \u201cShin Bet\u201d, mor\u00ebn p\u00ebrgjegj\u00ebsi p\u00ebr gabimin trashanik disa dit\u00eb pas sulmit.<\/span><\/p>\n<p style=\"text-align: left;\"><span style=\"color: #000000;\">Megjithat\u00eb, zoti Netanyahu nuk ka marr\u00eb p\u00ebrgjegj\u00ebsi p\u00ebr gabimet q\u00eb \u00e7uan deri tek sulmi i p\u00ebrgjaksh\u00ebm, pavar\u00ebsisht faktit se ka sh\u00ebrbyer si kryeminist\u00ebr, n\u00eb 13 nga 14 vitet e fundit. Ai thot\u00eb se ka koh\u00eb p\u00ebr hetime \u2013 pas luft\u00ebs.<\/span><\/p>\n<p style=\"text-align: left;\"><span style=\"color: #000000;\"><em>\u201cKy d\u00ebshtim do t\u00eb hetohet. T\u00eb gjith\u00eb do t\u00eb duhet t\u00eb p\u00ebrgjigjen, sikurse edhe un\u00eb\u201d,<\/em> deklaroi zoti Netanyahu dy jav\u00eb pas sulmit. Por ai ka hedhur posht\u00eb kritikat dhe ka kund\u00ebrshtuar thirrjet p\u00ebr dor\u00ebheqje, shkruan <strong><span style=\"color: #0000ff;\"><a style=\"color: #0000ff;\" href=\"https:\/\/www.zeriamerikes.com\/a\/7339199.html\">VOA.<\/a><\/span><\/strong><\/span><\/p>\n<p style=\"text-align: left;\"><span style=\"color: #000000;\"><em>\u201cE vetmja gj\u00eb q\u00eb synoj t\u00eb largoj \u00ebsht\u00eb Hamasi. Do ta hedhim at\u00eb n\u00eb koshin e historis\u00eb\u201d,<\/em> u tha ai gazetar\u00ebve jav\u00ebn e kaluar. \u201c<em>Kjo \u00ebsht\u00eb p\u00ebrgjegj\u00ebsia ime\u201d,<\/em> shtoi ai.<\/span><\/p>\n<p style=\"text-align: left;\"><span style=\"color: #000000;\">Zoti Netanyahu, nj\u00eb figur\u00eb polarizuese n\u00eb Izrael, po kritikohet edhe p\u00ebr m\u00ebnyr\u00ebn se si po i kund\u00ebrp\u00ebrgjigjet kriz\u00ebs.<\/span><\/p>\n<p style=\"text-align: left;\"><span style=\"color: #000000;\">Ai akuzohet se ka d\u00ebshtuar t\u00eb unifikoj\u00eb vendin p\u00ebrmes ndonj\u00eb fjalimi shpres\u00ebdh\u00ebn\u00ebs apo ndonj\u00eb gjesti t\u00eb ngjash\u00ebm. Shum\u00eb izraelit\u00eb kan\u00eb marr\u00eb si shembull q\u00ebndrimin e Presidentit amerikan Joe Biden, q\u00eb vizitoi Izraelin n\u00eb dit\u00ebt e para pas sulmit, duke th\u00ebn\u00eb se e p\u00ebrmbushi m\u00eb mir\u00eb at\u00eb rol.<\/span><\/p>\n<p style=\"text-align: left;\"><span style=\"color: #000000;\">Zoti Netanyahu \u00ebsht\u00eb kritikuar se i ka vizituar von\u00eb familjet e mbi 240 pengjeve q\u00eb besohet se jan\u00eb rr\u00ebmbyer nga Hamasi, shumica e t\u00eb cil\u00ebve me prirje liberale, q\u00eb nuk votojn\u00eb p\u00ebr zotin Netanyahu. Ekonomia po del nga kontrolli dhe izraelit\u00ebt po ankohen p\u00ebr nd\u00ebrhyrjen e ngadalshme t\u00eb qeveris\u00eb p\u00ebr t\u2019u dal\u00eb n\u00eb ndihm\u00eb 250,000 izraelit\u00ebve t\u00eb zhvendosur.<\/span><\/p>\n<p style=\"text-align: left;\"><span style=\"color: #000000;\">Por kritika m\u00eb e madhe i erdhi gjat\u00eb fundjav\u00ebs nga Benny Gantz, partneri i koalicionit, pasi zoti Netanyahu faj\u00ebsoi drejtuesit e sektorit t\u00eb siguris\u00eb p\u00ebrmes rrjeteve sociale, se nuk e kishin paralajm\u00ebruar p\u00ebr q\u00ebllimet e Hamasit dhe se e kishin k\u00ebshilluar q\u00eb grupi militant ishte parandaluar.<\/span><\/p>\n<p style=\"text-align: left;\"><span style=\"color: #000000;\"><em>\u201cGjat\u00eb luft\u00ebs, udh\u00ebheq\u00ebsit duhet t\u00eb veprojn\u00eb me p\u00ebrgjegj\u00ebsi\u201d,<\/em> tha zoti Gantz n\u00eb nj\u00eb postim n\u00eb platform\u00ebn X.<\/span><\/p>\n<p style=\"text-align: left;\"><span style=\"color: #000000;\">Kryeministri Netanyahu e t\u00ebrhoqi deklarat\u00ebn dhe m\u00eb von\u00eb k\u00ebrkoi falje.<\/span><\/p>\n<p style=\"text-align: left;\"><span style=\"color: #000000;\">Por kritik\u00ebt thon\u00eb se d\u00ebmi u shkaktua. Hulumtuesi Idit Shafran Gittleman n\u00eb Institutin p\u00ebr Studime mbi Sigurin\u00eb Komb\u00ebtare tha se komenti i kryeministrit Netanyahu n\u00eb rrjetet sociale erdhi n\u00eb koh\u00ebn kur besimi n\u00eb sh\u00ebrbimet izraelite t\u00eb siguris\u00eb gjendet n\u00eb pik\u00ebn m\u00eb t\u00eb ul\u00ebt.<\/span><\/p>\n<p style=\"text-align: left;\"><span style=\"color: #000000;\"><em>\u201c\u00cbsht\u00eb e d\u00ebmshme p\u00ebr udh\u00ebheq\u00ebsit e sektorit t\u00eb siguris\u00eb dhe gjithashtu d\u00ebmton besimin e ushtar\u00ebve n\u00eb terren\u201d<\/em>, t\u00eb cil\u00ebt e shohin kryeministrit e tyre t\u00eb p\u00ebrqendruar n\u00eb gj\u00ebra t\u00eb tjera dhe jo tek fitorja.<\/span><\/p>\n<p style=\"text-align: left;\"><span style=\"color: #000000;\">P\u00ebrplasjet e kryeministrit Netanyahu me udh\u00ebheq\u00ebsit e sektorit t\u00eb siguris\u00eb nuk jan\u00eb risi dhe ato datojn\u00eb q\u00eb kur filluan tensionet rreth reform\u00ebs s\u00eb kontestuar t\u00eb drejt\u00ebsis\u00eb n\u00eb Izrael.<\/span><\/p>\n<p style=\"text-align: left;\"><span style=\"color: #000000;\">Aleat\u00ebt e zotit Netanyahu dhe baza e tij elektorale thon\u00eb se ai po kritikohet padrejt\u00ebsisht nga t\u00eb nj\u00ebjtat personalitete n\u00eb media dhe n\u00eb publik q\u00eb e kan\u00eb kund\u00ebrshtuar p\u00ebr nj\u00eb koh\u00eb t\u00eb gjat\u00eb.<\/span><\/p>\n<p style=\"text-align: left;\"><span style=\"color: #000000;\"><em>\u201cOse duhet t\u00eb presim nj\u00eb hetim q\u00eb do t\u00eb p\u00ebrcaktoj\u00eb fajin dhe t\u00eb p\u00ebrqendrohemi n\u00eb fitoren ndaj Hamasit ose t\u00eb fillojm\u00eb ta faj\u00ebsojm\u00eb nj\u00ebri-tjetrin, por edhe Netanyahu ka t\u00eb drejt\u00eb t\u00eb p\u00ebrgjigje<\/em>t\u201d, shkruante gazetari Shimon Riklin, qe njihet p\u00ebr af\u00ebrsin\u00eb e tij me zotin Netanyahu.<\/span><\/p>\n<p style=\"text-align: left;\"><span style=\"color: #000000;\">Anketat tregojn\u00eb se p\u00ebrkrahja p\u00ebr partin\u00eb politike Likud t\u00eb Netanyahut ka p\u00ebsuar r\u00ebnie, nd\u00ebrkoh\u00eb q\u00eb publiku e konsideron at\u00eb shum\u00eb m\u00eb pak t\u00eb p\u00ebrshtatsh\u00ebm p\u00ebr t\u00eb qeverisur se kund\u00ebrshtarin e tij kryesor zotin Gantz. Po t\u00eb mbahen zgjedhjet sot, koalicioni i zotit Netanyahu nuk do ta kishte as p\u00ebr s\u00eb af\u00ebrmi p\u00ebrkrahjen q\u00eb i duhet p\u00ebr t\u00eb qeverisur.<\/span><\/p>\n<p style=\"text-align: left;\"><span style=\"color: #000000;\">Ish gjenerali ushtarak Noam Tibon, i cili kishte kritikuar reform\u00ebn e gjyq\u00ebsorit dhe q\u00eb shp\u00ebtoi djalin dhe familjen e tij nga sulmi i Hamasit, tha se vendit i duhet unitet p\u00ebr ta fituar luft\u00ebn, por akuzoi zotin Netanyahu se po mbillte ndasi.<\/span><\/p>\n<p style=\"text-align: left;\"><span style=\"color: #000000;\"><em>\u201c\u00c7do izraelit duhet t\u00eb pyes\u00eb veten: \u201cA beson se Netanyahu mund ta \u00e7oj\u00eb Izraelin drejt fitores n\u00eb k\u00ebt\u00eb luft\u00eb?<\/em><\/span><\/p>\n","protected":false,"gt_translate_keys":[{"key":"rendered","format":"html"}]},"excerpt":{"rendered":"<p>Pas sulmit t\u00eb tmerrsh\u00ebm, q\u00eb sh\u00ebnoi dit\u00ebn m\u00eb t\u00eb p\u00ebrgjakshme n\u00eb historin\u00eb 75 vje\u00e7are t\u00eb shtetit t\u00eb Izraelit, zoti Netanyahu vazhdimisht ka shmangur p\u00ebrgjegj\u00ebsin\u00eb. Ai ka faj\u00ebsuar t\u00eb tjer\u00ebt dhe kritik\u00ebt thon\u00eb se kjo d\u00ebshmon se ai \u00ebsht\u00eb nj\u00eb udh\u00ebheq\u00ebs i preokupuar m\u00eb shum\u00eb p\u00ebr mbijetes\u00ebn e tij politike, sesa p\u00ebr t\u00eb udh\u00ebhequr dhe ngush\u00eblluar [&hellip;]<\/p>\n","protected":false,"gt_translate_keys":[{"key":"rendered","format":"html"}]},"author":4,"featured_media":627875,"comment_status":"closed","ping_status":"closed","sticky":false,"template":"","format":"standard","meta":{"footnotes":""},"categories":[6],"tags":[],"class_list":["post-628736","post","type-post","status-publish","format-standard","has-post-thumbnail","hentry","category-nderkombetare"],"gt_translate_keys":[{"key":"link","format":"url"}],"_links":{"self":[{"href":"https:\/\/www.hashtag.al\/index.php\/wp-json\/wp\/v2\/posts\/628736","targetHints":{"allow":["GET"]}}],"collection":[{"href":"https:\/\/www.hashtag.al\/index.php\/wp-json\/wp\/v2\/posts"}],"about":[{"href":"https:\/\/www.hashtag.al\/index.php\/wp-json\/wp\/v2\/types\/post"}],"author":[{"embeddable":true,"href":"https:\/\/www.hashtag.al\/index.php\/wp-json\/wp\/v2\/users\/4"}],"replies":[{"embeddable":true,"href":"https:\/\/www.hashtag.al\/index.php\/wp-json\/wp\/v2\/comments?post=628736"}],"version-history":[{"count":0,"href":"https:\/\/www.hashtag.al\/index.php\/wp-json\/wp\/v2\/posts\/628736\/revisions"}],"wp:featuredmedia":[{"embeddable":true,"href":"https:\/\/www.hashtag.al\/index.php\/wp-json\/wp\/v2\/media\/627875"}],"wp:attachment":[{"href":"https:\/\/www.hashtag.al\/index.php\/wp-json\/wp\/v2\/media?parent=628736"}],"wp:term":[{"taxonomy":"category","embeddable":true,"href":"https:\/\/www.hashtag.al\/index.php\/wp-json\/wp\/v2\/categories?post=628736"},{"taxonomy":"post_tag","embeddable":true,"href":"https:\/\/www.hashtag.al\/index.php\/wp-json\/wp\/v2\/tags?post=628736"}],"curies":[{"name":"wp","href":"https:\/\/api.w.org\/{rel}","templated":true}]}}