{"id":628643,"date":"2023-11-02T15:01:57","date_gmt":"2023-11-02T14:01:57","guid":{"rendered":"https:\/\/www.hashtag.al\/?p=628643"},"modified":"2023-11-02T15:01:57","modified_gmt":"2023-11-02T14:01:57","slug":"gardiste-te-armatosur-ne-kuvend-garda-e-republikes-reagon-pas-akuzave-te-opozites","status":"publish","type":"post","link":"https:\/\/www.hashtag.al\/index.php\/2023\/11\/02\/gardiste-te-armatosur-ne-kuvend-garda-e-republikes-reagon-pas-akuzave-te-opozites\/","title":{"rendered":"\u201cGardist\u00eb t\u00eb armatosur n\u00eb Kuvend\u201d, Garda e Republik\u00ebs reagon pas akuzave t\u00eb opozit\u00ebs","gt_translate_keys":[{"key":"rendered","format":"text"}]},"content":{"rendered":"<p><span style=\"color: #000000;\"><a style=\"color: #000000;\" href=\"https:\/\/www.hashtag.al\/wp-content\/uploads\/2023\/11\/salianji-tymuese-ia-hedhin-768x673-1.jpg\"><img loading=\"lazy\" decoding=\"async\" class=\"aligncenter size-full wp-image-628644\" src=\"https:\/\/www.hashtag.al\/wp-content\/uploads\/2023\/11\/salianji-tymuese-ia-hedhin-768x673-1.jpg\" alt=\"\" width=\"768\" height=\"673\" srcset=\"https:\/\/www.hashtag.al\/wp-content\/uploads\/2023\/11\/salianji-tymuese-ia-hedhin-768x673-1.jpg 768w, https:\/\/www.hashtag.al\/wp-content\/uploads\/2023\/11\/salianji-tymuese-ia-hedhin-768x673-1-300x263.jpg 300w\" sizes=\"auto, (max-width: 768px) 100vw, 768px\" \/><\/a><\/span><\/p>\n<p><span style=\"color: #000000;\">Garda e Republik\u00ebs reagon pas akuzave t\u00eb opozit\u00ebs se n\u00eb Kuvend kishte gardist\u00eb t\u00eb armatosur, ku e mohoi k\u00ebt\u00eb fakt.<\/span><\/p>\n<p><span style=\"color: #000000;\">Sipas Gard\u00ebs, asnj\u00eb prej punonj\u00ebsve t\u00eb saj nuk ka qen\u00eb i pajisur me arm\u00eb zjarri brenda sall\u00ebs s\u00eb Kuvendit.<\/span><\/p>\n<p>&nbsp;<\/p>\n<p><span style=\"color: #000000;\">REAGIMI<\/span><\/p>\n<p><span style=\"color: #000000;\"><em>Lidhur me pretendimin e disa deputet\u00ebve t\u00eb opozit\u00ebs, se punonj\u00ebs t\u00eb Gard\u00ebs n\u00eb seanc\u00ebn parlamentare kan\u00eb qen\u00eb me arm\u00eb n\u00eb sall\u00eb, Garda e Republik\u00ebs sqaron se:<\/em><\/span><\/p>\n<p><span style=\"color: #000000;\"><em>Ky pretendim \u00ebsht\u00eb t\u00ebr\u00ebsisht i pa v\u00ebrtet\u00eb.<\/em><\/span><\/p>\n<p><span style=\"color: #000000;\"><em>Asnj\u00eb prej punonj\u00ebsve t\u00eb Gard\u00ebs s\u00eb Republik\u00ebs, si\u00e7 parashikon baza ligjore n\u00eb fuqi, nuk ka qen\u00eb i pajisur me arm\u00eb zjarri brenda sall\u00ebs ku zhvillohen punimet.<\/em><\/span><\/p>\n<p><span style=\"color: #000000;\"><em>Garda e Republik\u00ebs mbetet e vendosur t\u00eb ushtroj\u00eb gjith\u00eb p\u00ebrgjegj\u00ebsit\u00eb dhe detyrat e ngarkuara, n\u00eb funksion t\u00eb garantimit t\u00eb ligjit.<\/em><\/span><\/p>\n","protected":false,"gt_translate_keys":[{"key":"rendered","format":"html"}]},"excerpt":{"rendered":"<p>Garda e Republik\u00ebs reagon pas akuzave t\u00eb opozit\u00ebs se n\u00eb Kuvend kishte gardist\u00eb t\u00eb armatosur, ku e mohoi k\u00ebt\u00eb fakt. Sipas Gard\u00ebs, asnj\u00eb prej punonj\u00ebsve t\u00eb saj nuk ka qen\u00eb i pajisur me arm\u00eb zjarri brenda sall\u00ebs s\u00eb Kuvendit. &nbsp; REAGIMI Lidhur me pretendimin e disa deputet\u00ebve t\u00eb opozit\u00ebs, se punonj\u00ebs t\u00eb Gard\u00ebs n\u00eb seanc\u00ebn [&hellip;]<\/p>\n","protected":false,"gt_translate_keys":[{"key":"rendered","format":"html"}]},"author":30,"featured_media":628644,"comment_status":"closed","ping_status":"closed","sticky":false,"template":"","format":"standard","meta":{"footnotes":""},"categories":[65],"tags":[],"class_list":["post-628643","post","type-post","status-publish","format-standard","has-post-thumbnail","hentry","category-lajme"],"gt_translate_keys":[{"key":"link","format":"url"}],"_links":{"self":[{"href":"https:\/\/www.hashtag.al\/index.php\/wp-json\/wp\/v2\/posts\/628643","targetHints":{"allow":["GET"]}}],"collection":[{"href":"https:\/\/www.hashtag.al\/index.php\/wp-json\/wp\/v2\/posts"}],"about":[{"href":"https:\/\/www.hashtag.al\/index.php\/wp-json\/wp\/v2\/types\/post"}],"author":[{"embeddable":true,"href":"https:\/\/www.hashtag.al\/index.php\/wp-json\/wp\/v2\/users\/30"}],"replies":[{"embeddable":true,"href":"https:\/\/www.hashtag.al\/index.php\/wp-json\/wp\/v2\/comments?post=628643"}],"version-history":[{"count":0,"href":"https:\/\/www.hashtag.al\/index.php\/wp-json\/wp\/v2\/posts\/628643\/revisions"}],"wp:featuredmedia":[{"embeddable":true,"href":"https:\/\/www.hashtag.al\/index.php\/wp-json\/wp\/v2\/media\/628644"}],"wp:attachment":[{"href":"https:\/\/www.hashtag.al\/index.php\/wp-json\/wp\/v2\/media?parent=628643"}],"wp:term":[{"taxonomy":"category","embeddable":true,"href":"https:\/\/www.hashtag.al\/index.php\/wp-json\/wp\/v2\/categories?post=628643"},{"taxonomy":"post_tag","embeddable":true,"href":"https:\/\/www.hashtag.al\/index.php\/wp-json\/wp\/v2\/tags?post=628643"}],"curies":[{"name":"wp","href":"https:\/\/api.w.org\/{rel}","templated":true}]}}