{"id":628094,"date":"2023-10-31T15:05:44","date_gmt":"2023-10-31T14:05:44","guid":{"rendered":"https:\/\/www.hashtag.al\/?p=628094"},"modified":"2023-10-31T15:05:44","modified_gmt":"2023-10-31T14:05:44","slug":"bardhi-pas-mbledhjes-spranojme-provokime-nga-ps-nuk-do-kete-seance-normale","status":"publish","type":"post","link":"https:\/\/www.hashtag.al\/index.php\/2023\/10\/31\/bardhi-pas-mbledhjes-spranojme-provokime-nga-ps-nuk-do-kete-seance-normale\/","title":{"rendered":"Bardhi pas mbledhjes: S\u2019pranojm\u00eb provokime nga PS, nuk do ket\u00eb seanc\u00eb normale","gt_translate_keys":[{"key":"rendered","format":"text"}]},"content":{"rendered":"<p><span style=\"color: #000000;\"><a href=\"https:\/\/www.hashtag.al\/wp-content\/uploads\/2023\/10\/bardhi-gazmend.jpg\"><img loading=\"lazy\" decoding=\"async\" class=\"aligncenter size-full wp-image-628095\" src=\"https:\/\/www.hashtag.al\/wp-content\/uploads\/2023\/10\/bardhi-gazmend.jpg\" alt=\"\" width=\"968\" height=\"548\" srcset=\"https:\/\/www.hashtag.al\/wp-content\/uploads\/2023\/10\/bardhi-gazmend.jpg 968w, https:\/\/www.hashtag.al\/wp-content\/uploads\/2023\/10\/bardhi-gazmend-300x170.jpg 300w, https:\/\/www.hashtag.al\/wp-content\/uploads\/2023\/10\/bardhi-gazmend-768x435.jpg 768w\" sizes=\"auto, (max-width: 968px) 100vw, 968px\" \/><\/a><\/span><\/p>\n<p><span style=\"color: #000000;\">Edhe Gazmend Bardhi ka folur p\u00ebr mediat pas mbarimit t\u00eb mbledhjes s\u00eb zhvilluar sot me Sali Berish\u00ebn dhe deputet\u00ebt e opozit\u00ebs.<\/span><\/p>\n<p><span style=\"color: #000000;\">Bardhi tha se nuk do t\u00eb t\u00ebrhiqen nga k\u00ebrkesat p\u00ebr ngritjen e tre komisioneve hetimore, nd\u00ebrsa sa i takon zhvillimeve t\u00eb fundit n\u00eb Parlament, ai tha se nuk do t\u00eb pranojn\u00eb provokime.<\/span><\/p>\n<p><span style=\"color: #000000;\">Sipas tij n\u00ebse do t\u00eb provokohen do t\u00eb p\u00ebrgjigjen, teksa shton se nuk do t\u00eb ket\u00eb seanc\u00eb normale n\u00ebse nuk vendosen t\u00eb drejtat e deputet\u00ebve t\u00eb opozit\u00ebs n\u00eb vend. Ai tha se do t\u00eb p\u00ebrgjigjen \u201cme \u00e7do \u00e7mim\u201d.<\/span><\/p>\n<p><span style=\"color: #000000;\"><em>\u201cKomisionet hetimore, 45 deputet\u00eb t\u00eb opozit\u00ebs kan\u00eb depozituar k\u00ebrkes\u00ebn n\u00eb Kuvend p\u00ebr ngritjen e 3 komisioneve. P\u00ebrb\u00ebrja e Komisionet t\u00eb Reform\u00ebs Zgjedhore, prioritet p\u00ebr PD dhe mazhoranca duhet t\u00eb heq\u00eb do t\u00eb p\u00ebr diktimin se kush do jen\u00eb p\u00ebrfaq\u00ebsuesit e PD. Edhe dje, kreu i grupit t\u00eb PS g\u00ebnjeu se propozimi i emrave t\u00eb an\u00ebtar\u00ebve \u00ebsht\u00eb \u00e7\u00ebshtje e partive politike. Kam k\u00ebtu shkres\u00ebn sesi jan\u00eb caktuar an\u00ebtar\u00ebt aktual\u00eb t\u00eb Komisionit t\u00eb Reform\u00ebs Zgjedhore. Nikolla duhet t\u00eb heq\u00eb dor\u00eb nga trajtimi i vetes si specialiste e protokolleve t\u00eb Bash\u00ebs. Nuk pranojm\u00eb provokime nga PS, nuk do ket\u00eb seanc\u00eb normale\u201d,<\/em> tha ai.<\/span><\/p>\n<p><span style=\"color: #000000;\">Sa i takon k\u00ebrkes\u00ebs s\u00eb PS p\u00ebr p\u00ebrjashtimin e 7 deputet\u00ebve nga Kuvendi, ai tha se nuk do t\u2019i njohin k\u00ebto masa, duke i cil\u00ebsuar si arbitrare.<\/span><\/p>\n<p><span style=\"color: #000000;\">\u201c<em>Nuk njohim p\u00ebrjashtime arbitrare, jan\u00eb nj\u00eb tjet\u00ebr hap p\u00ebr t\u2019i mohuar t\u00eb drejtat deputet\u00ebve t\u00eb opozit\u00ebs, shenj\u00eb arrogance. T\u00eb heqin dor\u00eb nga aktet e provokimit t\u00eb opozit\u00ebs. Po na nxisin drejt akteve ekstreme\u201d,<\/em> tha ai.<\/span><\/p>\n","protected":false,"gt_translate_keys":[{"key":"rendered","format":"html"}]},"excerpt":{"rendered":"<p>Edhe Gazmend Bardhi ka folur p\u00ebr mediat pas mbarimit t\u00eb mbledhjes s\u00eb zhvilluar sot me Sali Berish\u00ebn dhe deputet\u00ebt e opozit\u00ebs. Bardhi tha se nuk do t\u00eb t\u00ebrhiqen nga k\u00ebrkesat p\u00ebr ngritjen e tre komisioneve hetimore, nd\u00ebrsa sa i takon zhvillimeve t\u00eb fundit n\u00eb Parlament, ai tha se nuk do t\u00eb pranojn\u00eb provokime. Sipas tij [&hellip;]<\/p>\n","protected":false,"gt_translate_keys":[{"key":"rendered","format":"html"}]},"author":30,"featured_media":628095,"comment_status":"closed","ping_status":"closed","sticky":false,"template":"","format":"standard","meta":{"footnotes":""},"categories":[65],"tags":[],"class_list":["post-628094","post","type-post","status-publish","format-standard","has-post-thumbnail","hentry","category-lajme"],"gt_translate_keys":[{"key":"link","format":"url"}],"_links":{"self":[{"href":"https:\/\/www.hashtag.al\/index.php\/wp-json\/wp\/v2\/posts\/628094","targetHints":{"allow":["GET"]}}],"collection":[{"href":"https:\/\/www.hashtag.al\/index.php\/wp-json\/wp\/v2\/posts"}],"about":[{"href":"https:\/\/www.hashtag.al\/index.php\/wp-json\/wp\/v2\/types\/post"}],"author":[{"embeddable":true,"href":"https:\/\/www.hashtag.al\/index.php\/wp-json\/wp\/v2\/users\/30"}],"replies":[{"embeddable":true,"href":"https:\/\/www.hashtag.al\/index.php\/wp-json\/wp\/v2\/comments?post=628094"}],"version-history":[{"count":0,"href":"https:\/\/www.hashtag.al\/index.php\/wp-json\/wp\/v2\/posts\/628094\/revisions"}],"wp:featuredmedia":[{"embeddable":true,"href":"https:\/\/www.hashtag.al\/index.php\/wp-json\/wp\/v2\/media\/628095"}],"wp:attachment":[{"href":"https:\/\/www.hashtag.al\/index.php\/wp-json\/wp\/v2\/media?parent=628094"}],"wp:term":[{"taxonomy":"category","embeddable":true,"href":"https:\/\/www.hashtag.al\/index.php\/wp-json\/wp\/v2\/categories?post=628094"},{"taxonomy":"post_tag","embeddable":true,"href":"https:\/\/www.hashtag.al\/index.php\/wp-json\/wp\/v2\/tags?post=628094"}],"curies":[{"name":"wp","href":"https:\/\/api.w.org\/{rel}","templated":true}]}}