{"id":628029,"date":"2023-10-31T11:50:15","date_gmt":"2023-10-31T10:50:15","guid":{"rendered":"https:\/\/www.hashtag.al\/?p=628029"},"modified":"2023-10-31T11:50:15","modified_gmt":"2023-10-31T10:50:15","slug":"korce-makina-perplas-per-vdekje-nje-14-vjecare","status":"publish","type":"post","link":"https:\/\/www.hashtag.al\/index.php\/2023\/10\/31\/korce-makina-perplas-per-vdekje-nje-14-vjecare\/","title":{"rendered":"Kor\u00e7\u00eb, makina p\u00ebrplas p\u00ebr vdekje nj\u00eb 14-vje\u00e7are","gt_translate_keys":[{"key":"rendered","format":"text"}]},"content":{"rendered":"<p><img loading=\"lazy\" decoding=\"async\" class=\"alignnone  wp-image-628030\" src=\"https:\/\/www.hashtag.al\/wp-content\/uploads\/2023\/10\/75757575757.jpg\" alt=\"\" width=\"997\" height=\"583\" srcset=\"https:\/\/www.hashtag.al\/wp-content\/uploads\/2023\/10\/75757575757.jpg 913w, https:\/\/www.hashtag.al\/wp-content\/uploads\/2023\/10\/75757575757-300x175.jpg 300w, https:\/\/www.hashtag.al\/wp-content\/uploads\/2023\/10\/75757575757-768x449.jpg 768w, https:\/\/www.hashtag.al\/wp-content\/uploads\/2023\/10\/75757575757-250x145.jpg 250w\" sizes=\"auto, (max-width: 997px) 100vw, 997px\" \/><\/p>\n<p><span style=\"font-weight: 400; color: #000000;\">Nj\u00eb aksident i r\u00ebnd\u00eb ka ndodhur dit\u00ebn e sotm\u00eb n\u00eb or\u00ebn 11:00 n\u00eb Maliq, ku si pasoj\u00eb nj\u00eb e mitur ka humbur jet\u00ebn.<\/span><\/p>\n<p><span style=\"color: #000000;\"><i><span style=\"font-weight: 400;\">Policia b\u00ebn me dije se rreth or\u00ebs 11:00, n\u00eb aksin rrugor \u201cKor\u00e7\u00eb-Bilisht\u201d, pran\u00eb kryq\u00ebzimit t\u00eb fshatit Z\u00ebmblak, Maliq, automjeti tip \u201cOpel\u201d me drejtues shtetasin I. K., ka p\u00ebrplasur nj\u00eb shtetase 14-vje\u00e7are, k\u00ebmb\u00ebsore n\u00eb rrug\u00eb, e cila p\u00ebr pasoj\u00eb ka humbur jet\u00ebn.<\/span><\/i><\/span><\/p>\n<p><span style=\"color: #000000;\"><i><span style=\"font-weight: 400;\">M\u00eb drejtuesin e automjetit po kryhen veprimet e m\u00ebtejshme procedurale. Grupi hetimor po punon p\u00ebr sqarimin e rrethanave t\u00eb aksidentit, <\/span><\/i><span style=\"font-weight: 400;\">njofton policia.<\/span><\/span><\/p>\n","protected":false,"gt_translate_keys":[{"key":"rendered","format":"html"}]},"excerpt":{"rendered":"<p>Nj\u00eb aksident i r\u00ebnd\u00eb ka ndodhur dit\u00ebn e sotm\u00eb n\u00eb or\u00ebn 11:00 n\u00eb Maliq, ku si pasoj\u00eb nj\u00eb e mitur ka humbur jet\u00ebn. Policia b\u00ebn me dije se rreth or\u00ebs 11:00, n\u00eb aksin rrugor \u201cKor\u00e7\u00eb-Bilisht\u201d, pran\u00eb kryq\u00ebzimit t\u00eb fshatit Z\u00ebmblak, Maliq, automjeti tip \u201cOpel\u201d me drejtues shtetasin I. K., ka p\u00ebrplasur nj\u00eb shtetase 14-vje\u00e7are, k\u00ebmb\u00ebsore [&hellip;]<\/p>\n","protected":false,"gt_translate_keys":[{"key":"rendered","format":"html"}]},"author":4,"featured_media":628030,"comment_status":"closed","ping_status":"closed","sticky":false,"template":"","format":"standard","meta":{"footnotes":""},"categories":[65],"tags":[],"class_list":["post-628029","post","type-post","status-publish","format-standard","has-post-thumbnail","hentry","category-lajme"],"gt_translate_keys":[{"key":"link","format":"url"}],"_links":{"self":[{"href":"https:\/\/www.hashtag.al\/index.php\/wp-json\/wp\/v2\/posts\/628029","targetHints":{"allow":["GET"]}}],"collection":[{"href":"https:\/\/www.hashtag.al\/index.php\/wp-json\/wp\/v2\/posts"}],"about":[{"href":"https:\/\/www.hashtag.al\/index.php\/wp-json\/wp\/v2\/types\/post"}],"author":[{"embeddable":true,"href":"https:\/\/www.hashtag.al\/index.php\/wp-json\/wp\/v2\/users\/4"}],"replies":[{"embeddable":true,"href":"https:\/\/www.hashtag.al\/index.php\/wp-json\/wp\/v2\/comments?post=628029"}],"version-history":[{"count":0,"href":"https:\/\/www.hashtag.al\/index.php\/wp-json\/wp\/v2\/posts\/628029\/revisions"}],"wp:featuredmedia":[{"embeddable":true,"href":"https:\/\/www.hashtag.al\/index.php\/wp-json\/wp\/v2\/media\/628030"}],"wp:attachment":[{"href":"https:\/\/www.hashtag.al\/index.php\/wp-json\/wp\/v2\/media?parent=628029"}],"wp:term":[{"taxonomy":"category","embeddable":true,"href":"https:\/\/www.hashtag.al\/index.php\/wp-json\/wp\/v2\/categories?post=628029"},{"taxonomy":"post_tag","embeddable":true,"href":"https:\/\/www.hashtag.al\/index.php\/wp-json\/wp\/v2\/tags?post=628029"}],"curies":[{"name":"wp","href":"https:\/\/api.w.org\/{rel}","templated":true}]}}