{"id":628024,"date":"2023-10-31T11:44:18","date_gmt":"2023-10-31T10:44:18","guid":{"rendered":"https:\/\/www.hashtag.al\/?p=628024"},"modified":"2023-10-31T11:59:06","modified_gmt":"2023-10-31T10:59:06","slug":"meta-si-druhem-thirrje-ne-spak-per-prokuroret-qe-sillen-si-vartes-te-rames-e-agacit-ska-duartrokitje","status":"publish","type":"post","link":"https:\/\/www.hashtag.al\/index.php\/2023\/10\/31\/meta-si-druhem-thirrje-ne-spak-per-prokuroret-qe-sillen-si-vartes-te-rames-e-agacit-ska-duartrokitje\/","title":{"rendered":"Meta: S\u2019i druhem thirrjes n\u00eb SPAK, p\u00ebr prokuror\u00ebt q\u00eb sillen si vart\u00ebs t\u00eb Ram\u00ebs e Aga\u00e7it s&#8217;ka duartrokitje","gt_translate_keys":[{"key":"rendered","format":"text"}]},"content":{"rendered":"<p><img loading=\"lazy\" decoding=\"async\" class=\"aligncenter size-full wp-image-628025\" src=\"https:\/\/www.hashtag.al\/wp-content\/uploads\/2023\/10\/meta-2.jpg\" alt=\"\" width=\"780\" height=\"440\" srcset=\"https:\/\/www.hashtag.al\/wp-content\/uploads\/2023\/10\/meta-2.jpg 780w, https:\/\/www.hashtag.al\/wp-content\/uploads\/2023\/10\/meta-2-300x169.jpg 300w, https:\/\/www.hashtag.al\/wp-content\/uploads\/2023\/10\/meta-2-768x433.jpg 768w\" sizes=\"auto, (max-width: 780px) 100vw, 780px\" \/><\/p>\n<p><span style=\"color: #000000;\">Kreu i Partis\u00eb s\u00eb Liris\u00eb, Meta, tha sot se nuk i druhet aspak nj\u00eb thirrjeje nga SPAK. <\/span><\/p>\n<p><span style=\"color: #000000;\">I pyetur nga gazetar\u00ebt ai tha se i gatsh\u00ebm t\u00eb paraqitet sa her\u00eb q\u00eb thirret dhe se nuk e shqet\u00ebsone\u00a0 kaluara e tij.<\/span><\/p>\n<p><span style=\"color: #000000;\"> Me jo pak ironi, ai tha se nuk firmosur \u2019f\u00ebt e f\u00ebt\u2019 asgj\u00eb dhe se sado q\u00eb Rama po p\u00ebrdor drejt\u00ebsin\u00eb, ai nuk druhet aspak.<\/span><\/p>\n<p><span style=\"color: #000000;\"><em>&#8220;Nuk p\u00ebrb\u00ebn lajm q\u00eb Ilir Meta shkon n\u00eb SPAK. Do t\u00eb jem gjithmon\u00eb i hapur. Nuk kam firmosur f\u00ebt e f\u00ebt. Sado q\u00eb t\u00eb p\u00ebrpiqet Edi Rama t\u00eb p\u00ebrdor\u00eb drejt\u00ebsin\u00eb, modeli i Ilir Met\u00ebs do jet\u00eb gjat\u00eb. Un\u00eb nuk i druhem askujt. Nuk i jam druar as n\u00eb t\u00eb kaluar\u00ebn, as sot e as n\u00eb t\u00eb ardhmen.&#8221;<\/em> &#8211; tha Meta.<\/span><\/p>\n<p><span style=\"color: #000000;\">M\u00eb tej ai theksoi se nuk e sulmon aspak SPAK, duke shtuar se prokuror\u00ebt q\u00eb shkelin Kushtetut\u00ebn nuk mund t\u00eb presin duartrokitje.<\/span><\/p>\n<p><span style=\"color: #000000;\"><em>&#8220;Duhet t\u2019iu them me bindje se duhet t\u00eb ruajm\u00eb kujtes\u00ebn q\u00eb t\u00eb jemi koherent. Kujtes\u00eb \u00ebsht\u00eb kjo q\u00eb reforma u miratua me 140 vota, kam qen\u00eb kryetar i parlamentit. Reforma u shnd\u00ebrruar n\u00eb Ramaform\u00eb, \u00e7do gj\u00eb u b\u00eb m\u00eb pas n\u00eb kund\u00ebrshti me Kushtetut\u00ebn. Prokurori i P\u00ebrgjithsh\u00ebm u z\u00ebvend\u00ebsua me 69 vota, n\u00eb m\u00ebnyr\u00ebn m\u00eb anti-kushtetuese. S\u2019dua t\u00eb mbaj nj\u00eb q\u00ebndrim n\u00eb bllok ndaj SPAK. Rreforma u b\u00eb q\u00eb t\u2019i jepte sa m\u00eb shum\u00eb pavar\u00ebsi prokuror\u00ebve n\u00eb \u00e7\u00ebshtjet e tyre q\u00eb t\u00eb ndikoheshin sa m\u00eb pak nga drejtuesit e k\u00ebtij sistemi. N\u00eb k\u00ebt\u00eb rast mendoj se \u00e7do gjykim duhet b\u00ebr\u00eb mbi \u00e7\u00ebshtje konkrete, raste konkrete dhe se si respektohet Kushtetua, ligji dhe se si ecet para n\u00eb \u00e7\u00ebshtje t\u00eb caktuara. Mb\u00ebshtetjen m\u00eb t\u00eb plot\u00eb p\u00ebr t\u00eb gjith\u00eb ata q\u00eb zbatojn\u00eb ligjit, i rezistojn\u00eb presioneve politike, apo t\u00eb bot\u00ebs s\u00eb krimit. T\u00eb gjith\u00eb ata q\u00eb respektojn\u00eb Kushtetut\u00ebn dhe ligjin. P\u00ebr t\u00eb gjith\u00eb ata q\u00eb sillen si vart\u00ebs t\u00eb Ram\u00ebs, apo Aga\u00e7it, si vart\u00ebs t\u00eb element\u00ebve t\u00eb tjer\u00eb t\u00eb PS, t\u00eb mos presin duartrokitje as kur shkelin Kushtetut\u00ebn, as kur p\u00ebrdoren jo p\u00ebr t\u00eb nd\u00ebshkuar korrupsionin, por p\u00ebr t\u00eb asgj\u00ebsuar opozitarizmin, pluralizmin politik dhe p\u00ebr t\u00eb garantuar pand\u00ebshkueshm\u00ebrin\u00eb e Ram\u00ebs dhe Veliaj.&#8221;<\/em> &#8211; shtoi Meta.<\/span><\/p>\n","protected":false,"gt_translate_keys":[{"key":"rendered","format":"html"}]},"excerpt":{"rendered":"<p>Kreu i Partis\u00eb s\u00eb Liris\u00eb, Meta, tha sot se nuk i druhet aspak nj\u00eb thirrjeje nga SPAK. I pyetur nga gazetar\u00ebt ai tha se i gatsh\u00ebm t\u00eb paraqitet sa her\u00eb q\u00eb thirret dhe se nuk e shqet\u00ebsone\u00a0 kaluara e tij. Me jo pak ironi, ai tha se nuk firmosur \u2019f\u00ebt e f\u00ebt\u2019 asgj\u00eb dhe se [&hellip;]<\/p>\n","protected":false,"gt_translate_keys":[{"key":"rendered","format":"html"}]},"author":51,"featured_media":628025,"comment_status":"closed","ping_status":"closed","sticky":false,"template":"","format":"standard","meta":{"footnotes":""},"categories":[65],"tags":[],"class_list":["post-628024","post","type-post","status-publish","format-standard","has-post-thumbnail","hentry","category-lajme"],"gt_translate_keys":[{"key":"link","format":"url"}],"_links":{"self":[{"href":"https:\/\/www.hashtag.al\/index.php\/wp-json\/wp\/v2\/posts\/628024","targetHints":{"allow":["GET"]}}],"collection":[{"href":"https:\/\/www.hashtag.al\/index.php\/wp-json\/wp\/v2\/posts"}],"about":[{"href":"https:\/\/www.hashtag.al\/index.php\/wp-json\/wp\/v2\/types\/post"}],"author":[{"embeddable":true,"href":"https:\/\/www.hashtag.al\/index.php\/wp-json\/wp\/v2\/users\/51"}],"replies":[{"embeddable":true,"href":"https:\/\/www.hashtag.al\/index.php\/wp-json\/wp\/v2\/comments?post=628024"}],"version-history":[{"count":0,"href":"https:\/\/www.hashtag.al\/index.php\/wp-json\/wp\/v2\/posts\/628024\/revisions"}],"wp:featuredmedia":[{"embeddable":true,"href":"https:\/\/www.hashtag.al\/index.php\/wp-json\/wp\/v2\/media\/628025"}],"wp:attachment":[{"href":"https:\/\/www.hashtag.al\/index.php\/wp-json\/wp\/v2\/media?parent=628024"}],"wp:term":[{"taxonomy":"category","embeddable":true,"href":"https:\/\/www.hashtag.al\/index.php\/wp-json\/wp\/v2\/categories?post=628024"},{"taxonomy":"post_tag","embeddable":true,"href":"https:\/\/www.hashtag.al\/index.php\/wp-json\/wp\/v2\/tags?post=628024"}],"curies":[{"name":"wp","href":"https:\/\/api.w.org\/{rel}","templated":true}]}}