{"id":627961,"date":"2023-10-31T09:06:59","date_gmt":"2023-10-31T08:06:59","guid":{"rendered":"https:\/\/www.hashtag.al\/?p=627961"},"modified":"2023-10-31T09:06:59","modified_gmt":"2023-10-31T08:06:59","slug":"zgjidhet-qeveria-e-re-e-malit-te-zi-milojko-spajic-kryeminister","status":"publish","type":"post","link":"https:\/\/www.hashtag.al\/index.php\/2023\/10\/31\/zgjidhet-qeveria-e-re-e-malit-te-zi-milojko-spajic-kryeminister\/","title":{"rendered":"Zgjidhet Qeveria e re e Malit t\u00eb Zi, Milojko Spaji\u00e7 kryeminist\u00ebr","gt_translate_keys":[{"key":"rendered","format":"text"}]},"content":{"rendered":"<p><img loading=\"lazy\" decoding=\"async\" class=\"alignnone  wp-image-627962\" src=\"https:\/\/www.hashtag.al\/wp-content\/uploads\/2023\/10\/640-0-1698736625xqeveria-malazeze-256.jpg\" alt=\"\" width=\"990\" height=\"557\" srcset=\"https:\/\/www.hashtag.al\/wp-content\/uploads\/2023\/10\/640-0-1698736625xqeveria-malazeze-256.jpg 640w, https:\/\/www.hashtag.al\/wp-content\/uploads\/2023\/10\/640-0-1698736625xqeveria-malazeze-256-300x169.jpg 300w\" sizes=\"auto, (max-width: 990px) 100vw, 990px\" \/><span style=\"font-weight: 400; color: #000000;\">Kuvendi i Malit t\u00eb Zi, m\u00ebngjesin e 31 tetorit zgjodhi Qeverin\u00eb e kryeministrit Millojko Spaji\u00e7, pas seanc\u00ebs plenare q\u00eb zgjati t\u00ebr\u00eb nat\u00ebn.<\/span><\/p>\n<p><span style=\"font-weight: 400; color: #000000;\">Qeveria mori mb\u00ebshtetjen e 46 deputet\u00ebve nga partia e Spajiqit, L\u00ebvizja Evropa Tani, nga partia pro-ruse Fronti Demokratik q\u00eb \u00ebsht\u00eb shp\u00ebrb\u00ebr\u00eb s\u00eb fundi, Demokrat\u00ebt, Partia Popullore Socialiste dhe partit\u00eb shqiptare.<\/span><\/p>\n<p><span style=\"font-weight: 400; color: #000000;\">T\u00eb gjitha k\u00ebto parti do t\u00eb udh\u00ebheqin ministri n\u00eb Qeverin\u00eb e re, p\u00ebrve\u00e7 partis\u00eb Fronti Demokratik, subjekt q\u00eb sipas marr\u00ebveshjes me Spajiqin, do t\u00eb hyj\u00eb n\u00eb Qeveri pas nj\u00eb viti. Ekzekutivi do t\u00eb ket\u00eb 18 ministri dhe pes\u00eb z\u00ebvend\u00ebskryeministra.<\/span><\/p>\n<p><span style=\"font-weight: 400; color: #000000;\">P\u00ebr zgjedhjen e Qeveris\u00eb, 19 deputet\u00eb opozitar\u00eb votuan kund\u00ebr, nj\u00eb abstenoi dhe pes\u00eb deputet\u00eb munguan n\u00eb seanc\u00eb gjat\u00eb votimit.<\/span><\/p>\n<p><span style=\"font-weight: 400; color: #000000;\">Qeveria e re e Malit t\u00eb Zi i jep fund udh\u00ebheqjes s\u00eb ekzekutivit me mandat teknik t\u00eb Dritan Abazovi\u00e7it, Qeveria e s\u00eb cilit u rr\u00ebzua p\u00ebrmes nj\u00eb mocioni t\u00eb mosbesimit n\u00eb gusht t\u00eb vitit 2022.<\/span><\/p>\n<p><span style=\"font-weight: 400; color: #000000;\">Gjat\u00eb adresimit para deputet\u00ebve, Spaji\u00e7 tha se \u201can\u00ebtar\u00ebsimi n\u00eb plot\u00eb\u201d n\u00eb Bashkimi Evropian, an\u00ebtar\u00ebsimi \u201caktiv dhe i besuesh\u00ebm\u201d n\u00eb NATO, p\u00ebrmir\u00ebsimi i lidhjeve rajonale dhe marrja e nj\u00eb roli m\u00eb aktiv n\u00eb organizatat multilaterale do t\u00eb jen\u00eb kat\u00ebr prioritetet kryesore t\u00eb ekzekutivit t\u00eb tij.<\/span><\/p>\n<p><span style=\"font-weight: 400; color: #000000;\">Koalicioni i qendr\u00ebs Evropa Tani fitoi zgjedhjet e parakohshme parlamentare t\u00eb mbajtura n\u00eb qershor, por nuk arriti t\u00eb fitonte mjaftuesh\u00ebm sa t\u00eb krijonte vet\u00eb Qeverin\u00eb.<\/span><\/p>\n<p><span style=\"font-weight: 400; color: #000000;\">Votimi i Qeveris\u00eb s\u00eb Malit t\u00eb Zi vjen pasi aleanca pro-serbe dhe pro-ruse P\u00ebr nj\u00eb Mal t\u00eb Zi m\u00eb t\u00eb mir\u00eb, q\u00eb udh\u00ebhiqet nga Andrija Mandi\u00e7, u pajtua t\u00eb mb\u00ebshteste zgjedhjen e Spaji\u00e7it, n\u00eb k\u00ebmbim q\u00eb Mandiq t\u00eb zgjidhej kryetar i Parlamentit.<\/span><\/p>\n<p><span style=\"font-weight: 400; color: #000000;\">Gjat\u00eb fushat\u00ebs zgjedhore, Mandi\u00e7 ka b\u00ebr\u00eb thirrje p\u00ebr raporte m\u00eb t\u00eb ngushta me Rusin\u00eb, ka kritikuar an\u00ebtar\u00ebsimin e Malit t\u00eb Zi n\u00eb NATO dhe ka folur kund\u00ebr referendumit t\u00eb vitit 2006 q\u00eb \u00e7oi n\u00eb shk\u00ebputjen e shtetit nga Serbia.<\/span><\/p>\n<p><span style=\"font-weight: 400; color: #000000;\">Pasi u zgjodh kryeparlamentar, Mandi\u00e7 u zotua p\u00ebr pun\u00eb drejt tejkalimit t\u00eb ndasive. Kritik\u00ebt than\u00eb th\u00ebn\u00eb se zgjedhja e tij n\u00eb postin e kryeparlamentarit do t\u00eb pengoj\u00eb ambiciet e shtetit p\u00ebr an\u00ebtar\u00ebsim n\u00eb BE.<\/span><\/p>\n<p><span style=\"font-weight: 400; color: #000000;\">Mali i Zi i \u00ebsht\u00eb bashkuar NATO-s m\u00eb 2007 dhe po punon drejt an\u00ebtar\u00ebsimit n\u00eb BE. Podgorica q\u00eb nga viti 2002 p\u00ebrdor euron si monedh\u00eb, edhe pse shteti nuk \u00ebsht\u00eb pjes\u00eb e eurozon\u00ebs.<\/span><\/p>\n<p><span style=\"font-weight: 400; color: #000000;\">Pas nisjes s\u00eb pushtimit rus t\u00eb Ukrain\u00ebs n\u00eb shkurt t\u00eb vitit 2022, Mali i Zi iu bashkua sanksioneve t\u00eb BE-s\u00eb kund\u00ebr Mosk\u00ebs, duke d\u00ebbuar disa diplomat\u00eb rus\u00eb dhe duke i ofruar ndihm\u00eb Kievit.<\/span><\/p>\n<p><span style=\"font-weight: 400; color: #000000;\">Moska e ka futur Malin e Zi n\u00eb list\u00ebn e \u201cshteteve jomiq\u00ebsore\u201d.<\/span><\/p>\n<p><span style=\"font-weight: 400; color: #000000;\">Presidentja e Komisionit Evropian, Ursula von der Leyen, pritet t\u00eb takohet me Spajiqin m\u00eb 31 tetor n\u00eb Podgoric\u00eb.<\/span><\/p>\n<p><span style=\"color: #000000;\"><span style=\"font-weight: 400;\"><span style=\"color: #ff0000;\">VINI RE:<\/span> Ky material \u00ebsht\u00eb pron\u00ebsi intelektuale e <\/span><span style=\"color: #3366ff;\"><a style=\"color: #3366ff;\" href=\"https:\/\/www.evropaelire.org\/a\/qeveria-e-re-mali-i-zi-\/32661837.html\"><span style=\"font-weight: 400;\">REL<\/span><\/a><\/span><span style=\"font-weight: 400;\">.<\/span><\/span><\/p>\n","protected":false,"gt_translate_keys":[{"key":"rendered","format":"html"}]},"excerpt":{"rendered":"<p>Kuvendi i Malit t\u00eb Zi, m\u00ebngjesin e 31 tetorit zgjodhi Qeverin\u00eb e kryeministrit Millojko Spaji\u00e7, pas seanc\u00ebs plenare q\u00eb zgjati t\u00ebr\u00eb nat\u00ebn. Qeveria mori mb\u00ebshtetjen e 46 deputet\u00ebve nga partia e Spajiqit, L\u00ebvizja Evropa Tani, nga partia pro-ruse Fronti Demokratik q\u00eb \u00ebsht\u00eb shp\u00ebrb\u00ebr\u00eb s\u00eb fundi, Demokrat\u00ebt, Partia Popullore Socialiste dhe partit\u00eb shqiptare. T\u00eb gjitha k\u00ebto [&hellip;]<\/p>\n","protected":false,"gt_translate_keys":[{"key":"rendered","format":"html"}]},"author":4,"featured_media":627962,"comment_status":"closed","ping_status":"closed","sticky":false,"template":"","format":"standard","meta":{"footnotes":""},"categories":[149],"tags":[],"class_list":["post-627961","post","type-post","status-publish","format-standard","has-post-thumbnail","hentry","category-kosoverajon"],"gt_translate_keys":[{"key":"link","format":"url"}],"_links":{"self":[{"href":"https:\/\/www.hashtag.al\/index.php\/wp-json\/wp\/v2\/posts\/627961","targetHints":{"allow":["GET"]}}],"collection":[{"href":"https:\/\/www.hashtag.al\/index.php\/wp-json\/wp\/v2\/posts"}],"about":[{"href":"https:\/\/www.hashtag.al\/index.php\/wp-json\/wp\/v2\/types\/post"}],"author":[{"embeddable":true,"href":"https:\/\/www.hashtag.al\/index.php\/wp-json\/wp\/v2\/users\/4"}],"replies":[{"embeddable":true,"href":"https:\/\/www.hashtag.al\/index.php\/wp-json\/wp\/v2\/comments?post=627961"}],"version-history":[{"count":0,"href":"https:\/\/www.hashtag.al\/index.php\/wp-json\/wp\/v2\/posts\/627961\/revisions"}],"wp:featuredmedia":[{"embeddable":true,"href":"https:\/\/www.hashtag.al\/index.php\/wp-json\/wp\/v2\/media\/627962"}],"wp:attachment":[{"href":"https:\/\/www.hashtag.al\/index.php\/wp-json\/wp\/v2\/media?parent=627961"}],"wp:term":[{"taxonomy":"category","embeddable":true,"href":"https:\/\/www.hashtag.al\/index.php\/wp-json\/wp\/v2\/categories?post=627961"},{"taxonomy":"post_tag","embeddable":true,"href":"https:\/\/www.hashtag.al\/index.php\/wp-json\/wp\/v2\/tags?post=627961"}],"curies":[{"name":"wp","href":"https:\/\/api.w.org\/{rel}","templated":true}]}}