{"id":627891,"date":"2023-10-30T20:47:48","date_gmt":"2023-10-30T19:47:48","guid":{"rendered":"https:\/\/www.hashtag.al\/?p=627891"},"modified":"2023-10-30T20:47:48","modified_gmt":"2023-10-30T19:47:48","slug":"qeveria-sebe-paraqet-propozimin-per-shperndarjen-e-kuvendit-dhe-shpalljen-e-zgjedhjeve","status":"publish","type":"post","link":"https:\/\/www.hashtag.al\/index.php\/2023\/10\/30\/qeveria-sebe-paraqet-propozimin-per-shperndarjen-e-kuvendit-dhe-shpalljen-e-zgjedhjeve\/","title":{"rendered":"Qeveria sebe paraqet propozimin p\u00ebr shp\u00ebrndarjen e Kuvendit dhe shpalljen e zgjedhjeve","gt_translate_keys":[{"key":"rendered","format":"text"}]},"content":{"rendered":"<p style=\"text-align: left;\"><span style=\"color: #000000;\"><img loading=\"lazy\" decoding=\"async\" class=\"size-full wp-image-627892 aligncenter\" src=\"https:\/\/www.hashtag.al\/wp-content\/uploads\/2023\/10\/677z381_Tan2023-10-2310550355_7-skupstina-srbije-vlada-izbori.jpg\" alt=\"\" width=\"677\" height=\"381\" srcset=\"https:\/\/www.hashtag.al\/wp-content\/uploads\/2023\/10\/677z381_Tan2023-10-2310550355_7-skupstina-srbije-vlada-izbori.jpg 677w, https:\/\/www.hashtag.al\/wp-content\/uploads\/2023\/10\/677z381_Tan2023-10-2310550355_7-skupstina-srbije-vlada-izbori-300x169.jpg 300w\" sizes=\"auto, (max-width: 677px) 100vw, 677px\" \/><\/span><\/p>\n<p style=\"text-align: left;\"><span style=\"color: #000000;\">Qeveria e Serbis\u00eb i ka d\u00ebrguar Presidentit t\u00eb Republik\u00ebs propozim t\u00eb arsyetuar p\u00ebr shp\u00ebrndarjen e Kuvendit Popullor dhe shpalljen e zgjedhjeve p\u00ebr deputet\u00eb.<\/span><\/p>\n<p style=\"text-align: left;\"><span style=\"color: #000000;\">Mbajtja e zgjedhjeve t\u00eb reja parlamentare n\u00eb rrethanat ekzistuese do t\u00eb siguronte nj\u00eb shkall\u00eb m\u00eb t\u00eb lart\u00eb t\u00eb demokracis\u00eb, duke reduktuar tensionet e krijuara midis opsioneve kund\u00ebrshtare n\u00eb shoq\u00ebri, duke refuzuar ekskluzivitetin dhe gjuh\u00ebn e urrejtjes dhe duke afirmuar t\u00eb drejt\u00ebn p\u00ebr t\u00eb shprehur lirisht mendime dhe pik\u00ebpamje p\u00ebr \u00e7\u00ebshtje t\u00eb caktuara politike, ekonomike dhe t\u00eb tjera. p\u00ebrfshir\u00eb edhe afirmimin e m\u00ebtejm\u00eb t\u00eb vlerave evropiane, njoftoi Qeveria e Serbis\u00eb, raporton\u00a0<span style=\"color: #0000ff;\"><strong><a style=\"color: #0000ff;\" href=\"https:\/\/www.politika.rs\/scc\/clanak\/581058\/Vlada-uputila-predlog-za-raspustanje-skupstine-i-raspisivanje-izbora\">Politika.rs<\/a>..<\/strong><\/span><\/span><\/p>\n<p style=\"text-align: left;\"><span style=\"color: #000000;\">N\u00eb propozimin p\u00ebr shp\u00ebrndarjen e parlamentit, nd\u00ebr t\u00eb tjera thuhet se koh\u00ebt e fundit ka pasur k\u00ebrkesa nga nj\u00eb pjes\u00eb e opinionit p\u00ebr shpalljen e zgjedhjeve t\u00eb reja, t\u00eb jasht\u00ebzakonshme p\u00ebr deputet\u00eb dhe se m\u00eb 11 shtator 2023, nj\u00eb pjes\u00eb e Partit\u00eb politike opozitare i paraqit\u00ebn nj\u00eb k\u00ebrkes\u00eb t\u00eb till\u00eb Presidentit t\u00eb Republik\u00ebs.\u00a0<\/span><\/p>\n<p style=\"text-align: left;\"><span style=\"color: #000000;\">Qeveria, duke u nisur n\u00eb radh\u00eb t\u00eb par\u00eb nga kjo k\u00ebrkes\u00eb, mbajti q\u00ebndrimin se zbatimi i procesit zgjedhor, si nj\u00eb nga postulatet baz\u00eb t\u00eb nj\u00eb shoq\u00ebrie demokratike, do t\u00eb ishte nj\u00eb mund\u00ebsi e mir\u00eb p\u00ebr t\u00eb rishikuar fuqin\u00eb politike t\u00eb argumenteve, performancave dhe planeve t\u00eb kaluara. t\u00eb gjith\u00eb aktor\u00ebt e sken\u00ebs politike dhe t&#8217;u mund\u00ebsohet qytetar\u00ebve t\u00eb shprehin lirisht vullnetin e tyre n\u00eb cilin drejtim duhet t\u00eb l\u00ebviz\u00eb Republika e Serbis\u00eb.<\/span><\/p>\n<p style=\"text-align: left;\"><span style=\"color: #000000;\">Qeveria e Serbis\u00eb n\u00eb seanc\u00eb ka marr\u00eb vendime edhe p\u00ebr shp\u00ebrndarjen e Kuvendit t\u00eb qytetit t\u00eb Beogradit dhe themelimin e Organit t\u00eb P\u00ebrkohsh\u00ebm t\u00eb Qytetit t\u00eb Beogradit dhe t\u00eb nj\u00ebjtat vendime jan\u00eb marr\u00eb edhe p\u00ebr 64 qytete t\u00eb tjera dhe pushtete lokale n\u00eb Serbi.<\/span><\/p>\n","protected":false,"gt_translate_keys":[{"key":"rendered","format":"html"}]},"excerpt":{"rendered":"<p>Qeveria e Serbis\u00eb i ka d\u00ebrguar Presidentit t\u00eb Republik\u00ebs propozim t\u00eb arsyetuar p\u00ebr shp\u00ebrndarjen e Kuvendit Popullor dhe shpalljen e zgjedhjeve p\u00ebr deputet\u00eb. Mbajtja e zgjedhjeve t\u00eb reja parlamentare n\u00eb rrethanat ekzistuese do t\u00eb siguronte nj\u00eb shkall\u00eb m\u00eb t\u00eb lart\u00eb t\u00eb demokracis\u00eb, duke reduktuar tensionet e krijuara midis opsioneve kund\u00ebrshtare n\u00eb shoq\u00ebri, duke refuzuar ekskluzivitetin [&hellip;]<\/p>\n","protected":false,"gt_translate_keys":[{"key":"rendered","format":"html"}]},"author":4,"featured_media":627892,"comment_status":"closed","ping_status":"closed","sticky":false,"template":"","format":"standard","meta":{"footnotes":""},"categories":[6],"tags":[],"class_list":["post-627891","post","type-post","status-publish","format-standard","has-post-thumbnail","hentry","category-nderkombetare"],"gt_translate_keys":[{"key":"link","format":"url"}],"_links":{"self":[{"href":"https:\/\/www.hashtag.al\/index.php\/wp-json\/wp\/v2\/posts\/627891","targetHints":{"allow":["GET"]}}],"collection":[{"href":"https:\/\/www.hashtag.al\/index.php\/wp-json\/wp\/v2\/posts"}],"about":[{"href":"https:\/\/www.hashtag.al\/index.php\/wp-json\/wp\/v2\/types\/post"}],"author":[{"embeddable":true,"href":"https:\/\/www.hashtag.al\/index.php\/wp-json\/wp\/v2\/users\/4"}],"replies":[{"embeddable":true,"href":"https:\/\/www.hashtag.al\/index.php\/wp-json\/wp\/v2\/comments?post=627891"}],"version-history":[{"count":0,"href":"https:\/\/www.hashtag.al\/index.php\/wp-json\/wp\/v2\/posts\/627891\/revisions"}],"wp:featuredmedia":[{"embeddable":true,"href":"https:\/\/www.hashtag.al\/index.php\/wp-json\/wp\/v2\/media\/627892"}],"wp:attachment":[{"href":"https:\/\/www.hashtag.al\/index.php\/wp-json\/wp\/v2\/media?parent=627891"}],"wp:term":[{"taxonomy":"category","embeddable":true,"href":"https:\/\/www.hashtag.al\/index.php\/wp-json\/wp\/v2\/categories?post=627891"},{"taxonomy":"post_tag","embeddable":true,"href":"https:\/\/www.hashtag.al\/index.php\/wp-json\/wp\/v2\/tags?post=627891"}],"curies":[{"name":"wp","href":"https:\/\/api.w.org\/{rel}","templated":true}]}}