{"id":627868,"date":"2023-10-30T19:13:12","date_gmt":"2023-10-30T18:13:12","guid":{"rendered":"https:\/\/www.hashtag.al\/?p=627868"},"modified":"2023-10-30T19:13:12","modified_gmt":"2023-10-30T18:13:12","slug":"putinin-e-konsideron-si-presidentin-e-tij-dhe-i-afert-me-ideologjie-cetnike-kush-eshte-kreu-i-ri-i-parlamentit-malazez","status":"publish","type":"post","link":"https:\/\/www.hashtag.al\/index.php\/2023\/10\/30\/putinin-e-konsideron-si-presidentin-e-tij-dhe-i-afert-me-ideologjie-cetnike-kush-eshte-kreu-i-ri-i-parlamentit-malazez\/","title":{"rendered":"Putinin e konsideron si Presidentin e tij dhe i af\u00ebrt me ideologjie \u00e7etnike, kush \u00ebsht\u00eb kreu i ri i Parlamentit malazez","gt_translate_keys":[{"key":"rendered","format":"text"}]},"content":{"rendered":"<p><span style=\"color: #000000;\"><a href=\"https:\/\/www.hashtag.al\/wp-content\/uploads\/2023\/10\/Andrija-Mandic.jpeg\"><img loading=\"lazy\" decoding=\"async\" class=\"aligncenter size-full wp-image-627871\" src=\"https:\/\/www.hashtag.al\/wp-content\/uploads\/2023\/10\/Andrija-Mandic.jpeg\" alt=\"\" width=\"1200\" height=\"900\" srcset=\"https:\/\/www.hashtag.al\/wp-content\/uploads\/2023\/10\/Andrija-Mandic.jpeg 1200w, https:\/\/www.hashtag.al\/wp-content\/uploads\/2023\/10\/Andrija-Mandic-300x225.jpeg 300w, https:\/\/www.hashtag.al\/wp-content\/uploads\/2023\/10\/Andrija-Mandic-1024x768.jpeg 1024w, https:\/\/www.hashtag.al\/wp-content\/uploads\/2023\/10\/Andrija-Mandic-768x576.jpeg 768w\" sizes=\"auto, (max-width: 1200px) 100vw, 1200px\" \/><\/a><\/span><\/p>\n<p><span style=\"color: #000000;\">Andrija Mandiq \u00ebsht\u00eb kryetar i ri i Parlamentit t\u00eb Malit t\u00eb Zi dhe, nj\u00ebher\u00ebsh, an\u00ebtar i K\u00ebshillit p\u00ebr Mbrojtje dhe Siguri, i cili komandon Ushtrin\u00eb e Malit t\u00eb Zi.<\/span><\/p>\n<p><span style=\"color: #000000;\">Mandiqi e mori mb\u00ebshtetjen e 49 deputet\u00ebve t\u00eb shumic\u00ebs s\u00eb re parlamentare &#8211; koalicioni P\u00ebr Ardhm\u00ebrin\u00eb e Malit t\u00eb Zi (partia e ish-Frontit Demokratik), L\u00ebvizja Evropa Tani, Demokrat\u00ebt, Partia Popullore Socialiste pro-Serbe dhe dy parti shqiptare, gjat\u00eb votimit n\u00eb nj\u00eb seanc\u00eb t\u00eb Parlamentit malazez t\u00eb h\u00ebn\u00ebn pasdite.<\/span><\/p>\n<p><span style=\"color: #000000;\">Parlamenti malazez i ka 81 deputet\u00eb.<\/span><\/p>\n<p><span style=\"color: #000000;\">Deputet\u00ebt e Partis\u00eb Demokratike t\u00eb Socialist\u00ebve n\u00eb opozit\u00eb u larguan nga salla para votimit. Ata lidh\u00ebn nj\u00eb fjongo t\u00eb zez\u00eb n\u00eb mikrofon n\u00eb em\u00ebr t\u00eb, si\u00e7 than\u00eb, dit\u00ebs s\u00eb zez\u00eb p\u00ebr demokracin\u00eb n\u00eb Mal t\u00eb Zi.<\/span><\/p>\n<p><span style=\"color: #000000;\">Mandiqi \u00ebsht\u00eb udh\u00ebheq\u00ebs i Demokracis\u00eb s\u00eb Re Serbe &#8211; an\u00ebtare e Frontit Demokratik pro-serb dhe pro-rus (DF) &#8211; i cili s\u00eb voni \u00ebsht\u00eb riem\u00ebruar si koalicioni P\u00ebr Ardhm\u00ebrin\u00eb e Malit t\u00eb Zi.<\/span><\/p>\n<p><span style=\"color: #000000;\">Prioritete t\u00eb politik\u00ebs s\u00eb jashtme t\u00eb partis\u00eb s\u00eb Mandiqit jan\u00eb heqja e sanksioneve kund\u00ebr Rusis\u00eb dhe t\u00ebrheqja e njohjes s\u00eb pavar\u00ebsis\u00eb s\u00eb Kosov\u00ebs.<\/span><\/p>\n<p><span style=\"color: #000000;\">Ajo \u00ebsht\u00eb, po ashtu, kund\u00ebrshtare e an\u00ebtar\u00ebsis\u00eb s\u00eb Malit t\u00eb Zi n\u00eb NATO.<\/span><\/p>\n<p><span style=\"color: #000000;\">P\u00ebr shkak t\u00eb zgjedhjes s\u00eb Mandiqit, n\u00eb or\u00ebn 18:00 n\u00eb para Kuvendit filloi protesta e organizuar nga Forumi i Qytetar\u00ebve t\u00eb Lir\u00eb t\u00eb Lu\u00e7\u00ebs dhe partit\u00eb opozitare.<\/span><\/p>\n<p><span style=\"color: #000000;\">N\u00eb politik\u00ebn rajonale, Mandiq ka marr\u00ebdh\u00ebnie jasht\u00ebzakonisht t\u00eb ngushta me presidentin serb, Aleksandar Vu\u00e7iq, dhe me presidentin e Republik\u00ebs S\u00ebrpska n\u00eb Bosnje e Hercegovin\u00eb, Millorad Dodik.<\/span><\/p>\n<p><span style=\"color: #000000;\">Ai e mohon edhe gjenocidin n\u00eb Srebrenic\u00eb, ku forcat serbe t\u00eb Bosnj\u00ebs kan\u00eb vrar\u00eb mbi 8.000 burra dhe djem mysliman\u00eb gjat\u00eb luft\u00ebs s\u00eb viteve \u201990.<\/span><\/p>\n<p><span style=\"color: #000000;\">\u00cbsht\u00eb, gjithashtu, i af\u00ebrt me ideologjin\u00eb e l\u00ebvizjes \u00e7etnike, e cila ka bashk\u00ebpunuar me Gjermanin\u00eb hitleriane n\u00eb Luft\u00ebn e Dyt\u00eb Bot\u00ebrore.<\/span><\/p>\n<p><span style=\"color: #000000;\">Titullin simbolik t\u00eb duk\u00ebs \u00e7etnik e ka q\u00eb nga viti 2007.<\/span><\/p>\n<p><span style=\"color: #000000;\">Tash e dy dekada \u00ebsht\u00eb deputet n\u00eb Parlamentin e Malit t\u00eb Zi.<\/span><\/p>\n<p><span style=\"color: #000000;\">Ai u zgjodh me krye t\u00eb k\u00ebtij institucioni me &#8230; vota.<\/span><\/p>\n<p><span style=\"color: #000000;\">Zgjedhja e Mandiqit \u00ebsht\u00eb pjes\u00eb e nj\u00eb pakete m\u00eb t\u00eb gjer\u00eb t\u00eb ndarjes s\u00eb pushtetit.<\/span><\/p>\n<p><span style=\"color: #000000;\">Sipas marr\u00ebveshjes s\u00eb mandatarit p\u00ebr kryeminist\u00ebr, Millojko Spaijiq, me shumic\u00ebn e re, partit\u00eb e Frontit Demokratik do ta mb\u00ebshtesin Qeverin\u00eb e tij t\u00eb pakic\u00ebs n\u00eb Parlament dhe, n\u00eb fund t\u00eb vitit t\u00eb ardhsh\u00ebm, do t\u00eb b\u00ebhen zyrtarisht pjes\u00eb e saj.<\/span><\/p>\n<p><span style=\"color: #000000;\">Uashingtoni zyrtar ka paralajm\u00ebruar dhe shprehur disa her\u00eb shqet\u00ebsim se Qeveria e re p\u00ebrb\u00ebhet nga parti dhe lider\u00eb q\u00eb jan\u00eb aktivisht kund\u00ebr vlerave euroatlantike.<\/span><\/p>\n<p><span style=\"color: #000000;\">Q\u00ebndrim i ngjash\u00ebm \u00ebsht\u00eb shprehur n\u00eb disa raste edhe nga institucionet evropiane.<\/span><\/p>\n<p><span style=\"color: #000000;\"><strong>Mandiq e sheh Putinin si president t\u00eb tij<\/strong><\/span><\/p>\n<p><span style=\"color: #000000;\"><a href=\"https:\/\/www.hashtag.al\/wp-content\/uploads\/2023\/10\/mandiq-putini.png\"><img loading=\"lazy\" decoding=\"async\" class=\"aligncenter size-full wp-image-627872\" src=\"https:\/\/www.hashtag.al\/wp-content\/uploads\/2023\/10\/mandiq-putini.png\" alt=\"\" width=\"781\" height=\"563\" srcset=\"https:\/\/www.hashtag.al\/wp-content\/uploads\/2023\/10\/mandiq-putini.png 781w, https:\/\/www.hashtag.al\/wp-content\/uploads\/2023\/10\/mandiq-putini-300x216.png 300w, https:\/\/www.hashtag.al\/wp-content\/uploads\/2023\/10\/mandiq-putini-768x554.png 768w\" sizes=\"auto, (max-width: 781px) 100vw, 781px\" \/><\/a><\/span><\/p>\n<p><span style=\"color: #000000;\">N\u00eb vitin 2019, presidenti rus, Vladimir Putin, u takua n\u00eb Beograd me Andrija Mandiqin dhe nj\u00eb udh\u00ebheq\u00ebs tjet\u00ebr t\u00eb Frontit Demokratik, Millan Knezheviq, t\u00eb cil\u00ebt at\u00ebkoh\u00eb kan\u00eb qen\u00eb n\u00eb opozit\u00eb.<\/span><\/p>\n<p><span style=\"color: #000000;\">\u201cMandiq dhe Knezheviq ia kan\u00eb p\u00ebrcjell\u00eb presidentit t\u00eb Rusis\u00eb p\u00ebrsh\u00ebndetjet e popullit serb n\u00eb Mal t\u00eb Zi dhe kan\u00eb theksuar se shumica e Malit t\u00eb Zi e percepton at\u00eb si president t\u00eb vetin\u201d, ka th\u00ebn\u00eb at\u00ebkoh\u00eb Fronti Demokratik.<\/span><\/p>\n<p><span style=\"color: #000000;\">Sipas atij njoftimi, Putin u ka th\u00ebn\u00eb atyre se jan\u00eb \u201cheronj t\u00eb v\u00ebrtet\u00eb\u201d dhe se duhet \u201ct\u00eb durojn\u00eb\u201d.<\/span><\/p>\n<p><span style=\"color: #000000;\">Mandiq dhe Knezheviq jan\u00eb akuzuar se kan\u00eb planifikuar nj\u00eb \u201cgrushtshtet\u201d n\u00eb dit\u00ebn e zgjedhjeve n\u00eb Mal t\u00eb Zi, n\u00eb vitin 2016, s\u00eb bashku me an\u00ebtar\u00ebt e sh\u00ebrbimit rus, Eduard Shishmakov dhe Vladimir Popov, si dhe me tet\u00eb shtetas t\u00eb tjer\u00eb serb\u00eb.<\/span><\/p>\n<p><span style=\"color: #000000;\">Rasti \u00ebsht\u00eb lidhur me p\u00ebrpjekjet p\u00ebr ta penguar an\u00ebtar\u00ebsimin e Malit t\u00eb Zi n\u00eb NATO.<\/span><\/p>\n<p><span style=\"color: #000000;\">Me aktgjykimin e shkall\u00ebs s\u00eb par\u00eb, n\u00eb maj t\u00eb atij viti, ata jan\u00eb d\u00ebnuar me nga pes\u00eb vjet burgim.<\/span><\/p>\n<p><span style=\"color: #000000;\">Gjykata e Apelit e ka hedhur posht\u00eb vendimin dhe e ka \u00e7uar rastin n\u00eb gjykim t\u00eb ri.<\/span><\/p>\n<p><span style=\"color: #000000;\">Mandiq dhe Knezheviq i kan\u00eb mohuar akuzat, duke pretenduar se b\u00ebhet fjal\u00eb p\u00ebr nj\u00eb proces t\u00eb inskenuar politikisht.<\/span><\/p>\n<p><span style=\"color: #000000;\">Nj\u00eb burim nga administrata amerikane ka konfirmuar n\u00eb vitin 2022 se Fronti i tyre Demokratik \u00ebsht\u00eb financuar nga Rusia gjat\u00eb fushat\u00ebs zgjedhore n\u00eb vitin 2016.<\/span><\/p>\n<p><span style=\"color: #000000;\"><span style=\"color: #ff0000;\"><strong>VINI RE:<\/strong><\/span> Artikulli \u00ebsht\u00eb pron\u00eb intelektuale e <a href=\"https:\/\/www.evropaelire.org\/a\/mandiq-zgjidhet-kryetar-i-ri-i-parlamentit-te-malit-te-zi\/32659809.html\"><span style=\"color: #3366ff;\"><strong>REL<\/strong><\/span><\/a><\/span><\/p>\n<p>&nbsp;<\/p>\n","protected":false,"gt_translate_keys":[{"key":"rendered","format":"html"}]},"excerpt":{"rendered":"<p>Andrija Mandiq \u00ebsht\u00eb kryetar i ri i Parlamentit t\u00eb Malit t\u00eb Zi dhe, nj\u00ebher\u00ebsh, an\u00ebtar i K\u00ebshillit p\u00ebr Mbrojtje dhe Siguri, i cili komandon Ushtrin\u00eb e Malit t\u00eb Zi. Mandiqi e mori mb\u00ebshtetjen e 49 deputet\u00ebve t\u00eb shumic\u00ebs s\u00eb re parlamentare &#8211; koalicioni P\u00ebr Ardhm\u00ebrin\u00eb e Malit t\u00eb Zi (partia e ish-Frontit Demokratik), L\u00ebvizja Evropa [&hellip;]<\/p>\n","protected":false,"gt_translate_keys":[{"key":"rendered","format":"html"}]},"author":32,"featured_media":627871,"comment_status":"closed","ping_status":"closed","sticky":false,"template":"","format":"standard","meta":{"footnotes":""},"categories":[149,13],"tags":[],"class_list":["post-627868","post","type-post","status-publish","format-standard","has-post-thumbnail","hentry","category-kosoverajon","category-te-fundit"],"gt_translate_keys":[{"key":"link","format":"url"}],"_links":{"self":[{"href":"https:\/\/www.hashtag.al\/index.php\/wp-json\/wp\/v2\/posts\/627868","targetHints":{"allow":["GET"]}}],"collection":[{"href":"https:\/\/www.hashtag.al\/index.php\/wp-json\/wp\/v2\/posts"}],"about":[{"href":"https:\/\/www.hashtag.al\/index.php\/wp-json\/wp\/v2\/types\/post"}],"author":[{"embeddable":true,"href":"https:\/\/www.hashtag.al\/index.php\/wp-json\/wp\/v2\/users\/32"}],"replies":[{"embeddable":true,"href":"https:\/\/www.hashtag.al\/index.php\/wp-json\/wp\/v2\/comments?post=627868"}],"version-history":[{"count":0,"href":"https:\/\/www.hashtag.al\/index.php\/wp-json\/wp\/v2\/posts\/627868\/revisions"}],"wp:featuredmedia":[{"embeddable":true,"href":"https:\/\/www.hashtag.al\/index.php\/wp-json\/wp\/v2\/media\/627871"}],"wp:attachment":[{"href":"https:\/\/www.hashtag.al\/index.php\/wp-json\/wp\/v2\/media?parent=627868"}],"wp:term":[{"taxonomy":"category","embeddable":true,"href":"https:\/\/www.hashtag.al\/index.php\/wp-json\/wp\/v2\/categories?post=627868"},{"taxonomy":"post_tag","embeddable":true,"href":"https:\/\/www.hashtag.al\/index.php\/wp-json\/wp\/v2\/tags?post=627868"}],"curies":[{"name":"wp","href":"https:\/\/api.w.org\/{rel}","templated":true}]}}