{"id":627858,"date":"2023-10-30T18:43:24","date_gmt":"2023-10-30T17:43:24","guid":{"rendered":"https:\/\/www.hashtag.al\/?p=627858"},"modified":"2023-10-30T18:43:24","modified_gmt":"2023-10-30T17:43:24","slug":"kryemadhi-per-hetimin-ndaj-berishes-eshte-nje-i-perndjekur-politik","status":"publish","type":"post","link":"https:\/\/www.hashtag.al\/index.php\/2023\/10\/30\/kryemadhi-per-hetimin-ndaj-berishes-eshte-nje-i-perndjekur-politik\/","title":{"rendered":"Kryemadhi p\u00ebr hetimin ndaj Berish\u00ebs: \u00cbsht\u00eb nj\u00eb i p\u00ebrndjekur politik","gt_translate_keys":[{"key":"rendered","format":"text"}]},"content":{"rendered":"<p style=\"text-align: left;\"><span style=\"color: #000000;\"><img loading=\"lazy\" decoding=\"async\" class=\"size-full wp-image-627860 aligncenter\" src=\"https:\/\/www.hashtag.al\/wp-content\/uploads\/2023\/10\/WhatsApp-Image-2023-10-30-at-6.42.12-PM.jpeg\" alt=\"\" width=\"675\" height=\"304\" srcset=\"https:\/\/www.hashtag.al\/wp-content\/uploads\/2023\/10\/WhatsApp-Image-2023-10-30-at-6.42.12-PM.jpeg 675w, https:\/\/www.hashtag.al\/wp-content\/uploads\/2023\/10\/WhatsApp-Image-2023-10-30-at-6.42.12-PM-300x135.jpeg 300w\" sizes=\"auto, (max-width: 675px) 100vw, 675px\" \/><\/span><\/p>\n<p style=\"text-align: left;\"><span style=\"color: #000000;\">Deputetja e Partis\u00eb s\u00eb Liris\u00eb, Monidha Kryemadhi u pyet pas seanc\u00ebs plenare n\u00ebse ka pasur flet\u00ebthirrje nga Prokuroria e Posa\u00e7me, duke theksuar se ka shkuar n\u00eb dyert e SPAK p\u00ebr \u00e7\u00ebshtjen e incenerator\u00ebve.<\/span><\/p>\n<p style=\"text-align: left;\"><span style=\"color: #000000;\">I pyetur p\u00ebr akuza ndaj Sali Berish\u00ebs dhe bashk\u00ebshortit t\u00eb vajz\u00ebs s\u00eb tij n\u00eb lidhje me hetimin e privatizimit t\u00eb kompleksit Partizani, Kryemadhi e cil\u00ebsoi Jamarb\u00ebr Malltezin si t\u00eb burgosur politik nd\u00ebrsa Ish-kryeministrin Sali Berisha e cil\u00ebsoi si nj\u00eb t\u00eb p\u00ebrndjekur politik.<\/span><\/p>\n<p style=\"text-align: left;\"><em><span style=\"color: #000000;\">\u201cUn\u00eb kam pasur shum\u00eb flet\u00ebthirrje nga SPAK q\u00eb kan\u00eb lidhje me denoncimet p\u00ebr incenerator\u00ebt e Elbasanit dhe Fierit. S\u2019kam problem t\u00eb shkoj s\u00ebrish edhe p\u00ebr operacionet plastike pres t\u00eb m\u00eb th\u00ebrras\u00eb SPAK, s\u2019jam thirrur akoma dhe jam n\u00eb pritje!<\/span><\/em><\/p>\n<p style=\"text-align: left;\"><em><span style=\"color: #000000;\">\u00a0Jo nuk jam thirrur p\u00ebr lobimin.<\/span><\/em><\/p>\n<p style=\"text-align: left;\"><em><span style=\"color: #000000;\">P\u00ebr mua, Arb\u00ebr Malltezi \u00ebsht\u00eb i burgosur politik. Sali Berisha \u00ebsht\u00eb nj\u00eb i p\u00ebrndjekur politik. Ju e njihni Berluskonin. Ka pasur 475 \u00e7\u00ebshtje por nuk i ka hequr pasaport\u00ebn. Ajo q\u00eb un\u00eb theksoj \u00ebsht\u00eb q\u00eb loja politike q\u00eb p\u00ebrdoret p\u00ebr mua \u00ebsht\u00eb shum\u00eb e sh\u00ebmtuar dhe krijon terror. Jan\u00eb 16 pronar\u00eb dhe pse duhet t\u00eb arrestohet nj\u00ebri dhe jo t\u00eb 16-t\u00eb me logjik\u00eb?! K\u00ebtu \u00ebsht\u00eb problemi i mos funksionimit t\u00eb shtetit. Mua nuk m\u00eb shqet\u00ebson SPAK-u. \u00c7far\u00eb \u00ebsht\u00eb nj\u00eb prokuror? \u00cbsht\u00eb nj\u00eb n\u00ebpun\u00ebs. I paguan rrog\u00ebn Edi Rama q\u00eb i thot\u00eb t\u00eb heq\u00eb gruan nga puna, t\u00eb v\u00ebm\u00eb 10 polic\u00eb nga prapa.\u201d<\/span><\/em><\/p>\n","protected":false,"gt_translate_keys":[{"key":"rendered","format":"html"}]},"excerpt":{"rendered":"<p>Deputetja e Partis\u00eb s\u00eb Liris\u00eb, Monidha Kryemadhi u pyet pas seanc\u00ebs plenare n\u00ebse ka pasur flet\u00ebthirrje nga Prokuroria e Posa\u00e7me, duke theksuar se ka shkuar n\u00eb dyert e SPAK p\u00ebr \u00e7\u00ebshtjen e incenerator\u00ebve. I pyetur p\u00ebr akuza ndaj Sali Berish\u00ebs dhe bashk\u00ebshortit t\u00eb vajz\u00ebs s\u00eb tij n\u00eb lidhje me hetimin e privatizimit t\u00eb kompleksit Partizani, [&hellip;]<\/p>\n","protected":false,"gt_translate_keys":[{"key":"rendered","format":"html"}]},"author":4,"featured_media":627860,"comment_status":"closed","ping_status":"closed","sticky":false,"template":"","format":"standard","meta":{"footnotes":""},"categories":[65],"tags":[],"class_list":["post-627858","post","type-post","status-publish","format-standard","has-post-thumbnail","hentry","category-lajme"],"gt_translate_keys":[{"key":"link","format":"url"}],"_links":{"self":[{"href":"https:\/\/www.hashtag.al\/index.php\/wp-json\/wp\/v2\/posts\/627858","targetHints":{"allow":["GET"]}}],"collection":[{"href":"https:\/\/www.hashtag.al\/index.php\/wp-json\/wp\/v2\/posts"}],"about":[{"href":"https:\/\/www.hashtag.al\/index.php\/wp-json\/wp\/v2\/types\/post"}],"author":[{"embeddable":true,"href":"https:\/\/www.hashtag.al\/index.php\/wp-json\/wp\/v2\/users\/4"}],"replies":[{"embeddable":true,"href":"https:\/\/www.hashtag.al\/index.php\/wp-json\/wp\/v2\/comments?post=627858"}],"version-history":[{"count":0,"href":"https:\/\/www.hashtag.al\/index.php\/wp-json\/wp\/v2\/posts\/627858\/revisions"}],"wp:featuredmedia":[{"embeddable":true,"href":"https:\/\/www.hashtag.al\/index.php\/wp-json\/wp\/v2\/media\/627860"}],"wp:attachment":[{"href":"https:\/\/www.hashtag.al\/index.php\/wp-json\/wp\/v2\/media?parent=627858"}],"wp:term":[{"taxonomy":"category","embeddable":true,"href":"https:\/\/www.hashtag.al\/index.php\/wp-json\/wp\/v2\/categories?post=627858"},{"taxonomy":"post_tag","embeddable":true,"href":"https:\/\/www.hashtag.al\/index.php\/wp-json\/wp\/v2\/tags?post=627858"}],"curies":[{"name":"wp","href":"https:\/\/api.w.org\/{rel}","templated":true}]}}