{"id":627789,"date":"2023-10-30T16:00:41","date_gmt":"2023-10-30T15:00:41","guid":{"rendered":"https:\/\/www.hashtag.al\/?p=627789"},"modified":"2023-10-30T16:00:41","modified_gmt":"2023-10-30T15:00:41","slug":"vjosa-osmani-kerkon-statusin-e-vendit-kandidat-per-kosoven-ne-be","status":"publish","type":"post","link":"https:\/\/www.hashtag.al\/index.php\/2023\/10\/30\/vjosa-osmani-kerkon-statusin-e-vendit-kandidat-per-kosoven-ne-be\/","title":{"rendered":"Vjosa Osmani k\u00ebrkon statusin e vendit kandidat p\u00ebr Kosov\u00ebn n\u00eb BE","gt_translate_keys":[{"key":"rendered","format":"text"}]},"content":{"rendered":"<p><span style=\"color: #000000;\"><a href=\"https:\/\/www.hashtag.al\/wp-content\/uploads\/2023\/10\/1698673364_von.jpg\"><img loading=\"lazy\" decoding=\"async\" class=\"aligncenter size-full wp-image-627790\" src=\"https:\/\/www.hashtag.al\/wp-content\/uploads\/2023\/10\/1698673364_von.jpg\" alt=\"\" width=\"780\" height=\"440\" srcset=\"https:\/\/www.hashtag.al\/wp-content\/uploads\/2023\/10\/1698673364_von.jpg 780w, https:\/\/www.hashtag.al\/wp-content\/uploads\/2023\/10\/1698673364_von-300x169.jpg 300w, https:\/\/www.hashtag.al\/wp-content\/uploads\/2023\/10\/1698673364_von-768x433.jpg 768w\" sizes=\"auto, (max-width: 780px) 100vw, 780px\" \/><\/a><\/span><\/p>\n<p><span style=\"color: #000000;\">Presidentja e Kosov\u00ebs, Vjosa Osmani tha se me presidenten e Komisionit Europian, Ursula von der Leyen kishin diskutuar kryesisht p\u00ebr planin e ri t\u00eb rritjes p\u00ebr Ballkanin Europian.<\/span><\/p>\n<p><span style=\"color: #000000;\">Osmani tha n\u00eb nj\u00eb konferenc\u00eb t\u00eb p\u00ebrbashk\u00ebt p\u00ebr media se takimi i sot\u00ebm u fokusua n\u00eb planin e ri t\u00eb rritjes p\u00ebr Ballkanin Per\u00ebndimor, t\u00eb cilin e prezantoi presidentja von der Leyen, t\u00eb cilin e quajti hap t\u00eb r\u00ebnd\u00ebsish\u00ebm drejt integrimit ton\u00eb n\u00eb tregun e p\u00ebrbashk\u00ebt europian.<\/span><\/p>\n<p><span style=\"color: #000000;\"><em>\u201cKy plan parasheh mb\u00ebshtetjen e Bashkimit Europian n\u00ebp\u00ebrmjet rritjes s\u00eb asistenc\u00ebs financiare p\u00ebr reformat t\u00eb cilat duhet t\u00eb nd\u00ebrmerren n\u00eb procesin integrues\u201d,<\/em> tha presidentja.<\/span><\/p>\n<p><span style=\"color: #000000;\">Osmani k\u00ebrkoi gjithashtu edhe vendin e statusit kandidat p\u00ebr Kosov\u00ebn n\u00eb BE, n\u00eb nj\u00eb proces t\u00eb bazuar me merita.<\/span><\/p>\n<p><span style=\"color: #000000;\"><em>\u201cVitin e kaluar Bashkimi Evropian mori vendime t\u00eb r\u00ebnd\u00ebsishme duke i dh\u00ebn\u00eb statusin e vendit kandidat Ukrain\u00ebs, Moldavia dhe Bosnje e Hercegovina, k\u00ebto ishin vendim strategjike t\u00eb cilat rikonfirmuan p\u00ebrkushtimin e BE ndaj vendeve q\u00eb k\u00ebrkojn\u00eb an\u00ebtar\u00ebsim dhe i kund\u00ebrp\u00ebrgjigjen sifidimit ndaj regjimeve autoritare si\u00e7 \u00ebsht\u00eb i Putinit. \u00cbsht\u00eb e r\u00ebnd\u00ebsishme n\u00eb mbledhjen e dhjetorit t\u00eb K\u00ebshillit t\u00eb BE-s\u00eb, BE-ja t\u00eb avancoj\u00eb edhe statusin kandidat\u00a0 p\u00ebr Kosov\u00ebn gjithnj\u00eb n\u00eb nj\u00eb proces t\u00eb bazuar me merita\u201d,<\/em> tha Osmani.<\/span><\/p>\n","protected":false,"gt_translate_keys":[{"key":"rendered","format":"html"}]},"excerpt":{"rendered":"<p>Presidentja e Kosov\u00ebs, Vjosa Osmani tha se me presidenten e Komisionit Europian, Ursula von der Leyen kishin diskutuar kryesisht p\u00ebr planin e ri t\u00eb rritjes p\u00ebr Ballkanin Europian. Osmani tha n\u00eb nj\u00eb konferenc\u00eb t\u00eb p\u00ebrbashk\u00ebt p\u00ebr media se takimi i sot\u00ebm u fokusua n\u00eb planin e ri t\u00eb rritjes p\u00ebr Ballkanin Per\u00ebndimor, t\u00eb cilin e [&hellip;]<\/p>\n","protected":false,"gt_translate_keys":[{"key":"rendered","format":"html"}]},"author":30,"featured_media":627790,"comment_status":"closed","ping_status":"closed","sticky":false,"template":"","format":"standard","meta":{"footnotes":""},"categories":[149],"tags":[],"class_list":["post-627789","post","type-post","status-publish","format-standard","has-post-thumbnail","hentry","category-kosoverajon"],"gt_translate_keys":[{"key":"link","format":"url"}],"_links":{"self":[{"href":"https:\/\/www.hashtag.al\/index.php\/wp-json\/wp\/v2\/posts\/627789","targetHints":{"allow":["GET"]}}],"collection":[{"href":"https:\/\/www.hashtag.al\/index.php\/wp-json\/wp\/v2\/posts"}],"about":[{"href":"https:\/\/www.hashtag.al\/index.php\/wp-json\/wp\/v2\/types\/post"}],"author":[{"embeddable":true,"href":"https:\/\/www.hashtag.al\/index.php\/wp-json\/wp\/v2\/users\/30"}],"replies":[{"embeddable":true,"href":"https:\/\/www.hashtag.al\/index.php\/wp-json\/wp\/v2\/comments?post=627789"}],"version-history":[{"count":0,"href":"https:\/\/www.hashtag.al\/index.php\/wp-json\/wp\/v2\/posts\/627789\/revisions"}],"wp:featuredmedia":[{"embeddable":true,"href":"https:\/\/www.hashtag.al\/index.php\/wp-json\/wp\/v2\/media\/627790"}],"wp:attachment":[{"href":"https:\/\/www.hashtag.al\/index.php\/wp-json\/wp\/v2\/media?parent=627789"}],"wp:term":[{"taxonomy":"category","embeddable":true,"href":"https:\/\/www.hashtag.al\/index.php\/wp-json\/wp\/v2\/categories?post=627789"},{"taxonomy":"post_tag","embeddable":true,"href":"https:\/\/www.hashtag.al\/index.php\/wp-json\/wp\/v2\/tags?post=627789"}],"curies":[{"name":"wp","href":"https:\/\/api.w.org\/{rel}","templated":true}]}}