{"id":627476,"date":"2023-10-29T16:36:15","date_gmt":"2023-10-29T15:36:15","guid":{"rendered":"https:\/\/www.hashtag.al\/?p=627476"},"modified":"2023-10-29T16:36:15","modified_gmt":"2023-10-29T15:36:15","slug":"ministria-e-shendetesise-ne-gaze-numri-i-viktimave-ka-arritur-ne-mbi-8-000","status":"publish","type":"post","link":"https:\/\/www.hashtag.al\/index.php\/2023\/10\/29\/ministria-e-shendetesise-ne-gaze-numri-i-viktimave-ka-arritur-ne-mbi-8-000\/","title":{"rendered":"Ministria e Sh\u00ebndet\u00ebsis\u00eb n\u00eb Gaz\u00eb: Numri i viktimave ka arritur n\u00eb mbi 8.000","gt_translate_keys":[{"key":"rendered","format":"text"}]},"content":{"rendered":"<p style=\"text-align: left;\"><span style=\"color: #000000;\"><img loading=\"lazy\" decoding=\"async\" class=\"alignnone size-full wp-image-627477\" src=\"https:\/\/www.hashtag.al\/wp-content\/uploads\/2023\/10\/Screenshot-2023-10-29-160811.png\" alt=\"\" width=\"830\" height=\"437\" srcset=\"https:\/\/www.hashtag.al\/wp-content\/uploads\/2023\/10\/Screenshot-2023-10-29-160811.png 830w, https:\/\/www.hashtag.al\/wp-content\/uploads\/2023\/10\/Screenshot-2023-10-29-160811-300x158.png 300w, https:\/\/www.hashtag.al\/wp-content\/uploads\/2023\/10\/Screenshot-2023-10-29-160811-768x404.png 768w\" sizes=\"auto, (max-width: 830px) 100vw, 830px\" \/><\/span><\/p>\n<p style=\"text-align: left;\"><span style=\"color: #000000;\">Ministria e Sh\u00ebndet\u00ebsis\u00eb n\u00eb Gaz\u00ebn e udh\u00ebhequr nga Hamasi tha se numri i palestinez\u00ebve t\u00eb vrar\u00eb q\u00eb kur nisi lufta me Izraelin m\u00eb 7 tetor ka kaluar shifr\u00ebn prej 8.000.<\/span><\/p>\n<p style=\"text-align: left;\"><span style=\"color: #000000;\">Kjo ministri tha t\u00eb diel\u00ebn se numri i palestinez\u00ebve t\u00eb vrar\u00eb ka arritur n\u00eb 8.005, p\u00ebrfshir\u00eb mbi 3.300 t\u00eb mitur dhe mbi 2.000 gra.<\/span><\/p>\n<p style=\"text-align: left;\"><span style=\"color: #000000;\">Ministria e Sh\u00ebndet\u00ebsis\u00eb n\u00eb Gaz\u00eb \u00ebsht\u00eb pjes\u00eb e Qeveris\u00eb q\u00eb udh\u00ebhiqet nga Hamasi, por po ashtu p\u00ebrfshin mjek dhe sh\u00ebrbyes civil\u00eb q\u00eb nuk jan\u00eb t\u00eb lidhur me grupin.<\/span><\/p>\n<p style=\"text-align: left;\"><span style=\"color: #000000;\">Numri i viktimave q\u00eb nga nisja e luft\u00ebs, kalon numrin e viktimave q\u00eb jan\u00eb regjistruar nga Kombet e Bashkuara, madje edhe nga vler\u00ebsimet e Izraelit. Ministria e Sh\u00ebndet\u00ebsis\u00eb n\u00eb Gaz\u00eb jav\u00ebn e kaluar publikoi emrat dhe mosh\u00ebn e shumic\u00ebs s\u00eb viktimave t\u00eb regjistruara dhe tha se disa nga trupat e pajet\u00eb ende nuk jan\u00eb identifikuar, shkruan <a style=\"color: #000000;\" href=\"https:\/\/www.evropaelire.org\/a\/viktima-palestinezet-gaze-\/32658737.html\">REL<\/a>.<\/span><\/p>\n<p style=\"text-align: left;\"><span style=\"color: #000000;\">Mbi 1.400 persona jan\u00eb vrar\u00eb n\u00eb Izrael shumica civil\u00eb gjat\u00eb sulmit t\u00eb Hamasit n\u00eb Izrael m\u00eb 7 tetor.<\/span><br \/>\n<span style=\"color: #000000;\">Q\u00eb at\u00ebher\u00eb, Izraeli ka sulmuar nga toka, ajri dhe deti Rripin e Gaz\u00ebs, ku jetojn\u00eb 2.3 milion\u00eb palestinez\u00eb.<\/span><\/p>\n","protected":false,"gt_translate_keys":[{"key":"rendered","format":"html"}]},"excerpt":{"rendered":"<p>Ministria e Sh\u00ebndet\u00ebsis\u00eb n\u00eb Gaz\u00ebn e udh\u00ebhequr nga Hamasi tha se numri i palestinez\u00ebve t\u00eb vrar\u00eb q\u00eb kur nisi lufta me Izraelin m\u00eb 7 tetor ka kaluar shifr\u00ebn prej 8.000. Kjo ministri tha t\u00eb diel\u00ebn se numri i palestinez\u00ebve t\u00eb vrar\u00eb ka arritur n\u00eb 8.005, p\u00ebrfshir\u00eb mbi 3.300 t\u00eb mitur dhe mbi 2.000 gra. Ministria [&hellip;]<\/p>\n","protected":false,"gt_translate_keys":[{"key":"rendered","format":"html"}]},"author":4,"featured_media":627477,"comment_status":"closed","ping_status":"closed","sticky":false,"template":"","format":"standard","meta":{"footnotes":""},"categories":[53],"tags":[],"class_list":["post-627476","post","type-post","status-publish","format-standard","has-post-thumbnail","hentry","category-fast-foodi"],"gt_translate_keys":[{"key":"link","format":"url"}],"_links":{"self":[{"href":"https:\/\/www.hashtag.al\/index.php\/wp-json\/wp\/v2\/posts\/627476","targetHints":{"allow":["GET"]}}],"collection":[{"href":"https:\/\/www.hashtag.al\/index.php\/wp-json\/wp\/v2\/posts"}],"about":[{"href":"https:\/\/www.hashtag.al\/index.php\/wp-json\/wp\/v2\/types\/post"}],"author":[{"embeddable":true,"href":"https:\/\/www.hashtag.al\/index.php\/wp-json\/wp\/v2\/users\/4"}],"replies":[{"embeddable":true,"href":"https:\/\/www.hashtag.al\/index.php\/wp-json\/wp\/v2\/comments?post=627476"}],"version-history":[{"count":0,"href":"https:\/\/www.hashtag.al\/index.php\/wp-json\/wp\/v2\/posts\/627476\/revisions"}],"wp:featuredmedia":[{"embeddable":true,"href":"https:\/\/www.hashtag.al\/index.php\/wp-json\/wp\/v2\/media\/627477"}],"wp:attachment":[{"href":"https:\/\/www.hashtag.al\/index.php\/wp-json\/wp\/v2\/media?parent=627476"}],"wp:term":[{"taxonomy":"category","embeddable":true,"href":"https:\/\/www.hashtag.al\/index.php\/wp-json\/wp\/v2\/categories?post=627476"},{"taxonomy":"post_tag","embeddable":true,"href":"https:\/\/www.hashtag.al\/index.php\/wp-json\/wp\/v2\/tags?post=627476"}],"curies":[{"name":"wp","href":"https:\/\/api.w.org\/{rel}","templated":true}]}}