{"id":627202,"date":"2023-10-28T11:53:14","date_gmt":"2023-10-28T09:53:14","guid":{"rendered":"https:\/\/www.hashtag.al\/?p=627202"},"modified":"2023-10-28T11:53:14","modified_gmt":"2023-10-28T09:53:14","slug":"krichabum-ceshtjen-e-brendshme-pd-ta-zgjidhe-vete-te-pershpejtohet-procedura-e-heqjes-se-imunitetit","status":"publish","type":"post","link":"https:\/\/www.hashtag.al\/index.php\/2023\/10\/28\/krichabum-ceshtjen-e-brendshme-pd-ta-zgjidhe-vete-te-pershpejtohet-procedura-e-heqjes-se-imunitetit\/","title":{"rendered":"Krichabum: \u00c7\u00ebshtjen e brendshme PD ta zgjidh\u00eb vet\u00eb, t\u00eb p\u00ebrshpejtohet procedura e heqjes s\u00eb imunitetit","gt_translate_keys":[{"key":"rendered","format":"text"}]},"content":{"rendered":"<p><span style=\"color: #000000;\"><a style=\"color: #000000;\" href=\"https:\/\/www.hashtag.al\/wp-content\/uploads\/2023\/10\/krichbaum.jpg\"><img loading=\"lazy\" decoding=\"async\" class=\"aligncenter size-full wp-image-627199\" src=\"https:\/\/www.hashtag.al\/wp-content\/uploads\/2023\/10\/krichbaum.jpg\" alt=\"\" width=\"809\" height=\"477\" srcset=\"https:\/\/www.hashtag.al\/wp-content\/uploads\/2023\/10\/krichbaum.jpg 809w, https:\/\/www.hashtag.al\/wp-content\/uploads\/2023\/10\/krichbaum-300x177.jpg 300w, https:\/\/www.hashtag.al\/wp-content\/uploads\/2023\/10\/krichbaum-768x453.jpg 768w\" sizes=\"auto, (max-width: 809px) 100vw, 809px\" \/><\/a><\/span><\/p>\n<p><span style=\"color: #000000;\">Deputeti gjerman i CDU\/CSU, Gunther Krichbaum b\u00ebri thirrje q\u00eb t\u00eb p\u00ebrshpejtohet procedura e heqjes s\u00eb imunitetit.<\/span><\/p>\n<p><span style=\"color: #000000;\">N\u00eb nj\u00eb konferenc\u00eb p\u00ebr gazetar\u00ebt, deputeti gjerman tha se me zvarritjen e k\u00ebtyre procedurave, mund t\u00eb rrezikohet prishja e provave apo dhe personazhet n\u00ebn hetim t\u00eb largohen nga vendi.<\/span><\/p>\n<p><span style=\"color: #000000;\">Krichbaum foli edhe p\u00ebr \u00e7\u00ebshtjen e legjitimitetit t\u00eb Partis\u00eb Demokratike ku tha se \u00ebsht\u00eb nj\u00eb \u00e7\u00ebshtje q\u00eb duhet ta zgjidh\u00eb vet\u00eb partia dhe jo t\u00eb vij\u00eb zgjidhja nga jasht\u00eb.<\/span><\/p>\n<p><span style=\"color: #000000;\">\u201c<em>Mendoj se ju duhet t\u00eb jeni m\u00eb t\u00eb informuar se mua. Pasi Gjykata e Lart\u00eb e ka kthyer p\u00ebr mospajtueshm\u00ebri k\u00ebt\u00eb \u00e7\u00ebshtje (\u00e7\u00ebshtjen e PD). Nj\u00eb parti ka nj\u00eb procedur\u00eb legale dhe m\u00eb vjen keq p\u00ebr k\u00ebt\u00eb shp\u00ebrb\u00ebrje t\u00eb PD. Por jan\u00eb \u00e7\u00ebshtje q\u00eb duhet t\u2019i zgjidh\u00eb vet\u00eb partia dhe jo nga ne jasht\u00eb. P\u00ebr zotin Tahiri psh, s\u2019mund t\u00eb ndodhte q\u00eb n\u00eb nj\u00eb shtet ligjor t\u00eb zgjas\u00eb kaq shum\u00eb procedura p\u00ebr heqjen e imunitetit. Pasi ata mund t\u00eb ken\u00eb koh\u00eb q\u00eb t\u00eb largohen nga vendi ose t\u00eb prishin provat. N\u00eb Gjermani k\u00ebshtu do t\u00eb ishte, shum\u00eb shpejt procedura e heqjes s\u00eb imunitetit t\u00eb sqarohet sa m\u00eb par\u00eb dhe m\u00eb shpejt p\u00ebr t\u00eb vendosur ligji. K\u00ebto jan\u00eb pyetje q\u00eb edhe ne i ndjekim. Sipas njohurive t\u00eb mia, si\u00e7 e thash. \u00cbsht\u00eb si\u00e7 e thash\u00eb pak m\u00eb par\u00eb&#8221;, <\/em>deklaroi Krichbaum.<\/span><\/p>\n","protected":false,"gt_translate_keys":[{"key":"rendered","format":"html"}]},"excerpt":{"rendered":"<p>Deputeti gjerman i CDU\/CSU, Gunther Krichbaum b\u00ebri thirrje q\u00eb t\u00eb p\u00ebrshpejtohet procedura e heqjes s\u00eb imunitetit. N\u00eb nj\u00eb konferenc\u00eb p\u00ebr gazetar\u00ebt, deputeti gjerman tha se me zvarritjen e k\u00ebtyre procedurave, mund t\u00eb rrezikohet prishja e provave apo dhe personazhet n\u00ebn hetim t\u00eb largohen nga vendi. Krichbaum foli edhe p\u00ebr \u00e7\u00ebshtjen e legjitimitetit t\u00eb Partis\u00eb Demokratike [&hellip;]<\/p>\n","protected":false,"gt_translate_keys":[{"key":"rendered","format":"html"}]},"author":32,"featured_media":627199,"comment_status":"closed","ping_status":"closed","sticky":false,"template":"","format":"standard","meta":{"footnotes":""},"categories":[65,13],"tags":[],"class_list":["post-627202","post","type-post","status-publish","format-standard","has-post-thumbnail","hentry","category-lajme","category-te-fundit"],"gt_translate_keys":[{"key":"link","format":"url"}],"_links":{"self":[{"href":"https:\/\/www.hashtag.al\/index.php\/wp-json\/wp\/v2\/posts\/627202","targetHints":{"allow":["GET"]}}],"collection":[{"href":"https:\/\/www.hashtag.al\/index.php\/wp-json\/wp\/v2\/posts"}],"about":[{"href":"https:\/\/www.hashtag.al\/index.php\/wp-json\/wp\/v2\/types\/post"}],"author":[{"embeddable":true,"href":"https:\/\/www.hashtag.al\/index.php\/wp-json\/wp\/v2\/users\/32"}],"replies":[{"embeddable":true,"href":"https:\/\/www.hashtag.al\/index.php\/wp-json\/wp\/v2\/comments?post=627202"}],"version-history":[{"count":0,"href":"https:\/\/www.hashtag.al\/index.php\/wp-json\/wp\/v2\/posts\/627202\/revisions"}],"wp:featuredmedia":[{"embeddable":true,"href":"https:\/\/www.hashtag.al\/index.php\/wp-json\/wp\/v2\/media\/627199"}],"wp:attachment":[{"href":"https:\/\/www.hashtag.al\/index.php\/wp-json\/wp\/v2\/media?parent=627202"}],"wp:term":[{"taxonomy":"category","embeddable":true,"href":"https:\/\/www.hashtag.al\/index.php\/wp-json\/wp\/v2\/categories?post=627202"},{"taxonomy":"post_tag","embeddable":true,"href":"https:\/\/www.hashtag.al\/index.php\/wp-json\/wp\/v2\/tags?post=627202"}],"curies":[{"name":"wp","href":"https:\/\/api.w.org\/{rel}","templated":true}]}}