{"id":626848,"date":"2023-10-26T18:54:52","date_gmt":"2023-10-26T16:54:52","guid":{"rendered":"https:\/\/www.hashtag.al\/?p=626848"},"modified":"2023-10-26T18:54:52","modified_gmt":"2023-10-26T16:54:52","slug":"nga-saga-me-avokatet-te-vendimi-i-gjkko-se-per-detyrim-paraqitje-dhe-bllokim-pasaporte-per-berishen","status":"publish","type":"post","link":"https:\/\/www.hashtag.al\/index.php\/2023\/10\/26\/nga-saga-me-avokatet-te-vendimi-i-gjkko-se-per-detyrim-paraqitje-dhe-bllokim-pasaporte-per-berishen\/","title":{"rendered":"Nga saga me avokat\u00ebt te vendimi i GJKKO-s\u00eb p\u00ebr detyrim paraqitje dhe bllokim pasaporte p\u00ebr Berish\u00ebn","gt_translate_keys":[{"key":"rendered","format":"text"}]},"content":{"rendered":"<p><span style=\"color: #000000;\"><a style=\"color: #000000;\" href=\"https:\/\/www.hashtag.al\/wp-content\/uploads\/2023\/10\/berisha-gjkko.jpg\"><img loading=\"lazy\" decoding=\"async\" class=\"aligncenter size-full wp-image-626802\" src=\"https:\/\/www.hashtag.al\/wp-content\/uploads\/2023\/10\/berisha-gjkko.jpg\" alt=\"\" width=\"780\" height=\"440\" srcset=\"https:\/\/www.hashtag.al\/wp-content\/uploads\/2023\/10\/berisha-gjkko.jpg 780w, https:\/\/www.hashtag.al\/wp-content\/uploads\/2023\/10\/berisha-gjkko-300x169.jpg 300w, https:\/\/www.hashtag.al\/wp-content\/uploads\/2023\/10\/berisha-gjkko-768x433.jpg 768w\" sizes=\"auto, (max-width: 780px) 100vw, 780px\" \/><\/a><\/span><\/p>\n<p><span style=\"color: #000000;\">Gjykata Kund\u00ebr Korrupsionit dhe Krimit t\u00eb Organizuar vendosi dit\u00ebn e sotme pas nj\u00eb procesi me shtyrje t\u00eb nj\u00ebpasnj\u00ebshme t\u00eb l\u00ebr\u00eb n\u00eb fuqi masat e siguris\u00eb t\u00eb k\u00ebrkuara nga SPAK p\u00ebr ish-kryeministrin Sali Berisha lidhur me akuzat p\u00ebr korrupsion n\u00eb \u00e7\u00ebshtjen e privatizimit t\u00eb ish-kompleksit Partizani.<\/span><\/p>\n<p><span style=\"color: #000000;\">N\u00eb vendimin e GJKKO-s\u00eb thuhet se Berisha duhet t\u00eb paraqitet dy her\u00eb n\u00eb muaj n\u00eb SPAK para oficerit t\u00eb polcis\u00eb gjyq\u00ebsore Adelajda Metaj si dhe ndalimi i daljes jasht\u00eb vendit.<\/span><\/p>\n<p><span style=\"color: #000000;\">\u201c<em>Urdh\u00ebrohet shtetasi n\u00ebn hetim Sali Berisha, t\u00eb paraqitet t\u00eb h\u00ebn\u00ebn e par\u00eb dhe t\u00eb tret\u00eb t\u00eb \u00e7do muaji, ora 10:00 para oficerit t\u00eb policis\u00eb gjyq\u00ebsore Adelajda Metaj, pran\u00eb Prokuroris\u00eb s\u00eb Posa\u00e7me kund\u00ebr Korrupsionit dhe Krimit t\u00eb Organizuar.<\/em><\/span><\/p>\n<p><span style=\"color: #000000;\"><em>-Urdh\u00ebrohet shtetasi n\u00ebn hetim Sali Berisha t\u00eb mos largohet nga territori i Republik\u00ebs s\u00eb Shqip\u00ebris\u00eb pa autorizimin e gjykat\u00ebs, n\u00eb referim t\u00eb nenit 233 pika 1 t\u00eb K.Pr Penale \u201cNdalimi i daljes jasht\u00eb shtetit\u201d.<\/em><\/span><\/p>\n<p><span style=\"color: #000000;\"><em>-Ndalohet p\u00ebrdorimi i pasaport\u00ebs dhe dokumenteve t\u00eb tjera identifikuese t\u00eb vlefshme p\u00ebr daljen jasht\u00eb shtetit, p\u00ebr shtetasin n\u00ebn hetim Sali Berisha<\/em>\u201d-thuhet n\u00eb vendimin e caktimit t\u00eb mas\u00ebs s\u00eb siguris\u00eb nga GJKKO.<\/span><\/p>\n<p><span style=\"color: #000000;\">Seanca p\u00ebr\u00a0njoftimin\u00a0e mas\u00ebs s\u00eb siguris\u00eb nisi n\u00eb or\u00ebn 15:00.\u00a0Shtyrja u b\u00eb paraditen e sotme, p\u00ebr t&#8217;i dh\u00ebn\u00eb koh\u00eb p\u00ebr t&#8217;u njohur me dosjen, avokateve t\u00eb zgjedhura nga shteti, Jalldiz Kastrati dhe Rabije Cenalia, pasi mbrojt\u00ebsit e pajisur me prokur\u00eb nga Berisha braktis\u00ebn gjykat\u00ebn nj\u00eb dit\u00eb m\u00eb par\u00eb nd\u00ebrsa avokati i caktuar kryesisht, Artan Simoni u z\u00ebvend\u00ebsua.\u00a0<\/span><\/p>\n<p><span style=\"color: #000000;\">GJKKO njoftoi se zgjedhja e dy avokateve u\u00a0b\u00eb pasi Berisha dhe avokat\u00ebt e tij nuk jan\u00eb paraqitur as dit\u00ebn e sotme n\u00eb seanc\u00eb.<\/span><\/p>\n<p><span style=\"color: #000000;\">Avokati i Sali Berish\u00ebs n\u00ebp\u00ebrmjet nj\u00eb postimi n\u00eb rrjetet sociale akuzoi se n\u00eb sall\u00ebn e gjyqit prokuror\u00ebt e SPAK-ut k\u00ebrc\u00ebnuan dy avokatet e caktuara kryesisht me heqje licence dhe m\u00eb pas caktuan nj\u00eb avokate tjet\u00ebr kryesisht e cila nuk pati koh\u00eb as t\u00eb njihej me \u00e7\u00ebshtjen. Por kjo nuk pengoi gjykat\u00ebsen e GJKKO t\u00eb jepte mas\u00ebn e siguris\u00eb p\u00ebr ish-kryeministrin.<\/span><\/p>\n<p><span style=\"color: #000000;\">\u201c<em>Dy avokatet e caktuara nga shteti kryesisht Jalldyz Kastrati dhe Rabije Cenalia nuk e morr\u00ebn p\u00ebrsip\u00ebr mbrojtjen edhe pse t\u00eb shantazhuara n\u00eb sall\u00ebn e gjyqit nga prokuroret e SPAK p\u00ebr heqjen e licenc\u00ebs pasi k\u00ebrkuan 2 dit\u00eb koh\u00eb p\u00ebr tu njohur me aktet dhe gjykata nuk ua dha k\u00ebt\u00eb koh\u00eb! Pastaj GjKKO ka caktuar avokaten Valentina Teodoresku dhe ka shpallur vendimin pa lexuar asnj\u00eb faqe t\u00eb dosjes pra pa u njohur fare avokatja me dosjen! Vendimi ka lejuar vijimin e masave t\u00eb sigurimit si\u00e7 ishin marr\u00eb! Nd\u00ebrkoh\u00eb me p\u00ebrpara d.m.th para 2 or\u00ebsh gjyqtarja Flora Hajredinaj ka rr\u00ebzuar k\u00ebrkes\u00ebn ton\u00eb p\u00ebr p\u00ebrjashtimin e gjyqtares Irena Gjoka nga \u00e7\u00ebshtja e depozituar po sot dhe e shortuar po sot!<\/em><\/span><\/p>\n<p><span style=\"color: #000000;\"><em>GjKKO ka zhb\u00ebr\u00eb institutin e Mbrojtjes n\u00eb proces<\/em>!\u201d-shkruan nd\u00ebr t\u00eb tjera Gjokutaj.<\/span><\/p>\n<p><span style=\"color: #000000;\">Avokat\u00ebt e Sali Berish\u00ebs depozituan n\u00eb GJKKO k\u00ebrkes\u00ebn me shkrim p\u00ebr p\u00ebrjashtimin e gjyqtares Irena Gjoka nga gjykimi p\u00ebr ish-kryeministrin duke pretenduar se ajo\u00a0ka shkelur Kushtetut\u00ebn pasi sipas tyre duhej marr\u00eb m\u00eb par\u00eb leje n\u00eb Kuvend para se t\u00eb jepej vendimimi &#8220;detyrim paraqitje&#8221; p\u00ebr Berish\u00ebn. K\u00ebt\u00eb k\u00ebrkes\u00eb t\u00eb Berish\u00ebs e ka shqyrtuar dhe rr\u00ebzuar brenda dit\u00ebs\u00a0gjyqtarja Flora Hajredinaj, e cila nuk e ka p\u00ebrjashtuar Gjok\u00ebn, me argumentin se\u00a0k\u00ebrkesa e avokat\u00ebve t\u00eb Berish\u00ebs \u00ebsht\u00eb e pabazuar.\u00a0<\/span><\/p>\n<p><span style=\"color: #000000;\"><strong>Akuzat ndaj Berish\u00ebs<\/strong><\/span><\/p>\n<p><span style=\"color: #000000;\">Jamarb\u00ebr Malltezi dyshohet se ka kryer korrupsion pasiv n\u00eb bashk\u00ebpunim me vjehrrin e tij Sali Berisha, duke shfryt\u00ebzuar pushtetin e tij si kryeminist\u00ebr, duke p\u00ebrfituar nga privatizimi i terreneve dhe objekteve sportive, nga ndryshimi i destinacionit nga zona sportive n\u00eb zona banimi, shuma t\u00eb konsiderueshme n\u00eb cil\u00ebsin\u00eb e investuesit nga shoq\u00ebria \u201cHomeplan\u201d sh.p.k., pa investuar n\u00eb t\u00eb, si dhe p\u00ebrfitime t\u00eb marra para se t\u00eb deklarohej si bashkortak n\u00eb k\u00ebt\u00eb shoq\u00ebri.\/<strong>Hashtag.al<\/strong><\/span><\/p>\n","protected":false,"gt_translate_keys":[{"key":"rendered","format":"html"}]},"excerpt":{"rendered":"<p>Gjykata Kund\u00ebr Korrupsionit dhe Krimit t\u00eb Organizuar vendosi dit\u00ebn e sotme pas nj\u00eb procesi me shtyrje t\u00eb nj\u00ebpasnj\u00ebshme t\u00eb l\u00ebr\u00eb n\u00eb fuqi masat e siguris\u00eb t\u00eb k\u00ebrkuara nga SPAK p\u00ebr ish-kryeministrin Sali Berisha lidhur me akuzat p\u00ebr korrupsion n\u00eb \u00e7\u00ebshtjen e privatizimit t\u00eb ish-kompleksit Partizani. N\u00eb vendimin e GJKKO-s\u00eb thuhet se Berisha duhet t\u00eb paraqitet [&hellip;]<\/p>\n","protected":false,"gt_translate_keys":[{"key":"rendered","format":"html"}]},"author":32,"featured_media":626802,"comment_status":"closed","ping_status":"closed","sticky":false,"template":"","format":"standard","meta":{"footnotes":""},"categories":[22,13],"tags":[],"class_list":["post-626848","post","type-post","status-publish","format-standard","has-post-thumbnail","hentry","category-ballina","category-te-fundit"],"gt_translate_keys":[{"key":"link","format":"url"}],"_links":{"self":[{"href":"https:\/\/www.hashtag.al\/index.php\/wp-json\/wp\/v2\/posts\/626848","targetHints":{"allow":["GET"]}}],"collection":[{"href":"https:\/\/www.hashtag.al\/index.php\/wp-json\/wp\/v2\/posts"}],"about":[{"href":"https:\/\/www.hashtag.al\/index.php\/wp-json\/wp\/v2\/types\/post"}],"author":[{"embeddable":true,"href":"https:\/\/www.hashtag.al\/index.php\/wp-json\/wp\/v2\/users\/32"}],"replies":[{"embeddable":true,"href":"https:\/\/www.hashtag.al\/index.php\/wp-json\/wp\/v2\/comments?post=626848"}],"version-history":[{"count":0,"href":"https:\/\/www.hashtag.al\/index.php\/wp-json\/wp\/v2\/posts\/626848\/revisions"}],"wp:featuredmedia":[{"embeddable":true,"href":"https:\/\/www.hashtag.al\/index.php\/wp-json\/wp\/v2\/media\/626802"}],"wp:attachment":[{"href":"https:\/\/www.hashtag.al\/index.php\/wp-json\/wp\/v2\/media?parent=626848"}],"wp:term":[{"taxonomy":"category","embeddable":true,"href":"https:\/\/www.hashtag.al\/index.php\/wp-json\/wp\/v2\/categories?post=626848"},{"taxonomy":"post_tag","embeddable":true,"href":"https:\/\/www.hashtag.al\/index.php\/wp-json\/wp\/v2\/tags?post=626848"}],"curies":[{"name":"wp","href":"https:\/\/api.w.org\/{rel}","templated":true}]}}