{"id":626842,"date":"2023-10-26T18:18:08","date_gmt":"2023-10-26T16:18:08","guid":{"rendered":"https:\/\/www.hashtag.al\/?p=626842"},"modified":"2023-10-26T18:18:08","modified_gmt":"2023-10-26T16:18:08","slug":"gjokutaj-gjkko-ka-zhbere-institutin-e-mbrojtjes-ne-proces-dy-avokatet-u-kercenuan-nga-prokuroret-e-spak","status":"publish","type":"post","link":"https:\/\/www.hashtag.al\/index.php\/2023\/10\/26\/gjokutaj-gjkko-ka-zhbere-institutin-e-mbrojtjes-ne-proces-dy-avokatet-u-kercenuan-nga-prokuroret-e-spak\/","title":{"rendered":"Gjokutaj: GJKKO ka zhb\u00ebr\u00eb institutin e Mbrojtjes n\u00eb proces, dy avokatet u k\u00ebrc\u00ebnuan nga prokuror\u00ebt e SPAK","gt_translate_keys":[{"key":"rendered","format":"text"}]},"content":{"rendered":"<p><span style=\"color: #000000;\"><a style=\"color: #000000;\" href=\"https:\/\/www.hashtag.al\/wp-content\/uploads\/2023\/10\/genc-gjokutaj-1-1.jpg\"><img loading=\"lazy\" decoding=\"async\" class=\"aligncenter size-full wp-image-626519\" src=\"https:\/\/www.hashtag.al\/wp-content\/uploads\/2023\/10\/genc-gjokutaj-1-1.jpg\" alt=\"\" width=\"890\" height=\"502\" \/><\/a><\/span><\/p>\n<p><span style=\"color: #000000;\">Genci Gjokutaj, Avokati i Sali Berish\u00ebs ka sqaruar sipas arsyet e dor\u00ebheqjes s\u00eb dy avokateve (Rabije Cenalia dhe Jalldyz Kastrati ) t\u00eb caktuara kryesisht p\u00ebr mbrojtjen e ish-kryeminsitrit.<\/span><\/p>\n<p><span style=\"color: #000000;\">Sipas Gjokutajt n\u00eb sall\u00ebn e gjyqit prokuror\u00ebt e SPAK k\u00ebrc\u00ebnuan dy avokatet me heqjen e licenc\u00ebs pasi k\u00ebrkuan dy dit\u00eb koh\u00eb p\u00ebr tu njohur me aktet.<\/span><\/p>\n<p><span style=\"color: #000000;\">Pastaj GJKKO caktoi nj\u00eb avokate tjet\u00ebr e cila nuk u njoh fare me dosjen. Sipas Gjokutajt GJKKO me k\u00ebto veprime ka zhb\u00ebr\u00eb institutin e mbrojtjes n\u00eb proces.<\/span><\/p>\n<p><span style=\"color: #000000;\"><strong>Postimi i plot\u00eb:<\/strong><\/span><\/p>\n<p><span style=\"color: #000000;\">Te nderuar Kolege avokate dhe te nderuar qytetare!<\/span><\/p>\n<p><span style=\"color: #000000;\">Si\u00e7 jini ne dijeni dje ne mbrojtesit e z. Sali Berisha Av. Genci Gjokutaj dhe Av. Sokol Mengjesi pasi na u mohua e drejta themelore e mbrojtesit ne nje proces njohja me aktet e dosjes dhe vazhdimi i gjykimit nga gjyqtarja Irena Gjoka nderkohe qe nga ana jone ishte ngritur kerkesa per perjashtimin nga gjykimi me pasoje ndalimin e vendimmarrjes nga ana e saj pikerisht kjo gjyqtare mori vendimin per caktimin kryesisht te Av. Artan Simoni!<\/span><\/p>\n<p><span style=\"color: #000000;\">Ky avokat per arsye te mungeses se integritetit te tij etiko profesional u perjashtua dhe ne menyre klandestine dhe naten jane caktuar po kryesisht Av. Rabije Cenalia dhe Av. Jalldyz Kastrati!<\/span><\/p>\n<p><span style=\"color: #000000;\">Dy avokatet e caktuara nga shteti kryesisht Jalldyz Kastrati dhe Rabije Cenalia nuk e moren persiper mbrojtjen edhe pse te shantazhuara ne sall\u00ebn e gjyqit nga prokuroret e SPAK per heqjen e licenses pasi k\u00ebrkuan 2 dite kohe per tu njohur me aktet dhe gjykata nuk ua dha kete kohe! Pastaj GjKKO ka caktuar avokaten Valentina Teodoresku dhe ka shpallur vendimin pa lexuar asnje faqe te dosjes pra pa u njohur fare avokatja me dosjen! Vendimi ka lejuar vijimin e masave te sigurimit si\u00e7 ishin marre! Nderkohe me p\u00ebrpara dmth para 2 oresh gjyqtarja Flora Hajredinaj ka rrezuar kerkesen tone per perjashtimin e gjyqtares Irena Gjoka nga \u00e7\u00ebshtja e depozituar po sot dhe e shortuar po sot!<\/span><\/p>\n<p><span style=\"color: #000000;\">GjKKO ka zhb\u00ebr\u00eb institutin e Mbrojtjes ne proces!<\/span><\/p>\n<p><span style=\"color: #000000;\">Vetem ne proceset politike veprohet keshtu!<\/span><\/p>\n<p><span style=\"color: #000000;\">Diktatura eshte vendosur!<\/span><\/p>\n<p><span style=\"color: #000000;\">Shpejt edhe do te shpallet!<\/span><\/p>\n<p>&nbsp;<\/p>\n","protected":false,"gt_translate_keys":[{"key":"rendered","format":"html"}]},"excerpt":{"rendered":"<p>Genci Gjokutaj, Avokati i Sali Berish\u00ebs ka sqaruar sipas arsyet e dor\u00ebheqjes s\u00eb dy avokateve (Rabije Cenalia dhe Jalldyz Kastrati ) t\u00eb caktuara kryesisht p\u00ebr mbrojtjen e ish-kryeminsitrit. Sipas Gjokutajt n\u00eb sall\u00ebn e gjyqit prokuror\u00ebt e SPAK k\u00ebrc\u00ebnuan dy avokatet me heqjen e licenc\u00ebs pasi k\u00ebrkuan dy dit\u00eb koh\u00eb p\u00ebr tu njohur me aktet. Pastaj [&hellip;]<\/p>\n","protected":false,"gt_translate_keys":[{"key":"rendered","format":"html"}]},"author":32,"featured_media":626519,"comment_status":"closed","ping_status":"closed","sticky":false,"template":"","format":"standard","meta":{"footnotes":""},"categories":[65,13],"tags":[],"class_list":["post-626842","post","type-post","status-publish","format-standard","has-post-thumbnail","hentry","category-lajme","category-te-fundit"],"gt_translate_keys":[{"key":"link","format":"url"}],"_links":{"self":[{"href":"https:\/\/www.hashtag.al\/index.php\/wp-json\/wp\/v2\/posts\/626842","targetHints":{"allow":["GET"]}}],"collection":[{"href":"https:\/\/www.hashtag.al\/index.php\/wp-json\/wp\/v2\/posts"}],"about":[{"href":"https:\/\/www.hashtag.al\/index.php\/wp-json\/wp\/v2\/types\/post"}],"author":[{"embeddable":true,"href":"https:\/\/www.hashtag.al\/index.php\/wp-json\/wp\/v2\/users\/32"}],"replies":[{"embeddable":true,"href":"https:\/\/www.hashtag.al\/index.php\/wp-json\/wp\/v2\/comments?post=626842"}],"version-history":[{"count":0,"href":"https:\/\/www.hashtag.al\/index.php\/wp-json\/wp\/v2\/posts\/626842\/revisions"}],"wp:featuredmedia":[{"embeddable":true,"href":"https:\/\/www.hashtag.al\/index.php\/wp-json\/wp\/v2\/media\/626519"}],"wp:attachment":[{"href":"https:\/\/www.hashtag.al\/index.php\/wp-json\/wp\/v2\/media?parent=626842"}],"wp:term":[{"taxonomy":"category","embeddable":true,"href":"https:\/\/www.hashtag.al\/index.php\/wp-json\/wp\/v2\/categories?post=626842"},{"taxonomy":"post_tag","embeddable":true,"href":"https:\/\/www.hashtag.al\/index.php\/wp-json\/wp\/v2\/tags?post=626842"}],"curies":[{"name":"wp","href":"https:\/\/api.w.org\/{rel}","templated":true}]}}