{"id":626552,"date":"2023-10-25T20:12:43","date_gmt":"2023-10-25T18:12:43","guid":{"rendered":"https:\/\/www.hashtag.al\/?p=626552"},"modified":"2023-10-25T20:12:43","modified_gmt":"2023-10-25T18:12:43","slug":"rusia-manovron-me-kujdes-mbi-luften-izrael-hamas","status":"publish","type":"post","link":"https:\/\/www.hashtag.al\/index.php\/2023\/10\/25\/rusia-manovron-me-kujdes-mbi-luften-izrael-hamas\/","title":{"rendered":"Rusia manovron me kujdes mbi luft\u00ebn Izrael-Hamas","gt_translate_keys":[{"key":"rendered","format":"text"}]},"content":{"rendered":"<p style=\"text-align: left;\"><span style=\"color: #000000;\"><img loading=\"lazy\" decoding=\"async\" class=\"alignnone wp-image-603651\" src=\"https:\/\/www.hashtag.al\/wp-content\/uploads\/2023\/06\/putin-1.jpg\" alt=\"\" width=\"812\" height=\"457\" srcset=\"https:\/\/www.hashtag.al\/wp-content\/uploads\/2023\/06\/putin-1.jpg 768w, https:\/\/www.hashtag.al\/wp-content\/uploads\/2023\/06\/putin-1-300x169.jpg 300w\" sizes=\"auto, (max-width: 812px) 100vw, 812px\" \/><\/span><\/p>\n<p style=\"text-align: left;\"><span style=\"color: #000000;\">Rusia ka l\u00ebshuar kritika p\u00ebr t\u00eb dyja pal\u00ebt n\u00eb\u00a0luft\u00ebn mes Izraelit dhe Hamasit\u00a0.\u00a0<\/span><\/p>\n<p style=\"text-align: left;\"><span style=\"color: #000000;\">Konflikti po i jep Mosk\u00ebs mund\u00ebsi t\u00eb reja t\u00eb guximshme t\u00eb avancoj\u00eb rolin e saj si nd\u00ebrmjet\u00ebs i fuqis\u00eb globale dhe t\u00eb sfidoj\u00eb\u00a0p\u00ebrpjekjet per\u00ebndimore p\u00ebr ta izoluar\u00a0at\u00eb mbi Ukrain\u00ebn.<\/span><\/p>\n<p style=\"text-align: left;\"><span style=\"color: #000000;\">Ajo gjithashtu pret q\u00eb\u00a0lufta Izrael-Hamas\u00a0t\u00eb shk\u00ebpus\u00eb v\u00ebmendjen nga\u00a0luftimet n\u00eb Ukrain\u00eb\u00a0dhe t\u00eb g\u00ebrryej\u00eb mb\u00ebshtetjen p\u00ebr Kievin.<\/span><\/p>\n<p style=\"text-align: left;\"><span style=\"color: #000000;\">Presidenti rus Vladimir Putin ka d\u00ebnuar\u00a0sulmin e 7 tetorit\u00a0nga militant\u00ebt e Hamasit n\u00eb qytete n\u00eb jug t\u00eb Izraelit.\u00a0N\u00eb t\u00eb nj\u00ebjt\u00ebn koh\u00eb, ai paralajm\u00ebroi Izraelin kund\u00ebr bllokimit t\u00eb Rripit t\u00eb Gaz\u00ebs, duke e krahasuar at\u00eb me rrethimin e Leningradit nga Gjermania naziste gjat\u00eb Luft\u00ebs s\u00eb Dyt\u00eb Bot\u00ebrore.<\/span><\/p>\n<p style=\"text-align: left;\"><span style=\"color: #000000;\">Ai e ka cil\u00ebsuar luft\u00ebn si nj\u00eb d\u00ebshtim t\u00eb diplomacis\u00eb s\u00eb SHBA-s\u00eb, duke akuzuar se Uashingtoni ka zgjedhur \u201cdor\u00ebzimet\u201d ekonomike p\u00ebr palestinez\u00ebt dhe ka braktisur p\u00ebrpjekjet p\u00ebr t\u00eb ndihmuar n\u00eb krijimin e nj\u00eb shteti palestinez.<\/span><\/p>\n<p style=\"text-align: left;\"><span style=\"color: #000000;\">Putin deklaroi n\u00eb fillim t\u00eb k\u00ebtij muaji se Moska mund t\u00eb luaj\u00eb rolin e nd\u00ebrmjet\u00ebsit, fal\u00eb lidhjeve t\u00eb saj miq\u00ebsore si me Izraelin ashtu edhe me palestinez\u00ebt, duke shtuar se &#8220;askush nuk mund t\u00eb dyshoj\u00eb se ne luajm\u00eb me nj\u00eb pal\u00eb&#8221;.<\/span><\/p>\n<p style=\"text-align: left;\"><span style=\"color: #000000;\">P\u00ebrkund\u00ebr atij pretendimi t\u00eb paansh\u00ebm, nj\u00eb rezolut\u00eb e K\u00ebshillit t\u00eb Sigurimit t\u00eb OKB-s\u00eb q\u00eb Rusia paraqiti jav\u00ebn e kaluar duke d\u00ebnuar dhun\u00ebn kund\u00ebr civil\u00ebve nuk p\u00ebrmendi Hamasin, percjell <strong><span style=\"color: #0000ff;\"><a style=\"color: #0000ff;\" href=\"https:\/\/apnews.com\/article\/russia-israel-hamas-putin-palestinians-mideast-efa2b7f3765aadbf6934839ea5fcd16b\">AP.\u00a0<\/a><\/span><\/strong><\/span><\/p>\n","protected":false,"gt_translate_keys":[{"key":"rendered","format":"html"}]},"excerpt":{"rendered":"<p>Rusia ka l\u00ebshuar kritika p\u00ebr t\u00eb dyja pal\u00ebt n\u00eb\u00a0luft\u00ebn mes Izraelit dhe Hamasit\u00a0.\u00a0 Konflikti po i jep Mosk\u00ebs mund\u00ebsi t\u00eb reja t\u00eb guximshme t\u00eb avancoj\u00eb rolin e saj si nd\u00ebrmjet\u00ebs i fuqis\u00eb globale dhe t\u00eb sfidoj\u00eb\u00a0p\u00ebrpjekjet per\u00ebndimore p\u00ebr ta izoluar\u00a0at\u00eb mbi Ukrain\u00ebn. Ajo gjithashtu pret q\u00eb\u00a0lufta Izrael-Hamas\u00a0t\u00eb shk\u00ebpus\u00eb v\u00ebmendjen nga\u00a0luftimet n\u00eb Ukrain\u00eb\u00a0dhe t\u00eb g\u00ebrryej\u00eb mb\u00ebshtetjen [&hellip;]<\/p>\n","protected":false,"gt_translate_keys":[{"key":"rendered","format":"html"}]},"author":4,"featured_media":603651,"comment_status":"closed","ping_status":"closed","sticky":false,"template":"","format":"standard","meta":{"footnotes":""},"categories":[6],"tags":[],"class_list":["post-626552","post","type-post","status-publish","format-standard","has-post-thumbnail","hentry","category-nderkombetare"],"gt_translate_keys":[{"key":"link","format":"url"}],"_links":{"self":[{"href":"https:\/\/www.hashtag.al\/index.php\/wp-json\/wp\/v2\/posts\/626552","targetHints":{"allow":["GET"]}}],"collection":[{"href":"https:\/\/www.hashtag.al\/index.php\/wp-json\/wp\/v2\/posts"}],"about":[{"href":"https:\/\/www.hashtag.al\/index.php\/wp-json\/wp\/v2\/types\/post"}],"author":[{"embeddable":true,"href":"https:\/\/www.hashtag.al\/index.php\/wp-json\/wp\/v2\/users\/4"}],"replies":[{"embeddable":true,"href":"https:\/\/www.hashtag.al\/index.php\/wp-json\/wp\/v2\/comments?post=626552"}],"version-history":[{"count":0,"href":"https:\/\/www.hashtag.al\/index.php\/wp-json\/wp\/v2\/posts\/626552\/revisions"}],"wp:featuredmedia":[{"embeddable":true,"href":"https:\/\/www.hashtag.al\/index.php\/wp-json\/wp\/v2\/media\/603651"}],"wp:attachment":[{"href":"https:\/\/www.hashtag.al\/index.php\/wp-json\/wp\/v2\/media?parent=626552"}],"wp:term":[{"taxonomy":"category","embeddable":true,"href":"https:\/\/www.hashtag.al\/index.php\/wp-json\/wp\/v2\/categories?post=626552"},{"taxonomy":"post_tag","embeddable":true,"href":"https:\/\/www.hashtag.al\/index.php\/wp-json\/wp\/v2\/tags?post=626552"}],"curies":[{"name":"wp","href":"https:\/\/api.w.org\/{rel}","templated":true}]}}