{"id":626255,"date":"2023-10-25T08:36:22","date_gmt":"2023-10-25T06:36:22","guid":{"rendered":"https:\/\/www.hashtag.al\/?p=626255"},"modified":"2023-10-25T08:36:22","modified_gmt":"2023-10-25T06:36:22","slug":"princi-i-kurores-saudite-i-thote-bidenit-se-pershkallezimi-ushtarak-ne-gaza-duhet-te-ndalet","status":"publish","type":"post","link":"https:\/\/www.hashtag.al\/index.php\/2023\/10\/25\/princi-i-kurores-saudite-i-thote-bidenit-se-pershkallezimi-ushtarak-ne-gaza-duhet-te-ndalet\/","title":{"rendered":"Princi i kuror\u00ebs saudite i thot\u00eb Bidenit se p\u00ebrshkall\u00ebzimi ushtarak n\u00eb Gaza duhet t\u00eb ndalet","gt_translate_keys":[{"key":"rendered","format":"text"}]},"content":{"rendered":"<p><a href=\"https:\/\/www.hashtag.al\/wp-content\/uploads\/2023\/10\/thumbs_b_c_716c734b7304f54401f31845da870bf2.jpg\"><img loading=\"lazy\" decoding=\"async\" class=\"aligncenter size-full wp-image-626256\" src=\"https:\/\/www.hashtag.al\/wp-content\/uploads\/2023\/10\/thumbs_b_c_716c734b7304f54401f31845da870bf2.jpg\" alt=\"\" width=\"864\" height=\"486\" srcset=\"https:\/\/www.hashtag.al\/wp-content\/uploads\/2023\/10\/thumbs_b_c_716c734b7304f54401f31845da870bf2.jpg 864w, https:\/\/www.hashtag.al\/wp-content\/uploads\/2023\/10\/thumbs_b_c_716c734b7304f54401f31845da870bf2-300x169.jpg 300w, https:\/\/www.hashtag.al\/wp-content\/uploads\/2023\/10\/thumbs_b_c_716c734b7304f54401f31845da870bf2-768x432.jpg 768w\" sizes=\"auto, (max-width: 864px) 100vw, 864px\" \/><\/a><\/p>\n<p>&nbsp;<\/p>\n<p><span style=\"color: #000000;\">Princi i kuror\u00ebs saudit Mohammed bin Salman theksoi t\u00eb mart\u00ebn domosdoshm\u00ebrin\u00eb e ndalimit t\u00eb p\u00ebrshkall\u00ebzimit ushtarak midis forcave izraelite dhe palestineze n\u00eb Rripin e Gaz\u00ebs, duke pohuar se ai nuk pranon \u00e7do zhvendosje t\u00eb detyruar t\u00eb palestinez\u00ebve.<\/span><\/p>\n<p><span style=\"color: #000000;\">Deklaratat e tij erdh\u00ebn gjat\u00eb nj\u00eb telefonate q\u00eb ai mori nga presidenti amerikan Joe Biden, sipas agjencis\u00eb zyrtare t\u00eb shtypit saudit (SPA), p\u00ebrcjell<span style=\"color: #0000ff;\"><a style=\"color: #0000ff;\" href=\"https:\/\/www.aa.com.tr\/en\/middle-east\/saudi-crown-prince-tells-biden-that-military-escalation-in-gaza-needs-to-stop\/3031664\"> AA.<\/a><\/span><\/span><\/p>\n<p><span style=\"color: #000000;\"><em>\u201cGjat\u00eb thirrjes u diskutua p\u00ebrshkall\u00ebzimin ushtarak q\u00eb po ndodh aktualisht n\u00eb Gaza dhe p\u00ebrpjekjet q\u00eb po b\u00ebhen n\u00eb lidhje me t\u00eb\u201d,<\/em> tha SPA.<\/span><\/p>\n<p><span style=\"color: #000000;\">Bin Salman theksoi &#8220;<em>nevoj\u00ebn p\u00ebr t\u00eb punuar menj\u00ebher\u00eb p\u00ebr t\u00eb diskutuar m\u00ebnyrat p\u00ebr t\u00eb ndaluar operacionet ushtarake q\u00eb kan\u00eb marr\u00eb jet\u00ebn e njer\u00ebzve t\u00eb pafajsh\u00ebm dhe p\u00ebr t\u00eb refuzuar sh\u00ebnjestrimin e civil\u00ebve n\u00eb \u00e7far\u00ebdo m\u00ebnyre ose sh\u00ebnjestrimin e infrastruktur\u00ebs dhe interesave jetike q\u00eb prekin jet\u00ebn e tyre t\u00eb p\u00ebrditshme ose zhvendosjen e detyruar&#8221;.<\/em><\/span><\/p>\n<p><span style=\"color: #000000;\">Ai gjithashtu theksoi <em>&#8220;nevojen p\u00ebr qet\u00ebsi, ndalimin e p\u00ebrshkall\u00ebzimit dhe parandalimin e p\u00ebrkeq\u00ebsimit t\u00eb situat\u00ebs, duke ndikuar n\u00eb sigurin\u00eb dhe stabilitetin e rajonit&#8221;.<\/em><\/span><\/p>\n<p><span style=\"color: #000000;\">Princi i kuror\u00ebs saudit b\u00ebri thirrje gjithashtu p\u00ebr heqjen e rrethimit t\u00eb Gaz\u00ebs dhe respektimin e ligjit nd\u00ebrkomb\u00ebtar humanitar, si dhe lejimin e hyrjes s\u00eb ndihm\u00ebs n\u00eb enklav\u00eb.<\/span><\/p>\n<p><span style=\"color: #000000;\">Gjat\u00eb bised\u00ebs, Biden fal\u00ebnderoi bin Salmanin p\u00ebr \u201c<em>p\u00ebrpjekjet e tij p\u00ebr t\u00eb ulur ritmin e p\u00ebrshkall\u00ebzimit dhe p\u00ebr t\u00eb parandaluar zgjerimin e tij n\u00eb rajon\u201d.<\/em><\/span><\/p>\n<p><span style=\"color: #000000;\">Izraeli nisi nj\u00eb fushat\u00eb t\u00eb pam\u00ebshirshme bombardimi n\u00eb Gaza pas nj\u00eb sulmi t\u00eb befasish\u00ebm nga grupi palestinez Hamas m\u00eb 7 tetor, duke i v\u00ebn\u00eb banor\u00ebt e enklav\u00ebs n\u00ebn nj\u00eb rrethim total dhe nj\u00eb bllokad\u00eb t\u00eb ushqimit, karburantit dhe furnizimeve mjek\u00ebsore.<\/span><\/p>\n<p><span style=\"color: #000000;\">Gati 7,200 njer\u00ebz jan\u00eb vrar\u00eb n\u00eb konflikt, duke p\u00ebrfshir\u00eb t\u00eb pakt\u00ebn 5,791 palestinez\u00eb dhe 1,400 izraelit\u00eb.<\/span><\/p>\n","protected":false,"gt_translate_keys":[{"key":"rendered","format":"html"}]},"excerpt":{"rendered":"<p>&nbsp; Princi i kuror\u00ebs saudit Mohammed bin Salman theksoi t\u00eb mart\u00ebn domosdoshm\u00ebrin\u00eb e ndalimit t\u00eb p\u00ebrshkall\u00ebzimit ushtarak midis forcave izraelite dhe palestineze n\u00eb Rripin e Gaz\u00ebs, duke pohuar se ai nuk pranon \u00e7do zhvendosje t\u00eb detyruar t\u00eb palestinez\u00ebve. Deklaratat e tij erdh\u00ebn gjat\u00eb nj\u00eb telefonate q\u00eb ai mori nga presidenti amerikan Joe Biden, sipas agjencis\u00eb [&hellip;]<\/p>\n","protected":false,"gt_translate_keys":[{"key":"rendered","format":"html"}]},"author":30,"featured_media":626256,"comment_status":"closed","ping_status":"closed","sticky":false,"template":"","format":"standard","meta":{"footnotes":""},"categories":[6],"tags":[],"class_list":["post-626255","post","type-post","status-publish","format-standard","has-post-thumbnail","hentry","category-nderkombetare"],"gt_translate_keys":[{"key":"link","format":"url"}],"_links":{"self":[{"href":"https:\/\/www.hashtag.al\/index.php\/wp-json\/wp\/v2\/posts\/626255","targetHints":{"allow":["GET"]}}],"collection":[{"href":"https:\/\/www.hashtag.al\/index.php\/wp-json\/wp\/v2\/posts"}],"about":[{"href":"https:\/\/www.hashtag.al\/index.php\/wp-json\/wp\/v2\/types\/post"}],"author":[{"embeddable":true,"href":"https:\/\/www.hashtag.al\/index.php\/wp-json\/wp\/v2\/users\/30"}],"replies":[{"embeddable":true,"href":"https:\/\/www.hashtag.al\/index.php\/wp-json\/wp\/v2\/comments?post=626255"}],"version-history":[{"count":0,"href":"https:\/\/www.hashtag.al\/index.php\/wp-json\/wp\/v2\/posts\/626255\/revisions"}],"wp:featuredmedia":[{"embeddable":true,"href":"https:\/\/www.hashtag.al\/index.php\/wp-json\/wp\/v2\/media\/626256"}],"wp:attachment":[{"href":"https:\/\/www.hashtag.al\/index.php\/wp-json\/wp\/v2\/media?parent=626255"}],"wp:term":[{"taxonomy":"category","embeddable":true,"href":"https:\/\/www.hashtag.al\/index.php\/wp-json\/wp\/v2\/categories?post=626255"},{"taxonomy":"post_tag","embeddable":true,"href":"https:\/\/www.hashtag.al\/index.php\/wp-json\/wp\/v2\/tags?post=626255"}],"curies":[{"name":"wp","href":"https:\/\/api.w.org\/{rel}","templated":true}]}}