{"id":626249,"date":"2023-10-25T08:57:39","date_gmt":"2023-10-25T06:57:39","guid":{"rendered":"https:\/\/www.hashtag.al\/?p=626249"},"modified":"2023-10-25T08:57:39","modified_gmt":"2023-10-25T06:57:39","slug":"bolino-ju-shpjegoj-si-berisha-firmosi-vkm-7-mujore-per-dhendrin-e-tij","status":"publish","type":"post","link":"https:\/\/www.hashtag.al\/index.php\/2023\/10\/25\/bolino-ju-shpjegoj-si-berisha-firmosi-vkm-7-mujore-per-dhendrin-e-tij\/","title":{"rendered":"Bolino: Ju shpjegoj si Berisha firmosi VKM 7-mujore p\u00ebr dh\u00ebndrin e tij","gt_translate_keys":[{"key":"rendered","format":"text"}]},"content":{"rendered":"<p><span style=\"color: #000000;\"><strong><a style=\"color: #000000;\" href=\"https:\/\/www.hashtag.al\/wp-content\/uploads\/2023\/10\/carl.png\"><img loading=\"lazy\" decoding=\"async\" class=\"aligncenter size-full wp-image-626250\" src=\"https:\/\/www.hashtag.al\/wp-content\/uploads\/2023\/10\/carl.png\" alt=\"\" width=\"768\" height=\"376\" srcset=\"https:\/\/www.hashtag.al\/wp-content\/uploads\/2023\/10\/carl.png 768w, https:\/\/www.hashtag.al\/wp-content\/uploads\/2023\/10\/carl-300x147.png 300w\" sizes=\"auto, (max-width: 768px) 100vw, 768px\" \/><\/a><\/strong><\/span><\/p>\n<p><span style=\"color: #000000;\"><strong>Nga Carlo Bollino<\/strong><\/span><\/p>\n<p><span style=\"color: #000000;\">Ish-kryeministri po b\u00ebn \u00e7do p\u00ebrpjekje p\u00ebr t\u00eb shmangur ballafaqimin me SPAK. E ka m\u00eb komode t\u2019u p\u00ebrgjigjet pyetjeve t\u00eb gazetar\u00ebve q\u00eb nuk e njohin dosjen.<\/span><\/p>\n<p><span style=\"color: #000000;\">Si\u00e7 ka vepruar gjithmon\u00eb n\u00eb 32 vite, edhe k\u00ebt\u00eb her\u00eb Sali Berisha po p\u00ebrpiqet t\u2019i shp\u00ebtoj\u00eb p\u00ebrgjegj\u00ebsive t\u00eb tij duke refuzuar t\u00eb paraqitet para gjykat\u00ebsve, sikur drejt\u00ebsia p\u00ebr t\u00eb t\u00eb jet\u00eb nj\u00eb opsion vullnetar. I v\u00ebn\u00eb n\u00ebn akuz\u00eb p\u00ebr korrupsion pasiv, me dyshimin e favorizimit t\u00eb dh\u00ebndrrit t\u00eb tij Jamarb\u00ebr Malltezi n\u00eb procesin e privatizimit t\u00eb kompleksit Partizani kur ishte kryeminist\u00ebr, Berisha refuzoi sot t\u00eb paraqitet para SPAK-ut duke pretenduar se vendimi ndaj tij \u00ebsht\u00eb antikushtetues.<\/span><\/p>\n<p><span style=\"color: #000000;\">Madje, b\u00ebri edhe nj\u00eb shantazh ndaj gjykat\u00ebses duke vendosur nj\u00eb kusht: Ju hiqni detyrim paraqitjen p\u00ebr mua dhe un\u00eb do t\u00eb pranoj t\u00eb paraqitem para jush. Pastaj, me nj\u00eb veprim t\u00eb d\u00ebshp\u00ebruar, paralajm\u00ebroi padi gjykat\u00ebses p\u00ebr vendimin q\u00eb ka marr\u00eb ndaj tij, thjesht\u00eb p\u00ebr t\u00eb provuar t\u00eb shmang\u00eb ballafaqimin.<\/span><\/p>\n<p><span style=\"color: #000000;\">N\u00eb fakt, arsyeja p\u00ebr t\u00eb cil\u00ebn iu fshihet hetuesve, \u00ebsht\u00eb se Berisha po p\u00ebrdor imunitetin parlamentar jo per ndonj\u00eb arsye parimore, po thjesht sepse e gjykon me komode t\u00eb mbrohet para telekamerave e duke iu p\u00ebrgjigjur gazetar\u00ebve t\u00eb rinj q\u00eb nuk i njohin letrat e procesit dhe t\u00eb cil\u00ebve (n\u00eb ndryshim nga gjykat\u00ebs dhe prokuror\u00eb q\u00eb n\u00eb fakt i njohin shum\u00eb mir\u00eb) mund t\u2019i g\u00ebnjej\u00eb me leht\u00ebsi.<\/span><\/p>\n<p><span style=\"color: #000000;\">Mes g\u00ebnjeshtrave q\u00eb po p\u00ebrs\u00ebrit non-stop, n\u00eb maraton\u00ebn e tij televizive q\u00eb ka nisur q\u00eb t\u00eb shtun\u00ebn n\u00eb mbr\u00ebmje, sot Sali Berisha u p\u00ebrq\u00ebndrua n\u00eb nj\u00eb nga provat e paraqitura nga SPAK kund\u00ebr tij: Pra q\u00eb ka votuar me 17.12.2008 VKM-n\u00eb 1638 me t\u00eb cil\u00ebn lejonte 64 ish-pronar\u00ebt e klubit Partizani, mes t\u00eb cil\u00ebve dhe bashk\u00ebshorti i vajz\u00ebs s\u00eb tij, Jamarb\u00ebr Malltezi, t\u00eb paguajn\u00eb 80% t\u00eb shum\u00ebs s\u00eb fiksuar p\u00ebr privatizimin me bono privatizimi dhe jo me lek\u00eb.<\/span><\/p>\n<p><span style=\"color: #000000;\">Me at\u00eb vendim Berisha i kurseu atij grupi pronar\u00ebsh rreth 8 milion\u00eb lek\u00eb t\u00eb reja, q\u00eb\u00a0 Berish\u00ebs i duken aq pak sa e b\u00ebjn\u00eb qesharake akuz\u00ebn. P\u00ebr hir t\u00eb s\u00eb v\u00ebrtet\u00ebs shum\u00ebn e kurseu Fatmir Bektashi, nj\u00eb nga pronar\u00ebt, cili duke qen\u00eb dhe investitor mori p\u00ebrsip\u00ebr t\u00eb mbulonte kostot e privatizimit n\u00eb vend t\u00eb ish-pronar\u00ebve t\u00eb tjer\u00eb. N\u00eb k\u00ebmbim t\u00eb k\u00ebsaj dhe t\u00eb favoreve t\u00eb tjera t\u00eb marra nga kryeministri Sali Berisha n\u00eb gjith\u00eb procedur\u00ebn e privatizimit, sipas SPAK-ut, Bektashi shp\u00ebrbleu Jamarb\u00ebr Malltezin duke i kaluar 5.4 milion\u00eb euro.<\/span><\/p>\n<p><span style=\"color: #000000;\">Por le t\u00eb kthehemi tek historia e pages\u00ebs me bono privatizimi dhe tek g\u00ebnjeshtra e Berish\u00ebs. Berisha sot e p\u00ebrs\u00ebriti deri edhe me nj\u00eb komunikat\u00eb zyrtare t\u00eb shp\u00ebrndar\u00eb nga \u201cRithemelimi\u201d, se ai vendim nuk ishte votuar p\u00ebr t\u00eb favorizuar 64 pronar\u00ebt q\u00eb duhej t\u00eb privatizonin Klubin Partizani dhe as dh\u00ebndrrin e tij, por p\u00ebr t\u00eb ndihmuar mij\u00ebra ish-pronar\u00eb t\u00eb tjer\u00eb. Dometh\u00ebn\u00eb nuk ishte nj\u00eb xhest korruptiv, por pjes\u00eb e reform\u00ebs s\u00eb tij n\u00eb favor t\u00eb ish-pronar\u00ebve.<\/span><\/p>\n<p><span style=\"color: #000000;\">Edhe k\u00ebt\u00eb her\u00eb Berisha g\u00ebnjen. \u00c7ka ai nuk thot\u00eb (dhe asnj\u00eb gazetar nuk ja ka kontestuar) \u00ebsht\u00eb se vet\u00ebm pas shtat\u00eb muajve nga ai vendim, kryeministri Berisha firmos nj\u00eb VKM t\u00eb dyt\u00eb (nr.738 dt.1.07.2009) me t\u00eb cil\u00ebn e heq mund\u00ebsin\u00eb e pages\u00ebs me bono privatizimi dhe rivendos n\u00eb ngarkim t\u00eb ish-pronar\u00ebve t\u00eb paguajn\u00eb vet\u00ebm me lek\u00eb.<\/span><\/p>\n<p><span style=\"color: #000000;\">Natyrisht, n\u00eb k\u00ebto shtat\u00eb muaj Jamarbri bashk\u00eb me gjith\u00eb grupin e ish-pronar\u00ebve t\u00eb Klubit Partizani p\u00ebrfituan nga vendimi i par\u00eb i Berish\u00ebs-vjeh\u00ebrr dhe n\u00eb k\u00ebt\u00eb m\u00ebnyr\u00eb n\u00eb vend t\u00eb 8 milion\u00eb lek\u00ebve (t\u00eb reja) derdh\u00ebn vet\u00ebm bono privatizimi t\u00eb blera n\u00eb treg p\u00ebr m\u00eb pak se 300 mij\u00eb lek\u00eb. Ideatori i k\u00ebsaj manovre ishte minsitri i Ekonomis\u00eb Genc Ruli, servilizmin e t\u00eb cilit Berisha e kishte p\u00ebrg\u00ebzuar edhe gjat\u00eb nj\u00eb mbledhje t\u00eb K\u00ebshillit t\u00eb Ministrave, duke e konsideruar iden\u00eb si nj\u00eb \u201crisi\u201d q\u00eb vet\u00ebm shtat\u00eb muaj m\u00eb pas e anuloi.<\/span><\/p>\n<p><span style=\"color: #000000;\">Kjo \u00ebsht\u00eb prova q\u00eb v\u00ebrteton se SPAK ka t\u00eb drejt\u00eb kur e akuzon Berish\u00ebn se votoi at\u00eb VKM (bashk\u00eb me shum\u00eb VKM t\u00eb tjera, urdh\u00ebra, em\u00ebrime, presione dhe ndryshime ligjore) vet\u00ebm p\u00ebr t\u00eb favorizuar dh\u00ebndrrin, duke e ditur mir\u00eb se ato 8 milion\u00eb lek\u00eb t\u00eb reja t\u00eb dhuruara Fatmir Bektashit (e t\u00eb hequra nga arka e Shtetit) do t\u2019i shijonin m\u00eb pas dh\u00ebndrri i tij dhe vajza Argita.<\/span><\/p>\n<p><span style=\"color: #000000;\">Familja Berisha, n\u00eb gjith\u00eb historin\u00eb korruptive t\u00eb saj (dhe deri m\u00eb sot e pand\u00ebshkuar) ka treguar q\u00eb \u00ebsht\u00eb e pangopur, prandaj edhe p\u00ebr 8 milion\u00eb lek\u00eb ja vlen t\u00eb kompromentosh. Madje, as ato 5.4 milion\u00eb euro t\u00eb fituara nga Jamarber Malltezi dhe t\u00eb faktuar nga SPAK (t\u00eb pakt\u00ebn deri tani), duket q\u00eb p\u00ebr Berish\u00ebn ishin pak: \u201c<em>Ky djalosh me 113 met\u00ebr katror doli me 5.2 milion\u00eb euro \u2013 deklaroi sot duke iu referuar dh\u00ebndrrit n\u00eb burg \u2013\u00a0 nj\u00eb djalosh tjet\u00ebr mund t\u00eb kishte edhe 20% m\u00eb shum\u00eb\u201d.<\/em><\/span><\/p>\n","protected":false,"gt_translate_keys":[{"key":"rendered","format":"html"}]},"excerpt":{"rendered":"<p>Nga Carlo Bollino Ish-kryeministri po b\u00ebn \u00e7do p\u00ebrpjekje p\u00ebr t\u00eb shmangur ballafaqimin me SPAK. E ka m\u00eb komode t\u2019u p\u00ebrgjigjet pyetjeve t\u00eb gazetar\u00ebve q\u00eb nuk e njohin dosjen. Si\u00e7 ka vepruar gjithmon\u00eb n\u00eb 32 vite, edhe k\u00ebt\u00eb her\u00eb Sali Berisha po p\u00ebrpiqet t\u2019i shp\u00ebtoj\u00eb p\u00ebrgjegj\u00ebsive t\u00eb tij duke refuzuar t\u00eb paraqitet para gjykat\u00ebsve, sikur drejt\u00ebsia [&hellip;]<\/p>\n","protected":false,"gt_translate_keys":[{"key":"rendered","format":"html"}]},"author":30,"featured_media":626250,"comment_status":"closed","ping_status":"closed","sticky":false,"template":"","format":"standard","meta":{"footnotes":""},"categories":[22],"tags":[],"class_list":["post-626249","post","type-post","status-publish","format-standard","has-post-thumbnail","hentry","category-ballina"],"gt_translate_keys":[{"key":"link","format":"url"}],"_links":{"self":[{"href":"https:\/\/www.hashtag.al\/index.php\/wp-json\/wp\/v2\/posts\/626249","targetHints":{"allow":["GET"]}}],"collection":[{"href":"https:\/\/www.hashtag.al\/index.php\/wp-json\/wp\/v2\/posts"}],"about":[{"href":"https:\/\/www.hashtag.al\/index.php\/wp-json\/wp\/v2\/types\/post"}],"author":[{"embeddable":true,"href":"https:\/\/www.hashtag.al\/index.php\/wp-json\/wp\/v2\/users\/30"}],"replies":[{"embeddable":true,"href":"https:\/\/www.hashtag.al\/index.php\/wp-json\/wp\/v2\/comments?post=626249"}],"version-history":[{"count":0,"href":"https:\/\/www.hashtag.al\/index.php\/wp-json\/wp\/v2\/posts\/626249\/revisions"}],"wp:featuredmedia":[{"embeddable":true,"href":"https:\/\/www.hashtag.al\/index.php\/wp-json\/wp\/v2\/media\/626250"}],"wp:attachment":[{"href":"https:\/\/www.hashtag.al\/index.php\/wp-json\/wp\/v2\/media?parent=626249"}],"wp:term":[{"taxonomy":"category","embeddable":true,"href":"https:\/\/www.hashtag.al\/index.php\/wp-json\/wp\/v2\/categories?post=626249"},{"taxonomy":"post_tag","embeddable":true,"href":"https:\/\/www.hashtag.al\/index.php\/wp-json\/wp\/v2\/tags?post=626249"}],"curies":[{"name":"wp","href":"https:\/\/api.w.org\/{rel}","templated":true}]}}